{"id":44048,"date":"2022-08-24T00:18:11","date_gmt":"2022-08-24T00:18:11","guid":{"rendered":"http:\/\/elterritorialweb.com.ar\/web\/?p=44048"},"modified":"2022-08-24T00:18:13","modified_gmt":"2022-08-24T00:18:13","slug":"cursos-de-idiomas-para-estudiantes-con-becas-progresar-y-manuel-belgrano","status":"publish","type":"post","link":"https:\/\/elterritorialweb.com.ar\/web\/cursos-de-idiomas-para-estudiantes-con-becas-progresar-y-manuel-belgrano\/","title":{"rendered":"CURSOS DE IDIOMAS PARA ESTUDIANTES CON BECAS PROGRESAR Y MANUEL BELGRANO"},"content":{"rendered":"\n<p>La vicerrectora de la UNSE, Marcela Ju\u00e1rez, anunci\u00f3 la apertura de las inscripciones para estudiantes que hayan accedido a las Becas Progresar o Manuel Belgrano, que deseen realizar el Programa de Formaci\u00f3n y Certificaci\u00f3n en Lenguas Extranjeras.<br>Impulsadas por el Ministerio de Educaci\u00f3n de la Naci\u00f3n, un grupo de universidades nacionales, entre ellas la UNSE, ser\u00e1n las responsables del dictado de las capacitaciones.<br>Los cursos de idiomas se desarrollar\u00e1n en modalidad virtual, durante cuatro meses y en diferentes niveles: inicial, intermedio y avanzado.<br>Los idiomas en los que podr\u00e1n formarse son ingl\u00e9s, italiano, portugu\u00e9s, franc\u00e9s, alem\u00e1n y chino mandar\u00edn.<br>Para quienes finalicen los cursos se prev\u00e9 un pago adicional junto con la beca de $1.500.<br>Las inscripciones ya est\u00e1n abiertas en la plataforma www.argentina.gob.ar.<\/p>\n","protected":false},"excerpt":{"rendered":"<p>Los estudiantes con Becas Progresar o Becas Estrat\u00e9gicas Manuel Belgrano podr\u00e1n acceder a cursos de idiomas. <\/p>\n","protected":false},"author":2,"featured_media":44049,"comment_status":"open","ping_status":"open","sticky":false,"template":"","format":"standard","meta":{"om_disable_all_campaigns":false,"_monsterinsights_skip_tracking":false,"_monsterinsights_sitenote_active":false,"_monsterinsights_sitenote_note":"","_monsterinsights_sitenote_category":0,"_uf_show_specific_survey":0,"_uf_disable_surveys":false,"jetpack_post_was_ever_published":false,"_jetpack_newsletter_access":"","_jetpack_dont_email_post_to_subs":false,"_jetpack_newsletter_tier_id":0,"_jetpack_memberships_contains_paywalled_content":false,"_jetpack_memberships_contains_paid_content":false,"footnotes":"","jetpack_publicize_message":"","jetpack_publicize_feature_enabled":true,"jetpack_social_post_already_shared":false,"jetpack_social_options":{"image_generator_settings":{"template":"highway","default_image_id":0,"font":"","enabled":false},"version":2}},"categories":[19],"tags":[],"class_list":["post-44048","post","type-post","status-publish","format-standard","has-post-thumbnail","hentry","category-educacion"],"aioseo_notices":[],"views":20,"jetpack_publicize_connections":[],"jetpack_featured_media_url":"https:\/\/i0.wp.com\/elterritorialweb.com.ar\/web\/wp-content\/uploads\/2022\/08\/WhatsApp-Image-2022-08-23-at-4.58.49-PM.jpeg?fit=1280%2C853&ssl=1","jetpack_sharing_enabled":true,"_links":{"self":[{"href":"https:\/\/elterritorialweb.com.ar\/web\/wp-json\/wp\/v2\/posts\/44048","targetHints":{"allow":["GET"]}}],"collection":[{"href":"https:\/\/elterritorialweb.com.ar\/web\/wp-json\/wp\/v2\/posts"}],"about":[{"href":"https:\/\/elterritorialweb.com.ar\/web\/wp-json\/wp\/v2\/types\/post"}],"author":[{"embeddable":true,"href":"https:\/\/elterritorialweb.com.ar\/web\/wp-json\/wp\/v2\/users\/2"}],"replies":[{"embeddable":true,"href":"https:\/\/elterritorialweb.com.ar\/web\/wp-json\/wp\/v2\/comments?post=44048"}],"version-history":[{"count":1,"href":"https:\/\/elterritorialweb.com.ar\/web\/wp-json\/wp\/v2\/posts\/44048\/revisions"}],"predecessor-version":[{"id":44050,"href":"https:\/\/elterritorialweb.com.ar\/web\/wp-json\/wp\/v2\/posts\/44048\/revisions\/44050"}],"wp:featuredmedia":[{"embeddable":true,"href":"https:\/\/elterritorialweb.com.ar\/web\/wp-json\/wp\/v2\/media\/44049"}],"wp:attachment":[{"href":"https:\/\/elterritorialweb.com.ar\/web\/wp-json\/wp\/v2\/media?parent=44048"}],"wp:term":[{"taxonomy":"category","embeddable":true,"href":"https:\/\/elterritorialweb.com.ar\/web\/wp-json\/wp\/v2\/categories?post=44048"},{"taxonomy":"post_tag","embeddable":true,"href":"https:\/\/elterritorialweb.com.ar\/web\/wp-json\/wp\/v2\/tags?post=44048"}],"curies":[{"name":"wp","href":"https:\/\/api.w.org\/{rel}","templated":true}]}}