{"id":44408,"date":"2022-09-02T03:56:11","date_gmt":"2022-09-02T03:56:11","guid":{"rendered":"http:\/\/elterritorialweb.com.ar\/web\/?p=44408"},"modified":"2022-09-02T03:56:11","modified_gmt":"2022-09-02T03:56:11","slug":"macri-repudio-el-ataque-que-sufrio-cristina-kirchner","status":"publish","type":"post","link":"https:\/\/elterritorialweb.com.ar\/web\/macri-repudio-el-ataque-que-sufrio-cristina-kirchner\/","title":{"rendered":"MACRI REPUDI\u00d3 EL ATAQUE QUE SUFRI\u00d3 CRISTINA KIRCHNER"},"content":{"rendered":"\n<p class=\"wp-block-paragraph\">El ex presidente\u00a0<strong>Mauricio Macri repudi\u00f3 el\u00a0<a href=\"http:\/\/elterritorialweb.com.ar\/web\/vigilia-en-recoleta-intentaron-matar-a-cristina-kirchner\/\" data-type=\"URL\" data-id=\"http:\/\/elterritorialweb.com.ar\/web\/vigilia-en-recoleta-intentaron-matar-a-cristina-kirchner\/\">intento de asesinato a la vicepresidenta Cristina Kirchner\u00a0<\/a><\/strong>que ocurri\u00f3 este jueves a la noche.<\/p>\n\n\n\n<p class=\"wp-block-paragraph\"><strong>\u00abMi repudio absoluto al ataque sufrido por Cristina Kirchner que afortunadamente no ha tenido consecuencias para la vicepresidenta\u00bb,<\/strong>\u00a0expres\u00f3 el ex mandatario en sus redes sociales.<\/p>\n\n\n\n<p class=\"wp-block-paragraph\">Y complet\u00f3: \u00abEste grav\u00edsimo hecho exige un inmediato y profundo esclarecimiento por parte de la justicia y las fuerzas de seguridad\u00bb.<\/p>\n\n\n\n<figure class=\"wp-block-embed is-type-rich is-provider-twitter wp-block-embed-twitter\"><div class=\"wp-block-embed__wrapper\">\n<blockquote class=\"twitter-tweet\" data-width=\"550\" data-dnt=\"true\"><p lang=\"es\" dir=\"ltr\">Mi repudio absoluto al ataque sufrido por Cristina Kirchner que afortunadamente no ha tenido consecuencias para la vicepresidenta. Este grav\u00edsimo hecho exige un inmediato y profundo esclarecimiento por parte de la justicia y las fuerzas de seguridad.<\/p>&mdash; Mauricio Macri (@mauriciomacri) <a href=\"https:\/\/twitter.com\/mauriciomacri\/status\/1565515871166107649?ref_src=twsrc%5Etfw\">September 2, 2022<\/a><\/blockquote><script async src=\"https:\/\/platform.twitter.com\/widgets.js\" charset=\"utf-8\"><\/script>\n<\/div><\/figure>\n\n\n\n<p class=\"wp-block-paragraph\">El repudio del ex mandatario\u00a0se suma a los de otros dirigentes de la oposici\u00f3n\u00a0que condenaron en sus redes sociales el intento de asesinato.<\/p>\n","protected":false},"excerpt":{"rendered":"<p>El ex presidente conden\u00f3 el ataque hacia la vicepresidenta que ocurri\u00f3 este jueves cuando un hombre intent\u00f3 dispararle.<\/p>\n","protected":false},"author":2,"featured_media":44409,"comment_status":"open","ping_status":"open","sticky":false,"template":"","format":"standard","meta":{"om_disable_all_campaigns":false,"_monsterinsights_skip_tracking":false,"_uf_show_specific_survey":0,"_uf_disable_surveys":false,"_jetpack_newsletter_access":"","_jetpack_dont_email_post_to_subs":false,"_jetpack_newsletter_tier_id":0,"_jetpack_memberships_contains_paywalled_content":false,"_jetpack_feature_clip_id":0,"_jetpack_memberships_contains_paid_content":false,"footnotes":"","jetpack_publicize_message":"","jetpack_publicize_feature_enabled":true,"jetpack_social_post_already_shared":false,"jetpack_social_options":{"image_generator_settings":{"template":"highway","default_image_id":0,"font":"","enabled":false},"version":2},"jetpack_post_was_ever_published":false},"categories":[18],"tags":[],"class_list":["post-44408","post","type-post","status-publish","format-standard","has-post-thumbnail","hentry","category-politica"],"aioseo_notices":[],"views":8,"jetpack_publicize_connections":[],"jetpack_sharing_enabled":true,"jetpack_featured_media_url":"https:\/\/i0.wp.com\/elterritorialweb.com.ar\/web\/wp-content\/uploads\/2022\/09\/mauricio-macri.jpg?fit=275%2C183&ssl=1","_links":{"self":[{"href":"https:\/\/elterritorialweb.com.ar\/web\/wp-json\/wp\/v2\/posts\/44408","targetHints":{"allow":["GET"]}}],"collection":[{"href":"https:\/\/elterritorialweb.com.ar\/web\/wp-json\/wp\/v2\/posts"}],"about":[{"href":"https:\/\/elterritorialweb.com.ar\/web\/wp-json\/wp\/v2\/types\/post"}],"author":[{"embeddable":true,"href":"https:\/\/elterritorialweb.com.ar\/web\/wp-json\/wp\/v2\/users\/2"}],"replies":[{"embeddable":true,"href":"https:\/\/elterritorialweb.com.ar\/web\/wp-json\/wp\/v2\/comments?post=44408"}],"version-history":[{"count":1,"href":"https:\/\/elterritorialweb.com.ar\/web\/wp-json\/wp\/v2\/posts\/44408\/revisions"}],"predecessor-version":[{"id":44410,"href":"https:\/\/elterritorialweb.com.ar\/web\/wp-json\/wp\/v2\/posts\/44408\/revisions\/44410"}],"wp:featuredmedia":[{"embeddable":true,"href":"https:\/\/elterritorialweb.com.ar\/web\/wp-json\/wp\/v2\/media\/44409"}],"wp:attachment":[{"href":"https:\/\/elterritorialweb.com.ar\/web\/wp-json\/wp\/v2\/media?parent=44408"}],"wp:term":[{"taxonomy":"category","embeddable":true,"href":"https:\/\/elterritorialweb.com.ar\/web\/wp-json\/wp\/v2\/categories?post=44408"},{"taxonomy":"post_tag","embeddable":true,"href":"https:\/\/elterritorialweb.com.ar\/web\/wp-json\/wp\/v2\/tags?post=44408"}],"curies":[{"name":"wp","href":"https:\/\/api.w.org\/{rel}","templated":true}]}}