{"id":45428,"date":"2022-10-04T19:26:20","date_gmt":"2022-10-04T19:26:20","guid":{"rendered":"http:\/\/elterritorialweb.com.ar\/web\/?p=45428"},"modified":"2022-10-04T19:26:21","modified_gmt":"2022-10-04T19:26:21","slug":"nediani-encabezo-una-nueva-entrega-de-anteojos-del-programa-nacional-mirarnos","status":"publish","type":"post","link":"https:\/\/elterritorialweb.com.ar\/web\/nediani-encabezo-una-nueva-entrega-de-anteojos-del-programa-nacional-mirarnos\/","title":{"rendered":"NEDIANI ENCABEZ\u00d3 UNA NUEVA ENTREGA DE ANTEOJOS DEL PROGRAMA NACIONAL \u00abMIRARNOS\u00bb"},"content":{"rendered":"\n<p>Este programa es el resultado de una pol\u00edtica articulada entre el Ministerio de Desarrollo Social, a trav\u00e9s de la Secretar\u00eda de Abordaje Integral; y los Ministerio de Salud y Educaci\u00f3n de la Naci\u00f3n, quienes coordinan y articulan las acciones en todo el territorio nacional, junto a las autoridades municipales.<br>En la oportunidad, el jefe comunal estuvo acompa\u00f1ado por el director de Salud, Cesar Scabuzzo, la diputada provincial, Mariana Morales; el subsecretario de Gobierno, Diego Ju\u00e1rez, el director de Prevenci\u00f3n contra el uso indebido de drogas, Mat\u00edas Nediani<\/p>\n\n\n\n<figure class=\"wp-block-image size-large\"><a href=\"https:\/\/i0.wp.com\/elterritorialweb.com.ar\/web\/wp-content\/uploads\/2022\/10\/WhatsApp-Image-2022-10-04-at-14.39.22.jpeg\"><img data-recalc-dims=\"1\" decoding=\"async\" width=\"640\" height=\"423\" data-src=\"https:\/\/i0.wp.com\/elterritorialweb.com.ar\/web\/wp-content\/uploads\/2022\/10\/WhatsApp-Image-2022-10-04-at-14.39.22.jpeg?resize=640%2C423\" alt=\"\" class=\"wp-image-45431 lazyload\" data-srcset=\"https:\/\/i0.wp.com\/elterritorialweb.com.ar\/web\/wp-content\/uploads\/2022\/10\/WhatsApp-Image-2022-10-04-at-14.39.22.jpeg?resize=1024%2C677&amp;ssl=1 1024w, https:\/\/i0.wp.com\/elterritorialweb.com.ar\/web\/wp-content\/uploads\/2022\/10\/WhatsApp-Image-2022-10-04-at-14.39.22.jpeg?resize=300%2C198&amp;ssl=1 300w, https:\/\/i0.wp.com\/elterritorialweb.com.ar\/web\/wp-content\/uploads\/2022\/10\/WhatsApp-Image-2022-10-04-at-14.39.22.jpeg?resize=768%2C508&amp;ssl=1 768w, https:\/\/i0.wp.com\/elterritorialweb.com.ar\/web\/wp-content\/uploads\/2022\/10\/WhatsApp-Image-2022-10-04-at-14.39.22.jpeg?w=1380&amp;ssl=1 1380w, https:\/\/i0.wp.com\/elterritorialweb.com.ar\/web\/wp-content\/uploads\/2022\/10\/WhatsApp-Image-2022-10-04-at-14.39.22.jpeg?w=1280 1280w\" data-sizes=\"(max-width: 640px) 100vw, 640px\" src=\"data:image\/svg+xml;base64,PHN2ZyB3aWR0aD0iMSIgaGVpZ2h0PSIxIiB4bWxucz0iaHR0cDovL3d3dy53My5vcmcvMjAwMC9zdmciPjwvc3ZnPg==\" style=\"--smush-placeholder-width: 640px; --smush-placeholder-aspect-ratio: 640\/423;\" \/><\/a><\/figure>\n\n\n\n<p>Tuvo oportunidad de concretar las entregas y dialogar con los vecinos que resultaron beneficiarios.<br>En este sentido manifest\u00f3: \u201cEstamos muy agradecidos de que desde el gobierno nacional se tenga una mirada federal que beneficia a los sectores m\u00e1s vulnerables. Nosotros como municipio ponemos nuestro granito de arena funcionando como nexo, estando cerca de los vecinos\u201d.<br>Agreg\u00f3: \u201cY este es el logro m\u00e1s importante que venimos teniendo desde la gesti\u00f3n, de presentar un municipio de puertas abiertas, en donde se ha fortalecido el dialogo con el gobierno nacional, provincial y organizaciones intermedias en beneficio de todos los bande\u00f1os\u201d.<\/p>\n\n\n\n<figure class=\"wp-block-image size-large\"><a href=\"https:\/\/i0.wp.com\/elterritorialweb.com.ar\/web\/wp-content\/uploads\/2022\/10\/WhatsApp-Image-2022-10-04-at-14.39.22-1.jpeg\"><img data-recalc-dims=\"1\" decoding=\"async\" width=\"640\" height=\"423\" data-src=\"https:\/\/i0.wp.com\/elterritorialweb.com.ar\/web\/wp-content\/uploads\/2022\/10\/WhatsApp-Image-2022-10-04-at-14.39.22-1.jpeg?resize=640%2C423\" alt=\"\" class=\"wp-image-45430 lazyload\" data-srcset=\"https:\/\/i0.wp.com\/elterritorialweb.com.ar\/web\/wp-content\/uploads\/2022\/10\/WhatsApp-Image-2022-10-04-at-14.39.22-1.jpeg?resize=1024%2C677&amp;ssl=1 1024w, https:\/\/i0.wp.com\/elterritorialweb.com.ar\/web\/wp-content\/uploads\/2022\/10\/WhatsApp-Image-2022-10-04-at-14.39.22-1.jpeg?resize=300%2C198&amp;ssl=1 300w, https:\/\/i0.wp.com\/elterritorialweb.com.ar\/web\/wp-content\/uploads\/2022\/10\/WhatsApp-Image-2022-10-04-at-14.39.22-1.jpeg?resize=768%2C508&amp;ssl=1 768w, https:\/\/i0.wp.com\/elterritorialweb.com.ar\/web\/wp-content\/uploads\/2022\/10\/WhatsApp-Image-2022-10-04-at-14.39.22-1.jpeg?w=1380&amp;ssl=1 1380w, https:\/\/i0.wp.com\/elterritorialweb.com.ar\/web\/wp-content\/uploads\/2022\/10\/WhatsApp-Image-2022-10-04-at-14.39.22-1.jpeg?w=1280 1280w\" data-sizes=\"(max-width: 640px) 100vw, 640px\" src=\"data:image\/svg+xml;base64,PHN2ZyB3aWR0aD0iMSIgaGVpZ2h0PSIxIiB4bWxucz0iaHR0cDovL3d3dy53My5vcmcvMjAwMC9zdmciPjwvc3ZnPg==\" style=\"--smush-placeholder-width: 640px; --smush-placeholder-aspect-ratio: 640\/423;\" \/><\/a><\/figure>\n\n\n\n<p>Asimismo, el director Scabuzzo, indic\u00f3: \u201cSiguiendo con los lineamientos establecidos por el intendente Nediani, desde el \u00e1rea de Salud se viene trabajando coordinadamente con los diferentes programas nacionales y provinciales que ofrecen variados servicios sanitarios. En este momento se encuentra en ejecuci\u00f3n la campa\u00f1a de vacunaci\u00f3n Triple Viral y Polio en los jardines de infantes municipales, adem\u00e1s de que en el d\u00eda de ayer estuvimos acompa\u00f1ando el lanzamiento de actividades del tren sanitario \u00b4Ram\u00f3n Carrillo\u00b4 que estar\u00e1 instalado en el Patinodromo Municipal hasta el viernes 6\u201d.<\/p>\n","protected":false},"excerpt":{"rendered":"<p>En la ma\u00f1ana del martes, el intendente Roger Nediani encabez\u00f3 la entrega de la cuarta etapa del Programa Nacional \u201cMirarnos\u201d que ya ha beneficiado a m\u00e1s de mil bande\u00f1os con la entrega gratuita de anteojos de receta.<\/p>\n","protected":false},"author":2,"featured_media":45429,"comment_status":"open","ping_status":"open","sticky":false,"template":"","format":"standard","meta":{"om_disable_all_campaigns":false,"_monsterinsights_skip_tracking":false,"_monsterinsights_sitenote_active":false,"_monsterinsights_sitenote_note":"","_monsterinsights_sitenote_category":0,"_uf_show_specific_survey":0,"_uf_disable_surveys":false,"jetpack_post_was_ever_published":false,"_jetpack_newsletter_access":"","_jetpack_dont_email_post_to_subs":false,"_jetpack_newsletter_tier_id":0,"_jetpack_memberships_contains_paywalled_content":false,"_jetpack_memberships_contains_paid_content":false,"footnotes":"","jetpack_publicize_message":"","jetpack_publicize_feature_enabled":true,"jetpack_social_post_already_shared":false,"jetpack_social_options":{"image_generator_settings":{"template":"highway","default_image_id":0,"font":"","enabled":false},"version":2}},"categories":[21],"tags":[],"class_list":["post-45428","post","type-post","status-publish","format-standard","has-post-thumbnail","hentry","category-locales"],"aioseo_notices":[],"views":6,"jetpack_publicize_connections":[],"jetpack_featured_media_url":"https:\/\/i0.wp.com\/elterritorialweb.com.ar\/web\/wp-content\/uploads\/2022\/10\/WhatsApp-Image-2022-10-04-at-14.39.18.jpeg?fit=1380%2C912&ssl=1","jetpack_sharing_enabled":true,"_links":{"self":[{"href":"https:\/\/elterritorialweb.com.ar\/web\/wp-json\/wp\/v2\/posts\/45428","targetHints":{"allow":["GET"]}}],"collection":[{"href":"https:\/\/elterritorialweb.com.ar\/web\/wp-json\/wp\/v2\/posts"}],"about":[{"href":"https:\/\/elterritorialweb.com.ar\/web\/wp-json\/wp\/v2\/types\/post"}],"author":[{"embeddable":true,"href":"https:\/\/elterritorialweb.com.ar\/web\/wp-json\/wp\/v2\/users\/2"}],"replies":[{"embeddable":true,"href":"https:\/\/elterritorialweb.com.ar\/web\/wp-json\/wp\/v2\/comments?post=45428"}],"version-history":[{"count":1,"href":"https:\/\/elterritorialweb.com.ar\/web\/wp-json\/wp\/v2\/posts\/45428\/revisions"}],"predecessor-version":[{"id":45432,"href":"https:\/\/elterritorialweb.com.ar\/web\/wp-json\/wp\/v2\/posts\/45428\/revisions\/45432"}],"wp:featuredmedia":[{"embeddable":true,"href":"https:\/\/elterritorialweb.com.ar\/web\/wp-json\/wp\/v2\/media\/45429"}],"wp:attachment":[{"href":"https:\/\/elterritorialweb.com.ar\/web\/wp-json\/wp\/v2\/media?parent=45428"}],"wp:term":[{"taxonomy":"category","embeddable":true,"href":"https:\/\/elterritorialweb.com.ar\/web\/wp-json\/wp\/v2\/categories?post=45428"},{"taxonomy":"post_tag","embeddable":true,"href":"https:\/\/elterritorialweb.com.ar\/web\/wp-json\/wp\/v2\/tags?post=45428"}],"curies":[{"name":"wp","href":"https:\/\/api.w.org\/{rel}","templated":true}]}}