{"id":45433,"date":"2022-10-04T22:45:47","date_gmt":"2022-10-04T22:45:47","guid":{"rendered":"http:\/\/elterritorialweb.com.ar\/web\/?p=45433"},"modified":"2022-10-04T22:45:47","modified_gmt":"2022-10-04T22:45:47","slug":"fiscalia-de-estado-realizo-nuevos-operativos-en-copo","status":"publish","type":"post","link":"https:\/\/elterritorialweb.com.ar\/web\/fiscalia-de-estado-realizo-nuevos-operativos-en-copo\/","title":{"rendered":"FISCAL\u00cdA DE ESTADO REALIZ\u00d3 NUEVOS OPERATIVOS EN COPO"},"content":{"rendered":"\n<p>En esta oportunidad, se procedi\u00f3 al secuestro, decomiso, restituci\u00f3n de inmuebles y detenci\u00f3n de sujetos que se encontraban incumpliendo las normas dictaminadas por el C\u00f3digo Civil y las leyes ambientales.<\/p>\n\n\n\n<p>El fiscal de Estado, Dr. Ra\u00fal Abate, estuvo al frente del operativo, junto al subjefe de Polic\u00eda de la provincia, comisario general Daniel Humberto Loto, acompa\u00f1ados por la directora de Tierras, Bosques y Medio Ambiente de la Fiscal\u00eda, Dra. Andrea Olmedo, en un trabajo conjunto con la Direcci\u00f3n General de Rentas, Aviaci\u00f3n Civil, el Ministerio Publico a trav\u00e9s de los fiscales Gabriel G\u00f3mez y Santiago Bridoux, y las direcciones de Tierras de la provincia, Prensa y Vialidad, Escriban\u00eda de Gobierno, y oficiales de Justicia del Poder Judicial.<\/p>\n\n\n\n<figure class=\"wp-block-image size-large\"><a href=\"https:\/\/i0.wp.com\/elterritorialweb.com.ar\/web\/wp-content\/uploads\/2022\/10\/fiscalia1.jpeg\"><img data-recalc-dims=\"1\" decoding=\"async\" width=\"640\" height=\"427\" data-src=\"https:\/\/i0.wp.com\/elterritorialweb.com.ar\/web\/wp-content\/uploads\/2022\/10\/fiscalia1.jpeg?resize=640%2C427\" alt=\"\" class=\"wp-image-45434 lazyload\" data-srcset=\"https:\/\/i0.wp.com\/elterritorialweb.com.ar\/web\/wp-content\/uploads\/2022\/10\/fiscalia1.jpeg?resize=1024%2C683&amp;ssl=1 1024w, https:\/\/i0.wp.com\/elterritorialweb.com.ar\/web\/wp-content\/uploads\/2022\/10\/fiscalia1.jpeg?resize=300%2C200&amp;ssl=1 300w, https:\/\/i0.wp.com\/elterritorialweb.com.ar\/web\/wp-content\/uploads\/2022\/10\/fiscalia1.jpeg?resize=768%2C512&amp;ssl=1 768w, https:\/\/i0.wp.com\/elterritorialweb.com.ar\/web\/wp-content\/uploads\/2022\/10\/fiscalia1.jpeg?resize=1536%2C1024&amp;ssl=1 1536w, https:\/\/i0.wp.com\/elterritorialweb.com.ar\/web\/wp-content\/uploads\/2022\/10\/fiscalia1.jpeg?w=1599&amp;ssl=1 1599w, https:\/\/i0.wp.com\/elterritorialweb.com.ar\/web\/wp-content\/uploads\/2022\/10\/fiscalia1.jpeg?w=1280 1280w\" data-sizes=\"(max-width: 640px) 100vw, 640px\" src=\"data:image\/svg+xml;base64,PHN2ZyB3aWR0aD0iMSIgaGVpZ2h0PSIxIiB4bWxucz0iaHR0cDovL3d3dy53My5vcmcvMjAwMC9zdmciPjwvc3ZnPg==\" style=\"--smush-placeholder-width: 640px; --smush-placeholder-aspect-ratio: 640\/427;\" \/><\/a><\/figure>\n\n\n\n<p>En este contexto, el Dr. Abate expres\u00f3 que este es uno de los operativos m\u00e1s grandes que la provincia diagram\u00f3, con un total de 190 efectivos policiales que trabajaron y aun trabajan de manera conjunta con encargados, referentes y personal de distintas \u00e1reas para llevar a cabo estas tareas.<\/p>\n\n\n\n<p>Resalt\u00f3 tambi\u00e9n la log\u00edstica del operativo, tanto en materia de recursos, tiempo y vocaci\u00f3n del personal; adem\u00e1s ratific\u00f3: \u201cLa idea es tener bajo estricto control todas las acciones irruptivas ilegales que se pudieran llevar a cabo en la provincia, es por eso que instamos a toda aquella persona a que cumpla con los procedimientos y se adhiera a lo dictaminado por la ley\u201d.<\/p>\n\n\n\n<p>\u00abHoy tuvimos una jornada extensa de intenso trabajo que abarco las 20 mil hect\u00e1reas que comprenden el campo denominado ex Faca, ubicado en Copo, ese septentrional departamento de nuestra provincia. Debo aclarar que el operativo se cumpliment\u00f3 en tres fases, habiendo sido perge\u00f1ado durante el mes de agosto del corriente a\u00f1o, en raz\u00f3n de que ese inmueble hab\u00eda sido desalojado durante el a\u00f1o 2009 y ante versiones de que habr\u00edan irrumpido usurpadores a fines del 2021 y principios del 2022, se requiri\u00f3 de la Justicia Civil una medida preliminar de constataci\u00f3n a practicarse en el inmueble, cuyo prop\u00f3sito no era otro que identificar personas y terrenos, es decir, individualizar a los usurpadores y sus asentamientos\u201d, explic\u00f3 Abate.<\/p>\n\n\n\n<p>\u201cA esos efectos \u2013prosigui\u00f3- con la resoluci\u00f3n y el correspondiente oficio dictado por la Jueza Civil y Comercial, Dra. Lorna Luna Hern\u00e1ndez, comenzamos la primera etapa en fecha 8 de septiembre, logrando resultados positivos con la obtenci\u00f3n de la comprobada existencia de pr\u00e1cticamente una triple intrusi\u00f3n, con una corriente por el oeste de la propiedad comandada por empresarios de C\u00f3rdoba y La Pampa; la segunda al sur y este, por empresarios de Chaco, y por \u00faltimo una sur y central por empresarios de Reconquista, provincia de Santa Fe, como principales arietes de la ilegal ocupaci\u00f3n\u201d.<\/p>\n\n\n\n<figure class=\"wp-block-image size-large\"><a href=\"https:\/\/i0.wp.com\/elterritorialweb.com.ar\/web\/wp-content\/uploads\/2022\/10\/fiscalia3.jpeg\"><img data-recalc-dims=\"1\" decoding=\"async\" width=\"640\" height=\"360\" data-src=\"https:\/\/i0.wp.com\/elterritorialweb.com.ar\/web\/wp-content\/uploads\/2022\/10\/fiscalia3.jpeg?resize=640%2C360\" alt=\"\" class=\"wp-image-45436 lazyload\" data-srcset=\"https:\/\/i0.wp.com\/elterritorialweb.com.ar\/web\/wp-content\/uploads\/2022\/10\/fiscalia3.jpeg?resize=1024%2C576&amp;ssl=1 1024w, https:\/\/i0.wp.com\/elterritorialweb.com.ar\/web\/wp-content\/uploads\/2022\/10\/fiscalia3.jpeg?resize=300%2C169&amp;ssl=1 300w, https:\/\/i0.wp.com\/elterritorialweb.com.ar\/web\/wp-content\/uploads\/2022\/10\/fiscalia3.jpeg?resize=768%2C432&amp;ssl=1 768w, https:\/\/i0.wp.com\/elterritorialweb.com.ar\/web\/wp-content\/uploads\/2022\/10\/fiscalia3.jpeg?w=1280&amp;ssl=1 1280w\" data-sizes=\"(max-width: 640px) 100vw, 640px\" src=\"data:image\/svg+xml;base64,PHN2ZyB3aWR0aD0iMSIgaGVpZ2h0PSIxIiB4bWxucz0iaHR0cDovL3d3dy53My5vcmcvMjAwMC9zdmciPjwvc3ZnPg==\" style=\"--smush-placeholder-width: 640px; --smush-placeholder-aspect-ratio: 640\/360;\" \/><\/a><\/figure>\n\n\n\n<p>\u201cAm\u00e9n de los datos personales, se advirti\u00f3 en el terreno que fruto del delito se hab\u00eda recolectado la cantidad de 24 silos-bolsas conteniendo ma\u00edz, lo que dio comienzo a la fase dos de este operativo, que fue solicitar al juez Civil y Comercial, Dr. Sergio Santos, la medida cautelar de secuestro y posterior venta de los granos almacenados. Con la aprobaci\u00f3n judicial, el Dr. Rodrigo Martorell, perteneciente al plantel de Fiscal\u00eda de Estado, oficio mediante, llev\u00f3 a cabo la medida que insumi\u00f3 cuatro d\u00edas de estad\u00eda dentro de esa propiedad a fin de cumplimentar con total \u00e9xito esa tarea. Ya en ese estad\u00edo temporal, el accionar del Estado se hab\u00eda bifurcado\u201d.<\/p>\n\n\n\n<p>\u201cUna de las direcciones ten\u00eda por objeto la recuperaci\u00f3n de la propiedad y el secuestro de maquinarias y herramientas que se encontraban en la misma, medida de naturaleza civil, mientras que en un segundo direccionamiento se interpuso acci\u00f3n penal, a trav\u00e9s de la correspondiente denuncia en el juzgado de esa materia, jurisdicci\u00f3n Monte Quemado, donde me constitu\u00ed como querellante. Y con el aporte de innumerables y concluyentes probanzas, el Ministerio P\u00fablico a trav\u00e9s de los fiscales Gabriel G\u00f3mez y Santiago Bridoux, instaron la denuncia penal ante la jueza Valeria de los \u00c1ngeles D\u00edaz, de Monte Quemado, quien en fecha 30 de septiembre del corriente a\u00f1o, dict\u00f3 sendas resoluciones con sus correspondientes oficios, la primera relacionada a la restituci\u00f3n de la propiedad denominada ex Faca de 20.000 hect\u00e1reas y el secuestro de los elementos como herramientas, maquinarias y producci\u00f3n que all\u00ed se encontraren y la segunda correspondiente al orden punitivo, libr\u00e1ndose mandamiento de allanamiento y detenci\u00f3n contra los principales implicados en la extensa lista de delitos tipificados en esa resoluci\u00f3n, con m\u00e1s las habilitaciones necesarias para el cumplimiento de dicha medida\u201d.<\/p>\n\n\n\n<p>Agreg\u00f3 Abate: \u201cCon estas herramientas procesales en nuestras manos durante el fin de semana pasado, se trabaj\u00f3 incansablemente para afianzar los detalles necesarios para llevar a buen puerto el operativo. Comenzando as\u00ed la tercera fase del mismo en la madrugada del d\u00eda lunes 3 de septiembre, se movilizaron 190 efectivos policiales de las diferentes \u00e1reas, encabezados por el subjefe de Polic\u00eda y acompa\u00f1ado por las principales autoridades de la repartici\u00f3n, munidos de los veh\u00edculos aptos para transitar esos terrenos casi inaccesibles y con los adelantos tecnol\u00f3gicos que aportan los drones y otros elementos que permiten eficientizar los procedimientos investigativos; la Direcci\u00f3n de Prensa a fin que de la versi\u00f3n fidedigna de los aconteceres; oficiales de Justicia del Poder Judicial, encabezados por Roberto G\u00f3mez; Vialidad de la Provincia, que posibilit\u00f3 el mejoramiento de las sendas que hasta el momento se tornaban intransitables como as\u00ed tambi\u00e9n el cuerpo de asesores y choferes de la Fiscal\u00eda de Estado, siendo dividida toda esta gente en cuatro equipos de trabajo, con el prop\u00f3sito de asegurar el cumplimiento eficiente y eficaz de las \u00f3rdenes judiciales, debiendo efectuar un rastrillaje intensivo de todos los sectores con el prop\u00f3sito de invitar a que se retiren los seudo encargados de estas empresas, quienes en la mayor\u00eda de los casos son abandonados a su suerte, viviendo de lo que esa tierra les da, en un estado de total miseria\u201d.<\/p>\n\n\n\n<figure class=\"wp-block-image size-large\"><a href=\"https:\/\/i0.wp.com\/elterritorialweb.com.ar\/web\/wp-content\/uploads\/2022\/10\/fiscalia2.jpeg\"><img data-recalc-dims=\"1\" decoding=\"async\" width=\"640\" height=\"426\" data-src=\"https:\/\/i0.wp.com\/elterritorialweb.com.ar\/web\/wp-content\/uploads\/2022\/10\/fiscalia2.jpeg?resize=640%2C426\" alt=\"\" class=\"wp-image-45435 lazyload\" data-srcset=\"https:\/\/i0.wp.com\/elterritorialweb.com.ar\/web\/wp-content\/uploads\/2022\/10\/fiscalia2.jpeg?resize=1024%2C682&amp;ssl=1 1024w, https:\/\/i0.wp.com\/elterritorialweb.com.ar\/web\/wp-content\/uploads\/2022\/10\/fiscalia2.jpeg?resize=300%2C200&amp;ssl=1 300w, https:\/\/i0.wp.com\/elterritorialweb.com.ar\/web\/wp-content\/uploads\/2022\/10\/fiscalia2.jpeg?resize=768%2C512&amp;ssl=1 768w, https:\/\/i0.wp.com\/elterritorialweb.com.ar\/web\/wp-content\/uploads\/2022\/10\/fiscalia2.jpeg?w=1280&amp;ssl=1 1280w\" data-sizes=\"(max-width: 640px) 100vw, 640px\" src=\"data:image\/svg+xml;base64,PHN2ZyB3aWR0aD0iMSIgaGVpZ2h0PSIxIiB4bWxucz0iaHR0cDovL3d3dy53My5vcmcvMjAwMC9zdmciPjwvc3ZnPg==\" style=\"--smush-placeholder-width: 640px; --smush-placeholder-aspect-ratio: 640\/426;\" \/><\/a><\/figure>\n\n\n\n<p>Agreg\u00f3 Abate que \u201cdado que el principal prop\u00f3sito en cuanto a la persecuci\u00f3n penal era y es hacer cumplir el mandamiento de detenci\u00f3n para los 11 mencionados en el oficio, aut\u00e9nticos responsables encontrados hasta ahora del vadem\u00e9cum de il\u00edcitos producidos, ya casi finalizado el atardecer del d\u00eda de ayer, los cuatro equipos fueron reunidos a fin de hacer una evaluaci\u00f3n primaria de los resultados, habi\u00e9ndose logrado la detenci\u00f3n de dos de los requeridos y el secuestro de veh\u00edculos cuya titularidad dominial har\u00eda pasible de una ampliaci\u00f3n de la investigaci\u00f3n, a fin de descartar o no la posibilidad de introducir al proceso penal a nuevos imputados\u201d.<\/p>\n\n\n\n<p>\u201cEste martes, Vialidad y las fuerzas de seguridad se encuentran trabajando en la eliminaci\u00f3n de las alambradas internas que manifestaban la intensi\u00f3n de reparto del bot\u00edn entre los autores del delito, habi\u00e9ndose tambi\u00e9n echado por tierra esos lamentables refugios de encargados y dem\u00e1s signos de la intromisi\u00f3n de los for\u00e1neos en nuestras tierras\u201d.<\/p>\n\n\n\n<p>Finalmente, dijo que \u201cen cumpliendo las directivas impartidas por el gobernador Gerardo Zamora se har\u00e1 todo lo que fuese necesario a en procura de la defensa de nuestro patrimonio y la protecci\u00f3n del bien colectivo\u201d, que incluye la flora y fauna de Santiago del Estero.<\/p>\n\n\n\n<p>\u201cEl itinere penal seguir\u00e1 su curso, libr\u00e1ndose las correspondientes capturas para los implicados, proceso que deslindar\u00e1 responsabilidades y determinar\u00e1 la sanci\u00f3n justa para los autores de lo que se denomina en definitiva un ambienticidio\u201d, afirm\u00f3.<\/p>\n\n\n\n<p><strong>\u00a0<\/strong><\/p>\n\n\n\n<p><strong>\u00a0<\/strong><\/p>\n","protected":false},"excerpt":{"rendered":"<p>Fiscal\u00eda de Estado de Santiago del Estero concret\u00f3 este lunes y martes nuevos operativos por la ocupaci\u00f3n ilegal de tierras en la localidad de Los Tigres, departamento Copo, donde a mediados de septiembre pasado fue constatada la usurpaci\u00f3n de 30 mil hect\u00e1reas pertenecientes a la provincia.<\/p>\n","protected":false},"author":2,"featured_media":45437,"comment_status":"open","ping_status":"open","sticky":false,"template":"","format":"standard","meta":{"om_disable_all_campaigns":false,"_monsterinsights_skip_tracking":false,"_monsterinsights_sitenote_active":false,"_monsterinsights_sitenote_note":"","_monsterinsights_sitenote_category":0,"_uf_show_specific_survey":0,"_uf_disable_surveys":false,"jetpack_post_was_ever_published":false,"_jetpack_newsletter_access":"","_jetpack_dont_email_post_to_subs":false,"_jetpack_newsletter_tier_id":0,"_jetpack_memberships_contains_paywalled_content":false,"_jetpack_memberships_contains_paid_content":false,"footnotes":"","jetpack_publicize_message":"","jetpack_publicize_feature_enabled":true,"jetpack_social_post_already_shared":false,"jetpack_social_options":{"image_generator_settings":{"template":"highway","default_image_id":0,"font":"","enabled":false},"version":2}},"categories":[21],"tags":[],"class_list":["post-45433","post","type-post","status-publish","format-standard","has-post-thumbnail","hentry","category-locales"],"aioseo_notices":[],"views":5,"jetpack_publicize_connections":[],"jetpack_featured_media_url":"https:\/\/i0.wp.com\/elterritorialweb.com.ar\/web\/wp-content\/uploads\/2022\/10\/fiscalia-.jpeg?fit=1599%2C1066&ssl=1","jetpack_sharing_enabled":true,"_links":{"self":[{"href":"https:\/\/elterritorialweb.com.ar\/web\/wp-json\/wp\/v2\/posts\/45433","targetHints":{"allow":["GET"]}}],"collection":[{"href":"https:\/\/elterritorialweb.com.ar\/web\/wp-json\/wp\/v2\/posts"}],"about":[{"href":"https:\/\/elterritorialweb.com.ar\/web\/wp-json\/wp\/v2\/types\/post"}],"author":[{"embeddable":true,"href":"https:\/\/elterritorialweb.com.ar\/web\/wp-json\/wp\/v2\/users\/2"}],"replies":[{"embeddable":true,"href":"https:\/\/elterritorialweb.com.ar\/web\/wp-json\/wp\/v2\/comments?post=45433"}],"version-history":[{"count":1,"href":"https:\/\/elterritorialweb.com.ar\/web\/wp-json\/wp\/v2\/posts\/45433\/revisions"}],"predecessor-version":[{"id":45438,"href":"https:\/\/elterritorialweb.com.ar\/web\/wp-json\/wp\/v2\/posts\/45433\/revisions\/45438"}],"wp:featuredmedia":[{"embeddable":true,"href":"https:\/\/elterritorialweb.com.ar\/web\/wp-json\/wp\/v2\/media\/45437"}],"wp:attachment":[{"href":"https:\/\/elterritorialweb.com.ar\/web\/wp-json\/wp\/v2\/media?parent=45433"}],"wp:term":[{"taxonomy":"category","embeddable":true,"href":"https:\/\/elterritorialweb.com.ar\/web\/wp-json\/wp\/v2\/categories?post=45433"},{"taxonomy":"post_tag","embeddable":true,"href":"https:\/\/elterritorialweb.com.ar\/web\/wp-json\/wp\/v2\/tags?post=45433"}],"curies":[{"name":"wp","href":"https:\/\/api.w.org\/{rel}","templated":true}]}}