{"id":45439,"date":"2022-10-04T23:15:56","date_gmt":"2022-10-04T23:15:56","guid":{"rendered":"http:\/\/elterritorialweb.com.ar\/web\/?p=45439"},"modified":"2022-10-04T23:19:11","modified_gmt":"2022-10-04T23:19:11","slug":"norma-fuentes-y-ricardo-sosa-con-operadores-turisticos-internacionales","status":"publish","type":"post","link":"https:\/\/elterritorialweb.com.ar\/web\/norma-fuentes-y-ricardo-sosa-con-operadores-turisticos-internacionales\/","title":{"rendered":"NORMA FUENTES Y RICARDO SOSA CON OPERADORES TUR\u00cdSTICOS INTERNACIONALES"},"content":{"rendered":"\n<p>Durante el encuentro, realizado en las oficinas del Inprotur en la feria, tambi\u00e9n se produjo un rico intercambio de experiencias de trabajo orientadas al posicionamiento de Santiago del Estero como destino tur\u00edstico internacional.<br>Acompa\u00f1\u00f3 a la intendenta el Secretario de la Casa de Santiago, Bernardo Abruzesse y el Subsecretario de Turismo de la ciudad, Rodolfo Legname y por gesti\u00f3n del Inprotur participaci\u00f3n los tour operadores Santiago Seisdedos de AMV Travel y Pablo Cupo de Amichi Viajes.<\/p>\n\n\n\n<figure class=\"wp-block-image size-large\"><a href=\"https:\/\/i0.wp.com\/elterritorialweb.com.ar\/web\/wp-content\/uploads\/2022\/10\/20221003_125450-scaled.jpg\"><img data-recalc-dims=\"1\" decoding=\"async\" width=\"640\" height=\"288\" data-src=\"https:\/\/i0.wp.com\/elterritorialweb.com.ar\/web\/wp-content\/uploads\/2022\/10\/20221003_125450.jpg?resize=640%2C288\" alt=\"\" class=\"wp-image-45441 lazyload\" data-srcset=\"https:\/\/i0.wp.com\/elterritorialweb.com.ar\/web\/wp-content\/uploads\/2022\/10\/20221003_125450-scaled.jpg?resize=1024%2C461&amp;ssl=1 1024w, https:\/\/i0.wp.com\/elterritorialweb.com.ar\/web\/wp-content\/uploads\/2022\/10\/20221003_125450-scaled.jpg?resize=300%2C135&amp;ssl=1 300w, https:\/\/i0.wp.com\/elterritorialweb.com.ar\/web\/wp-content\/uploads\/2022\/10\/20221003_125450-scaled.jpg?resize=768%2C346&amp;ssl=1 768w, https:\/\/i0.wp.com\/elterritorialweb.com.ar\/web\/wp-content\/uploads\/2022\/10\/20221003_125450-scaled.jpg?resize=1536%2C692&amp;ssl=1 1536w, https:\/\/i0.wp.com\/elterritorialweb.com.ar\/web\/wp-content\/uploads\/2022\/10\/20221003_125450-scaled.jpg?resize=2048%2C922&amp;ssl=1 2048w, https:\/\/i0.wp.com\/elterritorialweb.com.ar\/web\/wp-content\/uploads\/2022\/10\/20221003_125450-scaled.jpg?w=1280 1280w, https:\/\/i0.wp.com\/elterritorialweb.com.ar\/web\/wp-content\/uploads\/2022\/10\/20221003_125450-scaled.jpg?w=1920 1920w\" data-sizes=\"(max-width: 640px) 100vw, 640px\" src=\"data:image\/svg+xml;base64,PHN2ZyB3aWR0aD0iMSIgaGVpZ2h0PSIxIiB4bWxucz0iaHR0cDovL3d3dy53My5vcmcvMjAwMC9zdmciPjwvc3ZnPg==\" style=\"--smush-placeholder-width: 640px; --smush-placeholder-aspect-ratio: 640\/288;\" \/><\/a><\/figure>\n\n\n\n<p>En ese contexto, Sosa explic\u00f3 la importancia de generar formaci\u00f3n tur\u00edstica orientada al turismo internacional adem\u00e1s de un plan estrat\u00e9gico de gesti\u00f3n en ese \u00e1mbito. Los tour operadores internacionales dieron su punto de vista sobre el \u00e1mbito de trabajo que desarrollan y manifestaron su deseo de conocer Santiago del Estero, ya que en territorio se podr\u00e1n identificar oportunidades de productos tur\u00edsticos.<br>Mientras que la intendenta Fuentes coment\u00f3 algunas de las atracciones que tiene la ciudad, resalt\u00f3 la generaci\u00f3n de nuevos productos en base la obra p\u00fablica relacionada al turismo y la visi\u00f3n conjunta con el Inprotur para que la ciudad se consolide como sede de eventos, adem\u00e1s de la puesta en valor de<br>la historia, la cultura, su m\u00fasica, el mantenimiento de las tradiciones y sus habitantes, que se transforman en un propio producto en s\u00ed teniendo en cuenta su calidez en la recepci\u00f3n del turista.<\/p>\n","protected":false},"excerpt":{"rendered":"<p>En la Feria Internacional de Turismo, el Secretario Ejecutivo del Inprotur, Ricardo Sosa, recibi\u00f3 a la intendenta de la ciudad de Santiago del Estero para dialogar sobre la importancia de la formaci\u00f3n tur\u00edstica para la recepci\u00f3n del turismo internacional, adem\u00e1s se reunieron con dos tour operadores nacionales que generan paquetes tur\u00edsticos internacionales para m\u00e1s de 10 pa\u00edses.<\/p>\n","protected":false},"author":2,"featured_media":45440,"comment_status":"open","ping_status":"open","sticky":false,"template":"","format":"standard","meta":{"om_disable_all_campaigns":false,"_monsterinsights_skip_tracking":false,"_monsterinsights_sitenote_active":false,"_monsterinsights_sitenote_note":"","_monsterinsights_sitenote_category":0,"_uf_show_specific_survey":0,"_uf_disable_surveys":false,"jetpack_post_was_ever_published":false,"_jetpack_newsletter_access":"","_jetpack_dont_email_post_to_subs":false,"_jetpack_newsletter_tier_id":0,"_jetpack_memberships_contains_paywalled_content":false,"_jetpack_memberships_contains_paid_content":false,"footnotes":"","jetpack_publicize_message":"","jetpack_publicize_feature_enabled":true,"jetpack_social_post_already_shared":false,"jetpack_social_options":{"image_generator_settings":{"template":"highway","default_image_id":0,"font":"","enabled":false},"version":2}},"categories":[29],"tags":[],"class_list":["post-45439","post","type-post","status-publish","format-standard","has-post-thumbnail","hentry","category-turismo"],"aioseo_notices":[],"views":12,"jetpack_publicize_connections":[],"jetpack_featured_media_url":"https:\/\/i0.wp.com\/elterritorialweb.com.ar\/web\/wp-content\/uploads\/2022\/10\/fef826b3-fe10-42b1-bba5-0736b3a91f9f.jpg?fit=4032%2C1816&ssl=1","jetpack_sharing_enabled":true,"_links":{"self":[{"href":"https:\/\/elterritorialweb.com.ar\/web\/wp-json\/wp\/v2\/posts\/45439","targetHints":{"allow":["GET"]}}],"collection":[{"href":"https:\/\/elterritorialweb.com.ar\/web\/wp-json\/wp\/v2\/posts"}],"about":[{"href":"https:\/\/elterritorialweb.com.ar\/web\/wp-json\/wp\/v2\/types\/post"}],"author":[{"embeddable":true,"href":"https:\/\/elterritorialweb.com.ar\/web\/wp-json\/wp\/v2\/users\/2"}],"replies":[{"embeddable":true,"href":"https:\/\/elterritorialweb.com.ar\/web\/wp-json\/wp\/v2\/comments?post=45439"}],"version-history":[{"count":1,"href":"https:\/\/elterritorialweb.com.ar\/web\/wp-json\/wp\/v2\/posts\/45439\/revisions"}],"predecessor-version":[{"id":45442,"href":"https:\/\/elterritorialweb.com.ar\/web\/wp-json\/wp\/v2\/posts\/45439\/revisions\/45442"}],"wp:featuredmedia":[{"embeddable":true,"href":"https:\/\/elterritorialweb.com.ar\/web\/wp-json\/wp\/v2\/media\/45440"}],"wp:attachment":[{"href":"https:\/\/elterritorialweb.com.ar\/web\/wp-json\/wp\/v2\/media?parent=45439"}],"wp:term":[{"taxonomy":"category","embeddable":true,"href":"https:\/\/elterritorialweb.com.ar\/web\/wp-json\/wp\/v2\/categories?post=45439"},{"taxonomy":"post_tag","embeddable":true,"href":"https:\/\/elterritorialweb.com.ar\/web\/wp-json\/wp\/v2\/tags?post=45439"}],"curies":[{"name":"wp","href":"https:\/\/api.w.org\/{rel}","templated":true}]}}