{"id":45454,"date":"2022-10-05T02:06:36","date_gmt":"2022-10-05T02:06:36","guid":{"rendered":"http:\/\/elterritorialweb.com.ar\/web\/?p=45454"},"modified":"2022-10-05T02:06:37","modified_gmt":"2022-10-05T02:06:37","slug":"tini-tour-2022-llega-a-santiago-del-estero","status":"publish","type":"post","link":"https:\/\/elterritorialweb.com.ar\/web\/tini-tour-2022-llega-a-santiago-del-estero\/","title":{"rendered":"\u00abTINI TOUR 2022\u00bb LLEGA A SANTIAGO DEL ESTERO"},"content":{"rendered":"\n<p>El 22 de octubre llega al estadio \u00fanico Madre de Ciudades, en Santiago del Estero, la reconocida cantante y actriz argentina con la presentaci\u00f3n de su nuevo concierto \u201cTINI Tour 2022\u201d en vivo, con una puesta en escena impactante y una producci\u00f3n sin precedentes para este gran evento que abarcara todos sus grandes \u00e9xitos. As\u00ed lo confirm\u00f3 la productora \u201cLupa Contenidos\u201d del empresario Lucas Rom\u00e1n Broers, de vasta trayectoria en la regi\u00f3n.<br>TINI ser\u00e1 la primera artista argentina en realizar un concierto dentro del magn\u00edfico Estadio \u00danico Madre de Ciudades, lo que convierte al show en un suceso sin precedentes.<br>El \u201cTINI Tour 2022\u201d en Santiago del Estero, marca el reencuentro de la artista con sus fans, con un sorprendente show\u00a0en el que interpretar\u00e1 todos sus grandes \u00e9xitos.\u00a0<br>Toda la informaci\u00f3n y detalles del show pueden encontrarse en\u00a0<a rel=\"noreferrer noopener\" href=\"https:\/\/facebook.us18.list-manage.com\/track\/click?u=1da30fe9c4b27dcba706280a0&amp;id=ae0348c0c5&amp;e=84b3a445ee\" target=\"_blank\">https:\/\/tinisantiagodelestero.com\/<\/a><\/p>\n\n\n\n<figure class=\"wp-block-image size-full is-resized\"><a href=\"https:\/\/i0.wp.com\/elterritorialweb.com.ar\/web\/wp-content\/uploads\/2022\/10\/unnamed-1.png\"><img data-recalc-dims=\"1\" decoding=\"async\" data-src=\"https:\/\/i0.wp.com\/elterritorialweb.com.ar\/web\/wp-content\/uploads\/2022\/10\/unnamed-1.png?resize=640%2C543\" alt=\"\" class=\"wp-image-45455 lazyload\" width=\"640\" height=\"543\" data-srcset=\"https:\/\/i0.wp.com\/elterritorialweb.com.ar\/web\/wp-content\/uploads\/2022\/10\/unnamed-1.png?w=514&amp;ssl=1 514w, https:\/\/i0.wp.com\/elterritorialweb.com.ar\/web\/wp-content\/uploads\/2022\/10\/unnamed-1.png?resize=300%2C254&amp;ssl=1 300w\" data-sizes=\"(max-width: 640px) 100vw, 640px\" src=\"data:image\/svg+xml;base64,PHN2ZyB3aWR0aD0iMSIgaGVpZ2h0PSIxIiB4bWxucz0iaHR0cDovL3d3dy53My5vcmcvMjAwMC9zdmciPjwvc3ZnPg==\" style=\"--smush-placeholder-width: 640px; --smush-placeholder-aspect-ratio: 640\/543;\" \/><\/a><\/figure>\n\n\n\n<p><strong>Entradas en tribuna sin numerar<\/strong><\/p>\n\n\n\n<p>Debido a la alta demanda de entradas, las tribunas sin numerar se agotaron de manera virtual. No obstante,&nbsp;<strong>a\u00fan pueden conseguirse de manera f\u00edsica<\/strong>, en cualquiera de los siguientes puntos de venta en la provincia de Santiago del Estero&nbsp;<strong>\u00a1No te quedes sin la tuya!<\/strong><\/p>\n\n\n\n<ul class=\"wp-block-list\"><li><strong>La Banda:&nbsp;<\/strong>Terminal (Alberdi y Rep\u00fablica del L\u00edbano)<br>&nbsp;<\/li><li><strong>Santiago del Estero, Capital&nbsp;<\/strong>: Terminal (Chacabuco entre Roca y Per\u00fa)<br>&nbsp;<\/li><li><strong>Fern\u00e1ndez<\/strong>: Terminal Nueva (Rivadavia entre Balcarce y Francisco de Uriarte)<br>&nbsp;<\/li><li><strong>Lugones<\/strong>: Lugones Web (Ruta Nacional 34, entre Catamarca y Tucum\u00e1n)<br>&nbsp;<\/li><li><strong>Herrera<\/strong>: M\u00f3vil Centro (Av. San Mart\u00edn s\/n, entre Rivadavia y Ruta Nacional 34, a 20 metros de esta \u00faltima)<br>&nbsp;<\/li><li><strong>Colonia Dora<\/strong>: Terminal (Av. Corrientes, esquina Suipacha)<br>&nbsp;<\/li><li><strong>A\u00f1atuya<\/strong>: Terminal (Av. Monse\u00f1or Jorge Gottau, esquina Leopoldo Lugones)<br>&nbsp;<\/li><li><strong>Bandera<\/strong>: Terminal (Av. de los Agricultores Norte)<br>&nbsp;<\/li><li><strong>Jur\u00edes<\/strong>: Terminal (Av. Principal de la ciudad)<br>&nbsp;<\/li><li><strong>Selva<\/strong>: Parador \u00abLa Villa\u00bb (Sobre Ruta Nacional 34)<\/li><\/ul>\n\n\n\n<p>La artista ha estado encendida desde el lanzamiento de su \u00faltimo \u00e1lbum TINI TINI TINI en 2020 y ha colaborado con artistas de la talla de Alejandro Sanz, Sebasti\u00e1n Yatra, Karol G, Christina Aguilera, Manuel Turizo, Cali y El Dandee, Alesso, Morat, R3HAB, Greeicy, Lalo Ebratt, Reik, Mau y Ricky, Mar\u00eda Becerra, Tiago PZK, \u00c1lvaro Soler, Jonas Blue, Ana Guerra, Ovy on the Drums, Nacho, y KHEA.<\/p>\n\n\n\n<figure class=\"wp-block-embed is-type-video is-provider-youtube wp-block-embed-youtube wp-embed-aspect-16-9 wp-has-aspect-ratio\"><div class=\"wp-block-embed__wrapper\">\n<iframe title=\"TINI, Tiago PZK - El \u00daltimo Beso (Video Oficial)\" width=\"640\" height=\"360\" data-src=\"https:\/\/www.youtube.com\/embed\/e3-mshY5k6U?feature=oembed\" frameborder=\"0\" allow=\"accelerometer; autoplay; clipboard-write; encrypted-media; gyroscope; picture-in-picture; web-share\" referrerpolicy=\"strict-origin-when-cross-origin\" allowfullscreen src=\"data:image\/svg+xml;base64,PHN2ZyB3aWR0aD0iMSIgaGVpZ2h0PSIxIiB4bWxucz0iaHR0cDovL3d3dy53My5vcmcvMjAwMC9zdmciPjwvc3ZnPg==\" class=\"lazyload\" data-load-mode=\"1\"><\/iframe>\n<\/div><\/figure>\n","protected":false},"excerpt":{"rendered":"<p>Con una incre\u00edble puesta en escena con todos sus \u00e9xitos, los santiague\u00f1os y fans de toda la regi\u00f3n, tendr\u00e1n acceso al nuevo y m\u00e1s grande espect\u00e1culo hasta la fecha de la artista pop internacional TINI.<\/p>\n","protected":false},"author":2,"featured_media":45456,"comment_status":"open","ping_status":"open","sticky":false,"template":"","format":"standard","meta":{"om_disable_all_campaigns":false,"_monsterinsights_skip_tracking":false,"_monsterinsights_sitenote_active":false,"_monsterinsights_sitenote_note":"","_monsterinsights_sitenote_category":0,"_uf_show_specific_survey":0,"_uf_disable_surveys":false,"jetpack_post_was_ever_published":false,"_jetpack_newsletter_access":"","_jetpack_dont_email_post_to_subs":false,"_jetpack_newsletter_tier_id":0,"_jetpack_memberships_contains_paywalled_content":false,"_jetpack_memberships_contains_paid_content":false,"footnotes":"","jetpack_publicize_message":"","jetpack_publicize_feature_enabled":true,"jetpack_social_post_already_shared":false,"jetpack_social_options":{"image_generator_settings":{"template":"highway","default_image_id":0,"font":"","enabled":false},"version":2}},"categories":[20],"tags":[],"class_list":["post-45454","post","type-post","status-publish","format-standard","has-post-thumbnail","hentry","category-especysociales"],"aioseo_notices":[],"views":112,"jetpack_publicize_connections":[],"jetpack_featured_media_url":"https:\/\/i0.wp.com\/elterritorialweb.com.ar\/web\/wp-content\/uploads\/2022\/10\/unnamed.png?fit=514%2C436&ssl=1","jetpack_sharing_enabled":true,"_links":{"self":[{"href":"https:\/\/elterritorialweb.com.ar\/web\/wp-json\/wp\/v2\/posts\/45454","targetHints":{"allow":["GET"]}}],"collection":[{"href":"https:\/\/elterritorialweb.com.ar\/web\/wp-json\/wp\/v2\/posts"}],"about":[{"href":"https:\/\/elterritorialweb.com.ar\/web\/wp-json\/wp\/v2\/types\/post"}],"author":[{"embeddable":true,"href":"https:\/\/elterritorialweb.com.ar\/web\/wp-json\/wp\/v2\/users\/2"}],"replies":[{"embeddable":true,"href":"https:\/\/elterritorialweb.com.ar\/web\/wp-json\/wp\/v2\/comments?post=45454"}],"version-history":[{"count":1,"href":"https:\/\/elterritorialweb.com.ar\/web\/wp-json\/wp\/v2\/posts\/45454\/revisions"}],"predecessor-version":[{"id":45457,"href":"https:\/\/elterritorialweb.com.ar\/web\/wp-json\/wp\/v2\/posts\/45454\/revisions\/45457"}],"wp:featuredmedia":[{"embeddable":true,"href":"https:\/\/elterritorialweb.com.ar\/web\/wp-json\/wp\/v2\/media\/45456"}],"wp:attachment":[{"href":"https:\/\/elterritorialweb.com.ar\/web\/wp-json\/wp\/v2\/media?parent=45454"}],"wp:term":[{"taxonomy":"category","embeddable":true,"href":"https:\/\/elterritorialweb.com.ar\/web\/wp-json\/wp\/v2\/categories?post=45454"},{"taxonomy":"post_tag","embeddable":true,"href":"https:\/\/elterritorialweb.com.ar\/web\/wp-json\/wp\/v2\/tags?post=45454"}],"curies":[{"name":"wp","href":"https:\/\/api.w.org\/{rel}","templated":true}]}}