{"id":45464,"date":"2022-10-05T13:51:31","date_gmt":"2022-10-05T13:51:31","guid":{"rendered":"http:\/\/elterritorialweb.com.ar\/web\/?p=45464"},"modified":"2022-10-05T13:51:33","modified_gmt":"2022-10-05T13:51:33","slug":"autoridades-nacionales-y-municipales-inauguraron-mejoras-en-la-ruta-nacional-34","status":"publish","type":"post","link":"https:\/\/elterritorialweb.com.ar\/web\/autoridades-nacionales-y-municipales-inauguraron-mejoras-en-la-ruta-nacional-34\/","title":{"rendered":"AUTORIDADES NACIONALES Y MUNICIPALES INAUGURARON MEJORAS EN LA RUTA NACIONAL 34"},"content":{"rendered":"\n<p>Leguizam\u00f3n dio la bienvenida a la comitiva nacional y destac\u00f3 las obras que ejecutan los gobiernos del Presidente Alberto Fern\u00e1ndez y del Gobernador Gerardo Zamora.<\/p>\n\n\n\n<p>Tambi\u00e9n el presidente del Concejo Deliberante Edgardo \u00c1lvarez destac\u00f3 el verdadero federalismo con que se hacen las obras hasta las peque\u00f1as ciudades como Pinto.<\/p>\n\n\n\n<figure class=\"wp-block-image size-large\"><a href=\"https:\/\/i0.wp.com\/elterritorialweb.com.ar\/web\/wp-content\/uploads\/2022\/10\/PINTO-RUTA-1.jpg\"><img data-recalc-dims=\"1\" decoding=\"async\" width=\"640\" height=\"335\" data-src=\"https:\/\/i0.wp.com\/elterritorialweb.com.ar\/web\/wp-content\/uploads\/2022\/10\/PINTO-RUTA-1.jpg?resize=640%2C335\" alt=\"\" class=\"wp-image-45465 lazyload\" data-srcset=\"https:\/\/i0.wp.com\/elterritorialweb.com.ar\/web\/wp-content\/uploads\/2022\/10\/PINTO-RUTA-1.jpg?resize=1024%2C536&amp;ssl=1 1024w, https:\/\/i0.wp.com\/elterritorialweb.com.ar\/web\/wp-content\/uploads\/2022\/10\/PINTO-RUTA-1.jpg?resize=300%2C157&amp;ssl=1 300w, https:\/\/i0.wp.com\/elterritorialweb.com.ar\/web\/wp-content\/uploads\/2022\/10\/PINTO-RUTA-1.jpg?resize=768%2C402&amp;ssl=1 768w, https:\/\/i0.wp.com\/elterritorialweb.com.ar\/web\/wp-content\/uploads\/2022\/10\/PINTO-RUTA-1.jpg?w=1200&amp;ssl=1 1200w\" data-sizes=\"(max-width: 640px) 100vw, 640px\" src=\"data:image\/svg+xml;base64,PHN2ZyB3aWR0aD0iMSIgaGVpZ2h0PSIxIiB4bWxucz0iaHR0cDovL3d3dy53My5vcmcvMjAwMC9zdmciPjwvc3ZnPg==\" style=\"--smush-placeholder-width: 640px; --smush-placeholder-aspect-ratio: 640\/335;\" \/><\/a><\/figure>\n\n\n\n<p>En el mismo sentido fueron las palabras del comisionado de Malbr\u00e1n Julio Dom\u00ednguez.<\/p>\n\n\n\n<p>Antes del corte de cintas y recorrida de obras, Atanasof trasmiti\u00f3 los saludos del Presidente Alberto Fern\u00e1ndez y del Ministro Gabriel Katopidis y dijo que \u201cel federalismo es una marca registrada de este Gobierno\u201d.<\/p>\n\n\n\n<p>Destac\u00f3 que \u201cson m\u00e1s de cinco mil obras a lo largo y a lo ancho del pa\u00eds y con Corredores Viales hemos ido a recuperar los m\u00e1s de siete mil kil\u00f3metros de rutas nacionales que estaban en manos privadas. Y el primer tramo que nos hacemos cargo es este (en referencia al corredor Selva-Perico en Jujuy), en donde notamos que hab\u00eda que intervenir inmediatamente por el deterioro. Por eso es una obra muy significativa para nosotros\u201d, expres\u00f3 el funcionario nacional.<\/p>\n\n\n\n<figure class=\"wp-block-image size-large\"><a href=\"https:\/\/i0.wp.com\/elterritorialweb.com.ar\/web\/wp-content\/uploads\/2022\/10\/PINTO-RUTA-2.jpg\"><img data-recalc-dims=\"1\" decoding=\"async\" width=\"640\" height=\"335\" data-src=\"https:\/\/i0.wp.com\/elterritorialweb.com.ar\/web\/wp-content\/uploads\/2022\/10\/PINTO-RUTA-2.jpg?resize=640%2C335\" alt=\"\" class=\"wp-image-45466 lazyload\" data-srcset=\"https:\/\/i0.wp.com\/elterritorialweb.com.ar\/web\/wp-content\/uploads\/2022\/10\/PINTO-RUTA-2.jpg?resize=1024%2C536&amp;ssl=1 1024w, https:\/\/i0.wp.com\/elterritorialweb.com.ar\/web\/wp-content\/uploads\/2022\/10\/PINTO-RUTA-2.jpg?resize=300%2C157&amp;ssl=1 300w, https:\/\/i0.wp.com\/elterritorialweb.com.ar\/web\/wp-content\/uploads\/2022\/10\/PINTO-RUTA-2.jpg?resize=768%2C402&amp;ssl=1 768w, https:\/\/i0.wp.com\/elterritorialweb.com.ar\/web\/wp-content\/uploads\/2022\/10\/PINTO-RUTA-2.jpg?w=1200&amp;ssl=1 1200w\" data-sizes=\"(max-width: 640px) 100vw, 640px\" src=\"data:image\/svg+xml;base64,PHN2ZyB3aWR0aD0iMSIgaGVpZ2h0PSIxIiB4bWxucz0iaHR0cDovL3d3dy53My5vcmcvMjAwMC9zdmciPjwvc3ZnPg==\" style=\"--smush-placeholder-width: 640px; --smush-placeholder-aspect-ratio: 640\/335;\" \/><\/a><\/figure>\n\n\n\n<p><strong>Autoridades<\/strong><\/p>\n\n\n\n<p>Participaron del acto la secretaria de Obras P\u00fablicas Arq. Julieta Bottoni, el secretario de Desarrollo Mauricio Savino, la Directora de Cultura Ramona Ant\u00f3n, concejales, concejales y autoridades de la Secci\u00f3n Vial Pinto de Gendarmer\u00eda Nacional y del Departamento de Seguridad Ciudadana N\u00b0 14.<\/p>\n\n\n\n<p>Por parte de Corredores Viales, el Gerente de Obras Ing. Carlos Maknis; Responsable de Obras Tramo 1 Salta, Tucum\u00e1n, Santiago Ingeniero Roberto Rivero y el Responsable de Obras Zona Ruta 34 Ing. Pablo Ronguetti.<\/p>\n","protected":false},"excerpt":{"rendered":"<p>El presidente de la empresa p\u00fablica Corredores Viales, Gonzalo Atanasof junto al intendente Jorge Leguizam\u00f3n y el comisionado de Malbr\u00e1n Julio Dom\u00ednguez inauguraron la obra de repavimentaci\u00f3n de la Ruta Nacional 34, tramo de 46 kil\u00f3metros que conectan ambas poblaciones.<\/p>\n","protected":false},"author":2,"featured_media":45467,"comment_status":"open","ping_status":"open","sticky":false,"template":"","format":"standard","meta":{"om_disable_all_campaigns":false,"_monsterinsights_skip_tracking":false,"_monsterinsights_sitenote_active":false,"_monsterinsights_sitenote_note":"","_monsterinsights_sitenote_category":0,"_uf_show_specific_survey":0,"_uf_disable_surveys":false,"jetpack_post_was_ever_published":false,"_jetpack_newsletter_access":"","_jetpack_dont_email_post_to_subs":false,"_jetpack_newsletter_tier_id":0,"_jetpack_memberships_contains_paywalled_content":false,"_jetpack_memberships_contains_paid_content":false,"footnotes":"","jetpack_publicize_message":"","jetpack_publicize_feature_enabled":true,"jetpack_social_post_already_shared":false,"jetpack_social_options":{"image_generator_settings":{"template":"highway","default_image_id":0,"font":"","enabled":false},"version":2}},"categories":[21],"tags":[],"class_list":["post-45464","post","type-post","status-publish","format-standard","has-post-thumbnail","hentry","category-locales"],"aioseo_notices":[],"views":7,"jetpack_publicize_connections":[],"jetpack_featured_media_url":"https:\/\/i0.wp.com\/elterritorialweb.com.ar\/web\/wp-content\/uploads\/2022\/10\/PINTO-RUTA.jpg?fit=1200%2C628&ssl=1","jetpack_sharing_enabled":true,"_links":{"self":[{"href":"https:\/\/elterritorialweb.com.ar\/web\/wp-json\/wp\/v2\/posts\/45464","targetHints":{"allow":["GET"]}}],"collection":[{"href":"https:\/\/elterritorialweb.com.ar\/web\/wp-json\/wp\/v2\/posts"}],"about":[{"href":"https:\/\/elterritorialweb.com.ar\/web\/wp-json\/wp\/v2\/types\/post"}],"author":[{"embeddable":true,"href":"https:\/\/elterritorialweb.com.ar\/web\/wp-json\/wp\/v2\/users\/2"}],"replies":[{"embeddable":true,"href":"https:\/\/elterritorialweb.com.ar\/web\/wp-json\/wp\/v2\/comments?post=45464"}],"version-history":[{"count":1,"href":"https:\/\/elterritorialweb.com.ar\/web\/wp-json\/wp\/v2\/posts\/45464\/revisions"}],"predecessor-version":[{"id":45468,"href":"https:\/\/elterritorialweb.com.ar\/web\/wp-json\/wp\/v2\/posts\/45464\/revisions\/45468"}],"wp:featuredmedia":[{"embeddable":true,"href":"https:\/\/elterritorialweb.com.ar\/web\/wp-json\/wp\/v2\/media\/45467"}],"wp:attachment":[{"href":"https:\/\/elterritorialweb.com.ar\/web\/wp-json\/wp\/v2\/media?parent=45464"}],"wp:term":[{"taxonomy":"category","embeddable":true,"href":"https:\/\/elterritorialweb.com.ar\/web\/wp-json\/wp\/v2\/categories?post=45464"},{"taxonomy":"post_tag","embeddable":true,"href":"https:\/\/elterritorialweb.com.ar\/web\/wp-json\/wp\/v2\/tags?post=45464"}],"curies":[{"name":"wp","href":"https:\/\/api.w.org\/{rel}","templated":true}]}}