{"id":45474,"date":"2022-10-06T02:49:47","date_gmt":"2022-10-06T02:49:47","guid":{"rendered":"http:\/\/elterritorialweb.com.ar\/web\/?p=45474"},"modified":"2022-10-06T02:49:48","modified_gmt":"2022-10-06T02:49:48","slug":"zamora-inauguro-la-primera-etapa-del-nuevo-edificio-de-vialidad-provincial","status":"publish","type":"post","link":"https:\/\/elterritorialweb.com.ar\/web\/zamora-inauguro-la-primera-etapa-del-nuevo-edificio-de-vialidad-provincial\/","title":{"rendered":"ZAMORA INAUGUR\u00d3 LA PRIMERA ETAPA DEL NUEVO EDIFICIO DE VIALIDAD PROVINCIAL"},"content":{"rendered":"\n<p>Este primer bloque de la obra est\u00e1 conformado por cuatro plantas con una superficie cubierta de 2.888 metros cuadrados, donde se encuentra el sector de oficinas administrativas, de servicios, salas de reuniones y otras dependencias.<br>Est\u00e1 dotado con tecnolog\u00edas de \u00faltima generaci\u00f3n aplicadas para la climatizaci\u00f3n ambiental, energ\u00eda el\u00e9ctrica, transporte, sistemas de seguridad, comunicaciones, transmisi\u00f3n de datos y prevenci\u00f3n contra incendios.<br>Actualmente se encuentra en ejecuci\u00f3n la segunda etapa del edificio vial, con una superficie de 4.227,10 metros cuadrados, que se vincular\u00e1 a trav\u00e9s de un puente met\u00e1lico y complementar\u00e1 con tres plantas el \u00e1rea t\u00e9cnica compuesta por las direcciones de Construcciones, Conservaci\u00f3n e Ingenier\u00eda Vial; tambi\u00e9n con laboratorio y el taller.<br>En el acto de inauguraci\u00f3n, Zamora estuvo acompa\u00f1ado por el vicegobernador Carlos Silva Neder, la intendente de la Capital, Norma Fuentes; el ministro de Gobierno, Marcelo Barbur; el subsecretario de Obras P\u00fablicas, Jorge Zua\u00edn y en senador Jos\u00e9 Emilio Neder, quienes fueron recibidos por el presidente del organismo anfitri\u00f3n, Jos\u00e9 Alfano y todo el personal.<\/p>\n\n\n\n<figure class=\"wp-block-image size-large\"><a href=\"https:\/\/i0.wp.com\/elterritorialweb.com.ar\/web\/wp-content\/uploads\/2022\/10\/WhatsApp-Image-2022-10-05-at-15.52.53.jpeg\"><img data-recalc-dims=\"1\" decoding=\"async\" width=\"640\" height=\"427\" data-src=\"https:\/\/i0.wp.com\/elterritorialweb.com.ar\/web\/wp-content\/uploads\/2022\/10\/WhatsApp-Image-2022-10-05-at-15.52.53.jpeg?resize=640%2C427\" alt=\"\" class=\"wp-image-45475 lazyload\" data-srcset=\"https:\/\/i0.wp.com\/elterritorialweb.com.ar\/web\/wp-content\/uploads\/2022\/10\/WhatsApp-Image-2022-10-05-at-15.52.53.jpeg?resize=1024%2C683&amp;ssl=1 1024w, https:\/\/i0.wp.com\/elterritorialweb.com.ar\/web\/wp-content\/uploads\/2022\/10\/WhatsApp-Image-2022-10-05-at-15.52.53.jpeg?resize=300%2C200&amp;ssl=1 300w, https:\/\/i0.wp.com\/elterritorialweb.com.ar\/web\/wp-content\/uploads\/2022\/10\/WhatsApp-Image-2022-10-05-at-15.52.53.jpeg?resize=768%2C512&amp;ssl=1 768w, https:\/\/i0.wp.com\/elterritorialweb.com.ar\/web\/wp-content\/uploads\/2022\/10\/WhatsApp-Image-2022-10-05-at-15.52.53.jpeg?w=1280&amp;ssl=1 1280w\" data-sizes=\"(max-width: 640px) 100vw, 640px\" src=\"data:image\/svg+xml;base64,PHN2ZyB3aWR0aD0iMSIgaGVpZ2h0PSIxIiB4bWxucz0iaHR0cDovL3d3dy53My5vcmcvMjAwMC9zdmciPjwvc3ZnPg==\" style=\"--smush-placeholder-width: 640px; --smush-placeholder-aspect-ratio: 640\/427;\" \/><\/a><\/figure>\n\n\n\n<p>Tras el corte de cintas y el recorrido por las instalaciones, el mandatario salud\u00f3 a los trabajadores en el D\u00eda del Camino. \u201cNo quer\u00edamos dejar pasar esta fecha y, simb\u00f3licamente a trav\u00e9s de esta inauguraci\u00f3n, mostrar lo que Vialidad de la provincia viene haciendo. Este a\u00f1o con 44 licitaciones realizadas y en ejecuci\u00f3n de otras 20 hasta fin de a\u00f1o de obras entre nuevos caminos, repavimentaci\u00f3n, enripiado y puentes, implican no solamente una inversi\u00f3n y el trabajo r\u00e9cord en tema caminos, sino que a nivel de contexto pa\u00eds, y esto es la demostraci\u00f3n de lo que esta gran familia vial puede hacer\u201d, expres\u00f3.<br>A su turno, Alfano dijo: \u201cSabemos de la transformaci\u00f3n que viene teniendo la provincia y desde Vialidad venimos haciendo muchas cosas, hoy en particular estamos disfrutando de esta nueva casa que tanto anhel\u00e1bamos. Much\u00edsimas gracias gobernador por este desarrollo\u201d.<\/p>\n","protected":false},"excerpt":{"rendered":"<p>En el marco del D\u00eda del Camino, que se conmemora cada 5 de octubre, el gobernador Gerardo Zamora dej\u00f3 inaugurada este mi\u00e9rcoles la primera etapa de la nueva sede del Consejo Provincial de Vialidad (CPV), ubicado en la esquina de la avenida Belgrano (N) 486 y calle Presb\u00edtero Gorriti del barrio Centenario.<\/p>\n","protected":false},"author":2,"featured_media":45476,"comment_status":"open","ping_status":"open","sticky":false,"template":"","format":"standard","meta":{"om_disable_all_campaigns":false,"_monsterinsights_skip_tracking":false,"_monsterinsights_sitenote_active":false,"_monsterinsights_sitenote_note":"","_monsterinsights_sitenote_category":0,"_uf_show_specific_survey":0,"_uf_disable_surveys":false,"jetpack_post_was_ever_published":false,"_jetpack_newsletter_access":"","_jetpack_dont_email_post_to_subs":false,"_jetpack_newsletter_tier_id":0,"_jetpack_memberships_contains_paywalled_content":false,"_jetpack_memberships_contains_paid_content":false,"footnotes":"","jetpack_publicize_message":"","jetpack_publicize_feature_enabled":true,"jetpack_social_post_already_shared":false,"jetpack_social_options":{"image_generator_settings":{"template":"highway","default_image_id":0,"font":"","enabled":false},"version":2}},"categories":[21],"tags":[],"class_list":["post-45474","post","type-post","status-publish","format-standard","has-post-thumbnail","hentry","category-locales"],"aioseo_notices":[],"views":7,"jetpack_publicize_connections":[],"jetpack_featured_media_url":"https:\/\/i0.wp.com\/elterritorialweb.com.ar\/web\/wp-content\/uploads\/2022\/10\/WhatsApp-Image-2022-10-05-at-15.52.54.jpeg?fit=1020%2C810&ssl=1","jetpack_sharing_enabled":true,"_links":{"self":[{"href":"https:\/\/elterritorialweb.com.ar\/web\/wp-json\/wp\/v2\/posts\/45474","targetHints":{"allow":["GET"]}}],"collection":[{"href":"https:\/\/elterritorialweb.com.ar\/web\/wp-json\/wp\/v2\/posts"}],"about":[{"href":"https:\/\/elterritorialweb.com.ar\/web\/wp-json\/wp\/v2\/types\/post"}],"author":[{"embeddable":true,"href":"https:\/\/elterritorialweb.com.ar\/web\/wp-json\/wp\/v2\/users\/2"}],"replies":[{"embeddable":true,"href":"https:\/\/elterritorialweb.com.ar\/web\/wp-json\/wp\/v2\/comments?post=45474"}],"version-history":[{"count":1,"href":"https:\/\/elterritorialweb.com.ar\/web\/wp-json\/wp\/v2\/posts\/45474\/revisions"}],"predecessor-version":[{"id":45477,"href":"https:\/\/elterritorialweb.com.ar\/web\/wp-json\/wp\/v2\/posts\/45474\/revisions\/45477"}],"wp:featuredmedia":[{"embeddable":true,"href":"https:\/\/elterritorialweb.com.ar\/web\/wp-json\/wp\/v2\/media\/45476"}],"wp:attachment":[{"href":"https:\/\/elterritorialweb.com.ar\/web\/wp-json\/wp\/v2\/media?parent=45474"}],"wp:term":[{"taxonomy":"category","embeddable":true,"href":"https:\/\/elterritorialweb.com.ar\/web\/wp-json\/wp\/v2\/categories?post=45474"},{"taxonomy":"post_tag","embeddable":true,"href":"https:\/\/elterritorialweb.com.ar\/web\/wp-json\/wp\/v2\/tags?post=45474"}],"curies":[{"name":"wp","href":"https:\/\/api.w.org\/{rel}","templated":true}]}}