{"id":45478,"date":"2022-10-06T03:13:32","date_gmt":"2022-10-06T03:13:32","guid":{"rendered":"http:\/\/elterritorialweb.com.ar\/web\/?p=45478"},"modified":"2022-10-06T03:13:33","modified_gmt":"2022-10-06T03:13:33","slug":"el-gobernador-recibio-a-autoridades-de-la-empresa-corredores-viales","status":"publish","type":"post","link":"https:\/\/elterritorialweb.com.ar\/web\/el-gobernador-recibio-a-autoridades-de-la-empresa-corredores-viales\/","title":{"rendered":"EL GOBERNADOR RECIBI\u00d3 A AUTORIDADES DE LA EMPRESA CORREDORES VIALES"},"content":{"rendered":"\n<p>Tambi\u00e9n participaron del encuentro el presidente Consejo Provincial de Vialidad, Jos\u00e9 Alfano, y el subsecretario de Obras P\u00fablicas, Jorge Zua\u00edn.<br>Tras la reuni\u00f3n, Atanasof dijo que el prop\u00f3sito de la reuni\u00f3n fue analizar la obra habilitada oficialmente este martes en el departamento Aguirre y planificar una serie de iniciativas y proyectos, \u201ctanto en la ruta nacional 9 como en la ruta nacional 34\u201d.<br>Destac\u00f3 adem\u00e1s la gesti\u00f3n provincial en materia de infraestructura. \u201cEs impactante, cada vez que uno viene a Santiago del Estero puede observar el crecimiento y desarrollo de una provincia pujante, siempre es muy interesante escuchar al gobernador, en la mirada que tiene en materia vial, en materia de obras y tambi\u00e9n su mirada pol\u00edtica\u201d, dijo.<br>Por su parte, Leonardo Zara, consider\u00f3: \u201cEsta reuni\u00f3n es de suma importancia, sobre todo para nosotros, que quedamos asombrados cada vez que venimos; ver c\u00f3mo crece Santiago del Estero y aceptando esta invitaci\u00f3n a esta mesa de trabajo en donde nos sumamos a la estrategia con el gobernador de aportar para el desarrollo, con Santiago del Estero y con todo lo que ha crecido demogr\u00e1ficamente, en materia de producci\u00f3n y de industria\u201d.<\/p>\n","protected":false},"excerpt":{"rendered":"<p>El gobernador Gerardo Zamora recibi\u00f3 este mi\u00e9rcoles en Casa de Gobierno al presidente de Corredores Viales SA, Gonzalo Atanasof, y al gerente general de esa empresa estatal, Leonardo Zara, con quienes habl\u00f3 sobre la repavimentaci\u00f3n de un tramo de 46 kil\u00f3metros de la ruta nacional 34, entre Malbr\u00e1n y Pinto, y de otros proyectos para la provincia.<\/p>\n","protected":false},"author":2,"featured_media":45479,"comment_status":"open","ping_status":"open","sticky":false,"template":"","format":"standard","meta":{"om_disable_all_campaigns":false,"_monsterinsights_skip_tracking":false,"_monsterinsights_sitenote_active":false,"_monsterinsights_sitenote_note":"","_monsterinsights_sitenote_category":0,"_uf_show_specific_survey":0,"_uf_disable_surveys":false,"jetpack_post_was_ever_published":false,"_jetpack_newsletter_access":"","_jetpack_dont_email_post_to_subs":false,"_jetpack_newsletter_tier_id":0,"_jetpack_memberships_contains_paywalled_content":false,"_jetpack_memberships_contains_paid_content":false,"footnotes":"","jetpack_publicize_message":"","jetpack_publicize_feature_enabled":true,"jetpack_social_post_already_shared":false,"jetpack_social_options":{"image_generator_settings":{"template":"highway","default_image_id":0,"font":"","enabled":false},"version":2}},"categories":[21],"tags":[],"class_list":["post-45478","post","type-post","status-publish","format-standard","has-post-thumbnail","hentry","category-locales"],"aioseo_notices":[],"views":9,"jetpack_publicize_connections":[],"jetpack_featured_media_url":"https:\/\/i0.wp.com\/elterritorialweb.com.ar\/web\/wp-content\/uploads\/2022\/10\/WhatsApp-Image-2022-10-05-at-18.19.54.jpeg?fit=1280%2C772&ssl=1","jetpack_sharing_enabled":true,"_links":{"self":[{"href":"https:\/\/elterritorialweb.com.ar\/web\/wp-json\/wp\/v2\/posts\/45478","targetHints":{"allow":["GET"]}}],"collection":[{"href":"https:\/\/elterritorialweb.com.ar\/web\/wp-json\/wp\/v2\/posts"}],"about":[{"href":"https:\/\/elterritorialweb.com.ar\/web\/wp-json\/wp\/v2\/types\/post"}],"author":[{"embeddable":true,"href":"https:\/\/elterritorialweb.com.ar\/web\/wp-json\/wp\/v2\/users\/2"}],"replies":[{"embeddable":true,"href":"https:\/\/elterritorialweb.com.ar\/web\/wp-json\/wp\/v2\/comments?post=45478"}],"version-history":[{"count":1,"href":"https:\/\/elterritorialweb.com.ar\/web\/wp-json\/wp\/v2\/posts\/45478\/revisions"}],"predecessor-version":[{"id":45480,"href":"https:\/\/elterritorialweb.com.ar\/web\/wp-json\/wp\/v2\/posts\/45478\/revisions\/45480"}],"wp:featuredmedia":[{"embeddable":true,"href":"https:\/\/elterritorialweb.com.ar\/web\/wp-json\/wp\/v2\/media\/45479"}],"wp:attachment":[{"href":"https:\/\/elterritorialweb.com.ar\/web\/wp-json\/wp\/v2\/media?parent=45478"}],"wp:term":[{"taxonomy":"category","embeddable":true,"href":"https:\/\/elterritorialweb.com.ar\/web\/wp-json\/wp\/v2\/categories?post=45478"},{"taxonomy":"post_tag","embeddable":true,"href":"https:\/\/elterritorialweb.com.ar\/web\/wp-json\/wp\/v2\/tags?post=45478"}],"curies":[{"name":"wp","href":"https:\/\/api.w.org\/{rel}","templated":true}]}}