{"id":45481,"date":"2022-10-06T03:37:29","date_gmt":"2022-10-06T03:37:29","guid":{"rendered":"http:\/\/elterritorialweb.com.ar\/web\/?p=45481"},"modified":"2022-10-06T03:37:29","modified_gmt":"2022-10-06T03:37:29","slug":"nediani-visito-las-obras-de-pavimentacion-que-se-realizan-sobre-calle-misiones","status":"publish","type":"post","link":"https:\/\/elterritorialweb.com.ar\/web\/nediani-visito-las-obras-de-pavimentacion-que-se-realizan-sobre-calle-misiones\/","title":{"rendered":"NEDIANI VISIT\u00d3 LAS OBRAS DE PAVIMENTACI\u00d3N QUE SE REALIZAN SOBRE CALLE MISIONES"},"content":{"rendered":"\n<p>Durante la ma\u00f1ana, el intendente Roger Nediani visit\u00f3 las obras de encajonamiento y hormigonado sobre calle Misiones, acompa\u00f1ado por el Secretario de Obras Publicas Cristian Alzamora, el Secretario de Servicios P\u00fablicos Cristian Mendoza y dem\u00e1s autoridades municipales.<br>En la oportunidad, el jefe comunal manifest\u00f3: \u201cEstamos trabajando en obras de infraestructura b\u00e1sica en diferentes sectores que permitan integrar a los barrios de la ciudad. Esta es una obra de 1.000 metros de pavimentaci\u00f3n que arranca desde Rep\u00fablica de L\u00edbano hasta Amadeo Jacques y que har\u00e1 m\u00e1s eficiente la transitabilidad de todos los vecinos del barrio Juan Per\u00f3n, Textil, Mercantil y dem\u00e1s barrios aleda\u00f1os\u201d.<\/p>\n\n\n\n<figure class=\"wp-block-image size-large\"><a href=\"https:\/\/i0.wp.com\/elterritorialweb.com.ar\/web\/wp-content\/uploads\/2022\/10\/WhatsApp-Image-2022-10-05-at-13.38.28.jpeg\"><img data-recalc-dims=\"1\" decoding=\"async\" width=\"640\" height=\"423\" data-src=\"https:\/\/i0.wp.com\/elterritorialweb.com.ar\/web\/wp-content\/uploads\/2022\/10\/WhatsApp-Image-2022-10-05-at-13.38.28.jpeg?resize=640%2C423\" alt=\"\" class=\"wp-image-45482 lazyload\" data-srcset=\"https:\/\/i0.wp.com\/elterritorialweb.com.ar\/web\/wp-content\/uploads\/2022\/10\/WhatsApp-Image-2022-10-05-at-13.38.28.jpeg?resize=1024%2C677&amp;ssl=1 1024w, https:\/\/i0.wp.com\/elterritorialweb.com.ar\/web\/wp-content\/uploads\/2022\/10\/WhatsApp-Image-2022-10-05-at-13.38.28.jpeg?resize=300%2C198&amp;ssl=1 300w, https:\/\/i0.wp.com\/elterritorialweb.com.ar\/web\/wp-content\/uploads\/2022\/10\/WhatsApp-Image-2022-10-05-at-13.38.28.jpeg?resize=768%2C508&amp;ssl=1 768w, https:\/\/i0.wp.com\/elterritorialweb.com.ar\/web\/wp-content\/uploads\/2022\/10\/WhatsApp-Image-2022-10-05-at-13.38.28.jpeg?w=1380&amp;ssl=1 1380w, https:\/\/i0.wp.com\/elterritorialweb.com.ar\/web\/wp-content\/uploads\/2022\/10\/WhatsApp-Image-2022-10-05-at-13.38.28.jpeg?w=1280 1280w\" data-sizes=\"(max-width: 640px) 100vw, 640px\" src=\"data:image\/svg+xml;base64,PHN2ZyB3aWR0aD0iMSIgaGVpZ2h0PSIxIiB4bWxucz0iaHR0cDovL3d3dy53My5vcmcvMjAwMC9zdmciPjwvc3ZnPg==\" style=\"--smush-placeholder-width: 640px; --smush-placeholder-aspect-ratio: 640\/423;\" \/><\/a><\/figure>\n\n\n\n<p>Adem\u00e1s, agreg\u00f3 que, \u201cLa idea es continuar trabajando, tal cual lo prometimos en la campa\u00f1a electoral y manifestando la cercan\u00eda entre municipio y vecino, que nos permitir\u00e1 seguir creciendo como ciudad\u201d.<br>Cabe destacar que durante la semana se supervisaron las obras de ensanchamiento y apertura de plata bandas sobre calle 25 de Mayo, y sobre Avenida Besares y la Curva de Trujillo.<\/p>\n","protected":false},"excerpt":{"rendered":"<p>La Municipalidad de la Banda a trav\u00e9s de la Secretaria de Obras P\u00fablicas contin\u00faa con los trabajos en distintos sectores de la ciudad, bajo el Plan de Mejoramiento de calles.<\/p>\n","protected":false},"author":2,"featured_media":45483,"comment_status":"open","ping_status":"open","sticky":false,"template":"","format":"standard","meta":{"om_disable_all_campaigns":false,"_monsterinsights_skip_tracking":false,"_monsterinsights_sitenote_active":false,"_monsterinsights_sitenote_note":"","_monsterinsights_sitenote_category":0,"_uf_show_specific_survey":0,"_uf_disable_surveys":false,"jetpack_post_was_ever_published":false,"_jetpack_newsletter_access":"","_jetpack_dont_email_post_to_subs":false,"_jetpack_newsletter_tier_id":0,"_jetpack_memberships_contains_paywalled_content":false,"_jetpack_memberships_contains_paid_content":false,"footnotes":"","jetpack_publicize_message":"","jetpack_publicize_feature_enabled":true,"jetpack_social_post_already_shared":false,"jetpack_social_options":{"image_generator_settings":{"template":"highway","default_image_id":0,"font":"","enabled":false},"version":2}},"categories":[21],"tags":[],"class_list":["post-45481","post","type-post","status-publish","format-standard","has-post-thumbnail","hentry","category-locales"],"aioseo_notices":[],"views":6,"jetpack_publicize_connections":[],"jetpack_featured_media_url":"https:\/\/i0.wp.com\/elterritorialweb.com.ar\/web\/wp-content\/uploads\/2022\/10\/WhatsApp-Image-2022-10-05-at-13.38.29.jpeg?fit=1380%2C912&ssl=1","jetpack_sharing_enabled":true,"_links":{"self":[{"href":"https:\/\/elterritorialweb.com.ar\/web\/wp-json\/wp\/v2\/posts\/45481","targetHints":{"allow":["GET"]}}],"collection":[{"href":"https:\/\/elterritorialweb.com.ar\/web\/wp-json\/wp\/v2\/posts"}],"about":[{"href":"https:\/\/elterritorialweb.com.ar\/web\/wp-json\/wp\/v2\/types\/post"}],"author":[{"embeddable":true,"href":"https:\/\/elterritorialweb.com.ar\/web\/wp-json\/wp\/v2\/users\/2"}],"replies":[{"embeddable":true,"href":"https:\/\/elterritorialweb.com.ar\/web\/wp-json\/wp\/v2\/comments?post=45481"}],"version-history":[{"count":1,"href":"https:\/\/elterritorialweb.com.ar\/web\/wp-json\/wp\/v2\/posts\/45481\/revisions"}],"predecessor-version":[{"id":45485,"href":"https:\/\/elterritorialweb.com.ar\/web\/wp-json\/wp\/v2\/posts\/45481\/revisions\/45485"}],"wp:featuredmedia":[{"embeddable":true,"href":"https:\/\/elterritorialweb.com.ar\/web\/wp-json\/wp\/v2\/media\/45483"}],"wp:attachment":[{"href":"https:\/\/elterritorialweb.com.ar\/web\/wp-json\/wp\/v2\/media?parent=45481"}],"wp:term":[{"taxonomy":"category","embeddable":true,"href":"https:\/\/elterritorialweb.com.ar\/web\/wp-json\/wp\/v2\/categories?post=45481"},{"taxonomy":"post_tag","embeddable":true,"href":"https:\/\/elterritorialweb.com.ar\/web\/wp-json\/wp\/v2\/tags?post=45481"}],"curies":[{"name":"wp","href":"https:\/\/api.w.org\/{rel}","templated":true}]}}