{"id":45486,"date":"2022-10-06T04:06:09","date_gmt":"2022-10-06T04:06:09","guid":{"rendered":"http:\/\/elterritorialweb.com.ar\/web\/?p=45486"},"modified":"2022-10-06T04:06:09","modified_gmt":"2022-10-06T04:06:09","slug":"el-renzi-renueva-su-cartelera-con-peliculas-de-variados-generos","status":"publish","type":"post","link":"https:\/\/elterritorialweb.com.ar\/web\/el-renzi-renueva-su-cartelera-con-peliculas-de-variados-generos\/","title":{"rendered":"EL RENZI RENUEVA SU CARTELERA CON PEL\u00cdCULAS DE VARIADOS G\u00c9NEROS"},"content":{"rendered":"\n<p><strong>\u201cTadeo: El explorador: La maldici\u00f3n de la momia\u201d<\/strong>, a Tadeo le encantar\u00eda que sus colegas arque\u00f3logos le aceptaran como a uno m\u00e1s, pero siempre acaba arruin\u00e1ndolo: cuando destroza un sarc\u00f3fago y desata un conjuro, pone en peligro la vida de sus amigos, Momia, Jeff y Belzoni. Con todos en contra y solo ayudado por Sara, Tadeo emprender\u00e1 una huida llena de aventuras, que le llevar\u00e1 de M\u00e9xico a Chicago y de Par\u00eds a Egipto, para encontrar la manera de acabar con la maldici\u00f3n de la momia. Estar\u00e1 disponible en los horarios de las 16.<\/p>\n\n\n\n<figure class=\"wp-block-image size-full\"><a href=\"https:\/\/i0.wp.com\/elterritorialweb.com.ar\/web\/wp-content\/uploads\/2022\/10\/TADEO.jpeg\"><img data-recalc-dims=\"1\" decoding=\"async\" width=\"640\" height=\"330\" data-src=\"https:\/\/i0.wp.com\/elterritorialweb.com.ar\/web\/wp-content\/uploads\/2022\/10\/TADEO.jpeg?resize=640%2C330\" alt=\"\" class=\"wp-image-45487 lazyload\" data-srcset=\"https:\/\/i0.wp.com\/elterritorialweb.com.ar\/web\/wp-content\/uploads\/2022\/10\/TADEO.jpeg?w=1000&amp;ssl=1 1000w, https:\/\/i0.wp.com\/elterritorialweb.com.ar\/web\/wp-content\/uploads\/2022\/10\/TADEO.jpeg?resize=300%2C155&amp;ssl=1 300w, https:\/\/i0.wp.com\/elterritorialweb.com.ar\/web\/wp-content\/uploads\/2022\/10\/TADEO.jpeg?resize=768%2C396&amp;ssl=1 768w\" data-sizes=\"(max-width: 640px) 100vw, 640px\" src=\"data:image\/svg+xml;base64,PHN2ZyB3aWR0aD0iMSIgaGVpZ2h0PSIxIiB4bWxucz0iaHR0cDovL3d3dy53My5vcmcvMjAwMC9zdmciPjwvc3ZnPg==\" style=\"--smush-placeholder-width: 640px; --smush-placeholder-aspect-ratio: 640\/330;\" \/><\/a><\/figure>\n\n\n\n<p><strong>\u201cM\u00e1s respeto que soy tu madre\u201d<\/strong> muestra la vida de Mirta Bertotti, un ama de casa argentina de cincuenta a\u00f1os, se le cae el mundo encima cuando la crisis econ\u00f3mica de 2001 desbarranca a su familia, desde la clase media a la pobreza absoluta. Un marido desocupado, dos hijos adolescentes con problemas, un suegro drogadicto y la llegada de la menopausia hacen que su vida se convierta en un infierno. Mirta necesitar\u00e1 un humor a prueba de balas para convertir cada desgracia familiar en una lecci\u00f3n de vida. Esta pel\u00edcula forma parte del Espacio Incaa y puede verse en el horario de las 18.<\/p>\n\n\n\n<figure class=\"wp-block-image size-full\"><a href=\"https:\/\/i0.wp.com\/elterritorialweb.com.ar\/web\/wp-content\/uploads\/2022\/10\/MAS-RESPETO-SOY-TU-MADRE.jpg\"><img data-recalc-dims=\"1\" decoding=\"async\" width=\"640\" height=\"360\" data-src=\"https:\/\/i0.wp.com\/elterritorialweb.com.ar\/web\/wp-content\/uploads\/2022\/10\/MAS-RESPETO-SOY-TU-MADRE.jpg?resize=640%2C360\" alt=\"\" class=\"wp-image-45488 lazyload\" data-srcset=\"https:\/\/i0.wp.com\/elterritorialweb.com.ar\/web\/wp-content\/uploads\/2022\/10\/MAS-RESPETO-SOY-TU-MADRE.jpg?w=960&amp;ssl=1 960w, https:\/\/i0.wp.com\/elterritorialweb.com.ar\/web\/wp-content\/uploads\/2022\/10\/MAS-RESPETO-SOY-TU-MADRE.jpg?resize=300%2C169&amp;ssl=1 300w, https:\/\/i0.wp.com\/elterritorialweb.com.ar\/web\/wp-content\/uploads\/2022\/10\/MAS-RESPETO-SOY-TU-MADRE.jpg?resize=768%2C432&amp;ssl=1 768w\" data-sizes=\"(max-width: 640px) 100vw, 640px\" src=\"data:image\/svg+xml;base64,PHN2ZyB3aWR0aD0iMSIgaGVpZ2h0PSIxIiB4bWxucz0iaHR0cDovL3d3dy53My5vcmcvMjAwMC9zdmciPjwvc3ZnPg==\" style=\"--smush-placeholder-width: 640px; --smush-placeholder-aspect-ratio: 640\/360;\" \/><\/a><\/figure>\n\n\n\n<p><strong>\u201cArgentina, 1985\u201d<\/strong> est\u00e1 inspirada en la historia real de Julio Strassera, Luis Moreno Ocampo y su joven equipo jur\u00eddico que se atrevieron a acusar, contra viento y marea, a contrarreloj y bajo constante amenaza, a la m\u00e1s sangrienta dictadura militar argentina. Una batalla de David contra Goliat, con los h\u00e9roes menos esperados. Seguir\u00e1 en cartelera a las 21.30.<\/p>\n\n\n\n<figure class=\"wp-block-image size-full\"><a href=\"https:\/\/i0.wp.com\/elterritorialweb.com.ar\/web\/wp-content\/uploads\/2022\/09\/argentina-1985.jpeg\"><img data-recalc-dims=\"1\" decoding=\"async\" width=\"640\" height=\"359\" data-src=\"https:\/\/i0.wp.com\/elterritorialweb.com.ar\/web\/wp-content\/uploads\/2022\/09\/argentina-1985.jpeg?resize=640%2C359\" alt=\"\" class=\"wp-image-45288 lazyload\" data-srcset=\"https:\/\/i0.wp.com\/elterritorialweb.com.ar\/web\/wp-content\/uploads\/2022\/09\/argentina-1985.jpeg?w=990&amp;ssl=1 990w, https:\/\/i0.wp.com\/elterritorialweb.com.ar\/web\/wp-content\/uploads\/2022\/09\/argentina-1985.jpeg?resize=300%2C168&amp;ssl=1 300w, https:\/\/i0.wp.com\/elterritorialweb.com.ar\/web\/wp-content\/uploads\/2022\/09\/argentina-1985.jpeg?resize=768%2C431&amp;ssl=1 768w\" data-sizes=\"(max-width: 640px) 100vw, 640px\" src=\"data:image\/svg+xml;base64,PHN2ZyB3aWR0aD0iMSIgaGVpZ2h0PSIxIiB4bWxucz0iaHR0cDovL3d3dy53My5vcmcvMjAwMC9zdmciPjwvc3ZnPg==\" style=\"--smush-placeholder-width: 640px; --smush-placeholder-aspect-ratio: 640\/359;\" \/><\/a><\/figure>\n\n\n\n<p><strong>\u201cSonrie\u201d<\/strong> cuenta la historia de la Dra. Cotter, quien tras presenciar el dram\u00e1tico incidente sufrido por un paciente, empieza a experimentar hechos aterradores sin explicaci\u00f3n aparente. A medida que el horror se adue\u00f1a de su vida, comprende que la respuesta est\u00e1 en su propio pasado. Podr\u00e1 verse todos los d\u00edas en el \u00fanico horario de las 23.45<br>El valor de las entradas generales es de $600, de las pel\u00edculas para el Espacio Incaa de $100 y la promoci\u00f3n de lunes a mi\u00e9rcoles de dos entradas por $900.<\/p>\n","protected":false},"excerpt":{"rendered":"<p>El Cine Teatro Renzi renueva su cartelera desde el jueves 6 hasta mi\u00e9rcoles 12 con el estreno de una pel\u00edcula de terror \u201cSonr\u00ede\u201d, una comedia argentina \u201cM\u00e1s respeto que soy tu madre\u201d y una animaci\u00f3n infantil \u201cTadeo: El explorador: La maldici\u00f3n de la momia\u201d.<\/p>\n","protected":false},"author":2,"featured_media":15175,"comment_status":"open","ping_status":"open","sticky":false,"template":"","format":"standard","meta":{"om_disable_all_campaigns":false,"_monsterinsights_skip_tracking":false,"_monsterinsights_sitenote_active":false,"_monsterinsights_sitenote_note":"","_monsterinsights_sitenote_category":0,"_uf_show_specific_survey":0,"_uf_disable_surveys":false,"jetpack_post_was_ever_published":false,"_jetpack_newsletter_access":"","_jetpack_dont_email_post_to_subs":false,"_jetpack_newsletter_tier_id":0,"_jetpack_memberships_contains_paywalled_content":false,"_jetpack_memberships_contains_paid_content":false,"footnotes":"","jetpack_publicize_message":"","jetpack_publicize_feature_enabled":true,"jetpack_social_post_already_shared":false,"jetpack_social_options":{"image_generator_settings":{"template":"highway","default_image_id":0,"font":"","enabled":false},"version":2}},"categories":[20],"tags":[],"class_list":["post-45486","post","type-post","status-publish","format-standard","has-post-thumbnail","hentry","category-especysociales"],"aioseo_notices":[],"views":6,"jetpack_publicize_connections":[],"jetpack_featured_media_url":"https:\/\/i0.wp.com\/elterritorialweb.com.ar\/web\/wp-content\/uploads\/2020\/12\/cine-renzi.jpeg?fit=715%2C446&ssl=1","jetpack_sharing_enabled":true,"_links":{"self":[{"href":"https:\/\/elterritorialweb.com.ar\/web\/wp-json\/wp\/v2\/posts\/45486","targetHints":{"allow":["GET"]}}],"collection":[{"href":"https:\/\/elterritorialweb.com.ar\/web\/wp-json\/wp\/v2\/posts"}],"about":[{"href":"https:\/\/elterritorialweb.com.ar\/web\/wp-json\/wp\/v2\/types\/post"}],"author":[{"embeddable":true,"href":"https:\/\/elterritorialweb.com.ar\/web\/wp-json\/wp\/v2\/users\/2"}],"replies":[{"embeddable":true,"href":"https:\/\/elterritorialweb.com.ar\/web\/wp-json\/wp\/v2\/comments?post=45486"}],"version-history":[{"count":1,"href":"https:\/\/elterritorialweb.com.ar\/web\/wp-json\/wp\/v2\/posts\/45486\/revisions"}],"predecessor-version":[{"id":45489,"href":"https:\/\/elterritorialweb.com.ar\/web\/wp-json\/wp\/v2\/posts\/45486\/revisions\/45489"}],"wp:featuredmedia":[{"embeddable":true,"href":"https:\/\/elterritorialweb.com.ar\/web\/wp-json\/wp\/v2\/media\/15175"}],"wp:attachment":[{"href":"https:\/\/elterritorialweb.com.ar\/web\/wp-json\/wp\/v2\/media?parent=45486"}],"wp:term":[{"taxonomy":"category","embeddable":true,"href":"https:\/\/elterritorialweb.com.ar\/web\/wp-json\/wp\/v2\/categories?post=45486"},{"taxonomy":"post_tag","embeddable":true,"href":"https:\/\/elterritorialweb.com.ar\/web\/wp-json\/wp\/v2\/tags?post=45486"}],"curies":[{"name":"wp","href":"https:\/\/api.w.org\/{rel}","templated":true}]}}