{"id":45490,"date":"2022-10-06T04:20:24","date_gmt":"2022-10-06T04:20:24","guid":{"rendered":"http:\/\/elterritorialweb.com.ar\/web\/?p=45490"},"modified":"2022-10-06T04:21:20","modified_gmt":"2022-10-06T04:21:20","slug":"larcher-presento-el-proyecto-de-ley-la-hora-silenciosa-para-personas-con-tea","status":"publish","type":"post","link":"https:\/\/elterritorialweb.com.ar\/web\/larcher-presento-el-proyecto-de-ley-la-hora-silenciosa-para-personas-con-tea\/","title":{"rendered":"LARCHER PRESENT\u00d3 EL PROYECTO DE LEY \u00abLA HORA SILENCIOSA\u00bb PARA PERSONAS CON TEA"},"content":{"rendered":"\n<p>El mismo fue presentado por la diputada Ver\u00f3nica Larcher, del bloque Frente Renovador y Progresista.<\/p>\n\n\n\n<p>El proyecto busca la implementaci\u00f3n en los supermercados y centros comerciales de la denominada \u201cHora silenciosa\u201d, con el fin de garantizar el derecho a la inclusi\u00f3n e integraci\u00f3n social de las personas autistas y otras con escasa tolerancia a los ruidos y luces intensas.<\/p>\n\n\n\n<p>&nbsp;Entre sus articulados indica que se deben establecer los d\u00edas y horarios de la hora silenciosa, procurando, como m\u00ednimo, 120 minutos repartidos en dos jornadas de lunes a viernes, y 60 minutos los s\u00e1bados y domingos, entre otros requerimientos que deber\u00e1n cumplir estos negocios, previendo sanciones y multas.<\/p>\n\n\n\n<p>\u201cLas personas con Trastorno del Espectro Autista o con alg\u00fan problema cognitivo pueden desarrollar mayor o menor sensibilidad a la percepci\u00f3n de los est\u00edmulos sensoriales, afectando su conducta y su comportamiento.<\/p>\n\n\n\n<p>Para muchas familias, donde alg\u00fan miembro cuenta con esta condici\u00f3n, una salida a un lugar p\u00fablico como a un supermercado o centro comercial puede resultar una experiencia abrumadora. La vida familiar termina limitando sus salidas, las cuales pueden convertirse en una verdadera odisea al tener que enfrentar espacios que no est\u00e1n preparados para responder a sus necesidades\u201d, explic\u00f3 la autora del proyecto.<\/p>\n\n\n\n<p>\u201cEstar en el supermercado o centro comercial puede afectar el procesamiento sensorial generando hipersensibilidad, causada por la acumulaci\u00f3n de diversos est\u00edmulos, por ejemplo: las luces de ne\u00f3n, la m\u00fasica, la gente.<\/p>\n\n\n\n<p>El autismo no es una enfermedad, es una condici\u00f3n. Las personas con autismo o con alguna discapacidad cognitiva son parte de nuestro mundo y eso nos obliga como representantes del pueblo a facilitar todo lo necesario para garantizarles una vida plena\u201d, agreg\u00f3 la diputada Larcher.<\/p>\n\n\n\n<p>\u201cPor este motivo, la ley \u201cLa hora silenciosa\u201d tiene como \u00fanico fin dar un paso m\u00e1s en una sociedad inclusiva no s\u00f3lo de palabras sino de acci\u00f3n. Busca permitir que al menos dos d\u00edas a la semana las personas con condiciones TEA puedan disponer de tiempo, espacio y lugar acordes a sus necesidades. El mismo ya se est\u00e1 implementando en varias provincias e incluso en una cadena de supermercados<a><\/a>\u201d, finaliz\u00f3 la legisladora.<\/p>\n","protected":false},"excerpt":{"rendered":"<p>El proyecto de ley \u201cLa hora silenciosa\u201d ingres\u00f3 este martes en la legislatura y pas\u00f3 a comisi\u00f3n para su tratamiento.<\/p>\n","protected":false},"author":2,"featured_media":45491,"comment_status":"open","ping_status":"open","sticky":false,"template":"","format":"standard","meta":{"om_disable_all_campaigns":false,"_monsterinsights_skip_tracking":false,"_monsterinsights_sitenote_active":false,"_monsterinsights_sitenote_note":"","_monsterinsights_sitenote_category":0,"_uf_show_specific_survey":0,"_uf_disable_surveys":false,"jetpack_post_was_ever_published":false,"_jetpack_newsletter_access":"","_jetpack_dont_email_post_to_subs":false,"_jetpack_newsletter_tier_id":0,"_jetpack_memberships_contains_paywalled_content":false,"_jetpack_memberships_contains_paid_content":false,"footnotes":"","jetpack_publicize_message":"","jetpack_publicize_feature_enabled":true,"jetpack_social_post_already_shared":false,"jetpack_social_options":{"image_generator_settings":{"template":"highway","default_image_id":0,"font":"","enabled":false},"version":2}},"categories":[18],"tags":[],"class_list":["post-45490","post","type-post","status-publish","format-standard","has-post-thumbnail","hentry","category-politica"],"aioseo_notices":[],"views":13,"jetpack_publicize_connections":[],"jetpack_featured_media_url":"https:\/\/i0.wp.com\/elterritorialweb.com.ar\/web\/wp-content\/uploads\/2022\/10\/WhatsApp-Image-2022-10-05-at-20.58.12-e1665030018319.jpeg?fit=768%2C629&ssl=1","jetpack_sharing_enabled":true,"_links":{"self":[{"href":"https:\/\/elterritorialweb.com.ar\/web\/wp-json\/wp\/v2\/posts\/45490","targetHints":{"allow":["GET"]}}],"collection":[{"href":"https:\/\/elterritorialweb.com.ar\/web\/wp-json\/wp\/v2\/posts"}],"about":[{"href":"https:\/\/elterritorialweb.com.ar\/web\/wp-json\/wp\/v2\/types\/post"}],"author":[{"embeddable":true,"href":"https:\/\/elterritorialweb.com.ar\/web\/wp-json\/wp\/v2\/users\/2"}],"replies":[{"embeddable":true,"href":"https:\/\/elterritorialweb.com.ar\/web\/wp-json\/wp\/v2\/comments?post=45490"}],"version-history":[{"count":1,"href":"https:\/\/elterritorialweb.com.ar\/web\/wp-json\/wp\/v2\/posts\/45490\/revisions"}],"predecessor-version":[{"id":45492,"href":"https:\/\/elterritorialweb.com.ar\/web\/wp-json\/wp\/v2\/posts\/45490\/revisions\/45492"}],"wp:featuredmedia":[{"embeddable":true,"href":"https:\/\/elterritorialweb.com.ar\/web\/wp-json\/wp\/v2\/media\/45491"}],"wp:attachment":[{"href":"https:\/\/elterritorialweb.com.ar\/web\/wp-json\/wp\/v2\/media?parent=45490"}],"wp:term":[{"taxonomy":"category","embeddable":true,"href":"https:\/\/elterritorialweb.com.ar\/web\/wp-json\/wp\/v2\/categories?post=45490"},{"taxonomy":"post_tag","embeddable":true,"href":"https:\/\/elterritorialweb.com.ar\/web\/wp-json\/wp\/v2\/tags?post=45490"}],"curies":[{"name":"wp","href":"https:\/\/api.w.org\/{rel}","templated":true}]}}