{"id":45500,"date":"2022-10-06T04:57:53","date_gmt":"2022-10-06T04:57:53","guid":{"rendered":"http:\/\/elterritorialweb.com.ar\/web\/?p=45500"},"modified":"2022-10-06T04:57:54","modified_gmt":"2022-10-06T04:57:54","slug":"zamora-participo-de-la-ceremonia-de-apertura-del-mundial-de-taekwondo","status":"publish","type":"post","link":"https:\/\/elterritorialweb.com.ar\/web\/zamora-participo-de-la-ceremonia-de-apertura-del-mundial-de-taekwondo\/","title":{"rendered":"ZAMORA PARTICIP\u00d3 DE LA CEREMONIA DE APERTURA DEL MUNDIAL DE TAEKWONDO"},"content":{"rendered":"\n<p>Estuvieron tambi\u00e9n el vicegobernador Carlos Silva Neder; la intendenta de la Capital, Norma Fuentes; el ministro de Gobierno, Marcelo Barbur; el secretario Deportes, Carlos Dapello, y el subsecretario de Turismo, Nelson Bravo.<br>Adem\u00e1s del presidente de la Federaci\u00f3n Internacional de Taekwondo (ITF), maestro Ri Yong Son; el vicepresidente Leong Wai Meng; el titular de las Asociaciones de Taekwondo en Argentina, Adolfo Villanueva, y el presidente del comit\u00e9 organizador y gran maestro de Santiago del Estero, Osvaldo R\u00edos Olivero. Como tambi\u00e9n los principales grand m\u00e1ster y presidentes continentales.<\/p>\n\n\n\n<figure class=\"wp-block-image size-large\"><a href=\"https:\/\/i0.wp.com\/elterritorialweb.com.ar\/web\/wp-content\/uploads\/2022\/10\/WhatsApp-Image-2022-10-05-at-22.22.55.jpeg\"><img data-recalc-dims=\"1\" decoding=\"async\" width=\"640\" height=\"426\" data-src=\"https:\/\/i0.wp.com\/elterritorialweb.com.ar\/web\/wp-content\/uploads\/2022\/10\/WhatsApp-Image-2022-10-05-at-22.22.55.jpeg?resize=640%2C426\" alt=\"\" class=\"wp-image-45504 lazyload\" data-srcset=\"https:\/\/i0.wp.com\/elterritorialweb.com.ar\/web\/wp-content\/uploads\/2022\/10\/WhatsApp-Image-2022-10-05-at-22.22.55.jpeg?resize=1024%2C682&amp;ssl=1 1024w, https:\/\/i0.wp.com\/elterritorialweb.com.ar\/web\/wp-content\/uploads\/2022\/10\/WhatsApp-Image-2022-10-05-at-22.22.55.jpeg?resize=300%2C200&amp;ssl=1 300w, https:\/\/i0.wp.com\/elterritorialweb.com.ar\/web\/wp-content\/uploads\/2022\/10\/WhatsApp-Image-2022-10-05-at-22.22.55.jpeg?resize=768%2C512&amp;ssl=1 768w, https:\/\/i0.wp.com\/elterritorialweb.com.ar\/web\/wp-content\/uploads\/2022\/10\/WhatsApp-Image-2022-10-05-at-22.22.55.jpeg?w=1280&amp;ssl=1 1280w\" data-sizes=\"(max-width: 640px) 100vw, 640px\" src=\"data:image\/svg+xml;base64,PHN2ZyB3aWR0aD0iMSIgaGVpZ2h0PSIxIiB4bWxucz0iaHR0cDovL3d3dy53My5vcmcvMjAwMC9zdmciPjwvc3ZnPg==\" style=\"--smush-placeholder-width: 640px; --smush-placeholder-aspect-ratio: 640\/426;\" \/><\/a><\/figure>\n\n\n\n<p>Se trata de un acontecimiento hist\u00f3rico ya que es la primera vez que se realiza este tipo de competencia de car\u00e1cter mundial, donde practicantes, cinturones de color, desde infantiles hasta veteranos, y cinturones negros, est\u00e1n todos juntos en un certamen con exponentes de 40 pa\u00edses, con la supervisi\u00f3n y visita de las m\u00e1ximas autoridades mundiales del Taekwon-do ITF.<br>En el encuentro, el mandatario provincial recibi\u00f3 de parte de ITF la graduaci\u00f3n honor\u00edfica de s\u00e9ptimo dan, otorgado solamente a personalidades destacadas del mundo.<\/p>\n\n\n\n<figure class=\"wp-block-image size-large\"><a href=\"https:\/\/i0.wp.com\/elterritorialweb.com.ar\/web\/wp-content\/uploads\/2022\/10\/WhatsApp-Image-2022-10-05-at-22.22.55-1.jpeg\"><img data-recalc-dims=\"1\" decoding=\"async\" width=\"640\" height=\"426\" data-src=\"https:\/\/i0.wp.com\/elterritorialweb.com.ar\/web\/wp-content\/uploads\/2022\/10\/WhatsApp-Image-2022-10-05-at-22.22.55-1.jpeg?resize=640%2C426\" alt=\"\" class=\"wp-image-45502 lazyload\" data-srcset=\"https:\/\/i0.wp.com\/elterritorialweb.com.ar\/web\/wp-content\/uploads\/2022\/10\/WhatsApp-Image-2022-10-05-at-22.22.55-1.jpeg?resize=1024%2C682&amp;ssl=1 1024w, https:\/\/i0.wp.com\/elterritorialweb.com.ar\/web\/wp-content\/uploads\/2022\/10\/WhatsApp-Image-2022-10-05-at-22.22.55-1.jpeg?resize=300%2C200&amp;ssl=1 300w, https:\/\/i0.wp.com\/elterritorialweb.com.ar\/web\/wp-content\/uploads\/2022\/10\/WhatsApp-Image-2022-10-05-at-22.22.55-1.jpeg?resize=768%2C512&amp;ssl=1 768w, https:\/\/i0.wp.com\/elterritorialweb.com.ar\/web\/wp-content\/uploads\/2022\/10\/WhatsApp-Image-2022-10-05-at-22.22.55-1.jpeg?w=1280&amp;ssl=1 1280w\" data-sizes=\"(max-width: 640px) 100vw, 640px\" src=\"data:image\/svg+xml;base64,PHN2ZyB3aWR0aD0iMSIgaGVpZ2h0PSIxIiB4bWxucz0iaHR0cDovL3d3dy53My5vcmcvMjAwMC9zdmciPjwvc3ZnPg==\" style=\"--smush-placeholder-width: 640px; --smush-placeholder-aspect-ratio: 640\/426;\" \/><\/a><\/figure>\n\n\n\n<p>Al hacer uso de la palabra, Zamora agradeci\u00f3 est\u00e1 distinci\u00f3n a las autoridades de la ITF y a los que confiaron en la provincia para que sea sede de este evento.<br>\u00abQuiero desearles el mejor de los \u00e9xitos, que puedan disfrutar de esta tierra de gente humilde y trabajadora. Este evento da un gran empuje al deporte en general, que integra, genera respeto, disciplina formaci\u00f3n y es algo maravilloso\u00bb, sostuvo.<br>Por su parte, la m\u00e1xima autoridad de ITF agradeci\u00f3 al gobernador por su recibimiento y felicit\u00f3 a los organizadores.<\/p>\n\n\n\n<figure class=\"wp-block-image size-large\"><a href=\"https:\/\/i0.wp.com\/elterritorialweb.com.ar\/web\/wp-content\/uploads\/2022\/10\/WhatsApp-Image-2022-10-05-at-22.22.56.jpeg\"><img data-recalc-dims=\"1\" decoding=\"async\" width=\"640\" height=\"426\" data-src=\"https:\/\/i0.wp.com\/elterritorialweb.com.ar\/web\/wp-content\/uploads\/2022\/10\/WhatsApp-Image-2022-10-05-at-22.22.56.jpeg?resize=640%2C426\" alt=\"\" class=\"wp-image-45505 lazyload\" data-srcset=\"https:\/\/i0.wp.com\/elterritorialweb.com.ar\/web\/wp-content\/uploads\/2022\/10\/WhatsApp-Image-2022-10-05-at-22.22.56.jpeg?resize=1024%2C682&amp;ssl=1 1024w, https:\/\/i0.wp.com\/elterritorialweb.com.ar\/web\/wp-content\/uploads\/2022\/10\/WhatsApp-Image-2022-10-05-at-22.22.56.jpeg?resize=300%2C200&amp;ssl=1 300w, https:\/\/i0.wp.com\/elterritorialweb.com.ar\/web\/wp-content\/uploads\/2022\/10\/WhatsApp-Image-2022-10-05-at-22.22.56.jpeg?resize=768%2C512&amp;ssl=1 768w, https:\/\/i0.wp.com\/elterritorialweb.com.ar\/web\/wp-content\/uploads\/2022\/10\/WhatsApp-Image-2022-10-05-at-22.22.56.jpeg?w=1280&amp;ssl=1 1280w\" data-sizes=\"(max-width: 640px) 100vw, 640px\" src=\"data:image\/svg+xml;base64,PHN2ZyB3aWR0aD0iMSIgaGVpZ2h0PSIxIiB4bWxucz0iaHR0cDovL3d3dy53My5vcmcvMjAwMC9zdmciPjwvc3ZnPg==\" style=\"--smush-placeholder-width: 640px; --smush-placeholder-aspect-ratio: 640\/426;\" \/><\/a><\/figure>\n\n\n\n<p>Seguidamente, Villanueva destac\u00f3 las gestiones del Gobierno de la provincia para que la Copa del Mundo se realice en Santiago del Estero.<br>\u00abGracias por esta fiesta que nos brindan en Santiago del Estero, es grandioso lo que hizo el gobernador para que hoy podamos estar aqu\u00ed con esta competencia tan importante y con la presencia de las autoridades internacionales que engalanan este evento\u00bb, dijo.<br>Finalmente, R\u00edos Olivero inst\u00f3 todos los participantes a levantar la \u00fanica bandera \u00abque es la humildad que es lo que nos representa al taekwondo\u00bb.<\/p>\n","protected":false},"excerpt":{"rendered":"<p>El gobernador Gerardo Zamora particip\u00f3 este mi\u00e9rcoles por la tarde de la ceremonia inaugural de la 1\u00aa Copa del Mundo de Taekwon-do ITF Argentina 2022, en el Nodo Tecnol\u00f3gico, que se extender\u00e1 hasta el 9 de octubre y que convoca a m\u00e1s de 900 deportistas de todo el mundo.<\/p>\n","protected":false},"author":2,"featured_media":45501,"comment_status":"open","ping_status":"open","sticky":false,"template":"","format":"standard","meta":{"om_disable_all_campaigns":false,"_monsterinsights_skip_tracking":false,"_monsterinsights_sitenote_active":false,"_monsterinsights_sitenote_note":"","_monsterinsights_sitenote_category":0,"_uf_show_specific_survey":0,"_uf_disable_surveys":false,"jetpack_post_was_ever_published":false,"_jetpack_newsletter_access":"","_jetpack_dont_email_post_to_subs":false,"_jetpack_newsletter_tier_id":0,"_jetpack_memberships_contains_paywalled_content":false,"_jetpack_memberships_contains_paid_content":false,"footnotes":"","jetpack_publicize_message":"","jetpack_publicize_feature_enabled":true,"jetpack_social_post_already_shared":false,"jetpack_social_options":{"image_generator_settings":{"template":"highway","default_image_id":0,"font":"","enabled":false},"version":2}},"categories":[6],"tags":[],"class_list":["post-45500","post","type-post","status-publish","format-standard","has-post-thumbnail","hentry","category-deportes"],"aioseo_notices":[],"views":6,"jetpack_publicize_connections":[],"jetpack_featured_media_url":"https:\/\/i0.wp.com\/elterritorialweb.com.ar\/web\/wp-content\/uploads\/2022\/10\/WhatsApp-Image-2022-10-05-at-22.22.54.jpeg?fit=1280%2C853&ssl=1","jetpack_sharing_enabled":true,"_links":{"self":[{"href":"https:\/\/elterritorialweb.com.ar\/web\/wp-json\/wp\/v2\/posts\/45500","targetHints":{"allow":["GET"]}}],"collection":[{"href":"https:\/\/elterritorialweb.com.ar\/web\/wp-json\/wp\/v2\/posts"}],"about":[{"href":"https:\/\/elterritorialweb.com.ar\/web\/wp-json\/wp\/v2\/types\/post"}],"author":[{"embeddable":true,"href":"https:\/\/elterritorialweb.com.ar\/web\/wp-json\/wp\/v2\/users\/2"}],"replies":[{"embeddable":true,"href":"https:\/\/elterritorialweb.com.ar\/web\/wp-json\/wp\/v2\/comments?post=45500"}],"version-history":[{"count":1,"href":"https:\/\/elterritorialweb.com.ar\/web\/wp-json\/wp\/v2\/posts\/45500\/revisions"}],"predecessor-version":[{"id":45506,"href":"https:\/\/elterritorialweb.com.ar\/web\/wp-json\/wp\/v2\/posts\/45500\/revisions\/45506"}],"wp:featuredmedia":[{"embeddable":true,"href":"https:\/\/elterritorialweb.com.ar\/web\/wp-json\/wp\/v2\/media\/45501"}],"wp:attachment":[{"href":"https:\/\/elterritorialweb.com.ar\/web\/wp-json\/wp\/v2\/media?parent=45500"}],"wp:term":[{"taxonomy":"category","embeddable":true,"href":"https:\/\/elterritorialweb.com.ar\/web\/wp-json\/wp\/v2\/categories?post=45500"},{"taxonomy":"post_tag","embeddable":true,"href":"https:\/\/elterritorialweb.com.ar\/web\/wp-json\/wp\/v2\/tags?post=45500"}],"curies":[{"name":"wp","href":"https:\/\/api.w.org\/{rel}","templated":true}]}}