{"id":45516,"date":"2022-10-06T19:52:24","date_gmt":"2022-10-06T19:52:24","guid":{"rendered":"http:\/\/elterritorialweb.com.ar\/web\/?p=45516"},"modified":"2022-10-06T19:52:24","modified_gmt":"2022-10-06T19:52:24","slug":"iv-festival-de-las-artes-nicolas-segundo-gennero","status":"publish","type":"post","link":"https:\/\/elterritorialweb.com.ar\/web\/iv-festival-de-las-artes-nicolas-segundo-gennero\/","title":{"rendered":"IV FESTIVAL DE LAS ARTES NICOL\u00c1S SEGUNDO GENNERO"},"content":{"rendered":"\n<p>Los <strong>alumnos del 6\u00b0 A\u00f1o del T.A.P en M\u00fasica<\/strong>, quienes transitan la unidad curricular de Proyecto Final, de la <strong>E.S.P.E.A N\u00b01: \u201cNicol\u00e1s Segundo Gennero\u201d<\/strong>, <span style=\"font-size: revert; color: initial;\">proponen dar continuidad al <\/span><strong style=\"font-size: revert; color: initial;\">Festival Art\u00edstico Solidari<\/strong><span style=\"font-size: revert; color: initial;\"><strong>o<\/strong>, con la 4\u00b0 Edici\u00f3n del mismo, el cual se llevar\u00e1 a cabo en dos etapas: la primera ser\u00e1 de competencia, los d\u00edas<\/span> <span style=\"font-size: revert; color: initial;\">13, 14 y 15 de octubre y la segunda se concretara en un <\/span><strong style=\"font-size: revert; color: initial;\">\u201cCiclo de Conciertos\u201d<\/strong><span style=\"font-size: revert; color: initial;\">,<\/span><span style=\"font-size: revert; color: initial;\"> los<\/span> <span style=\"font-size: revert; color: initial;\">d\u00edas 26, 27,&nbsp;28 y 29 de Octubre de<\/span>l corriente a\u00f1o.<\/p>\n\n\n\n<p>En articulaci\u00f3n con las Unidades Curriculares: Pr\u00e1ctica Docente II, Pr\u00e1ctica Docente III y Residencia y Sistematizaci\u00f3n de la Ense\u00f1anza; pertenecientes al Profesorado de Danza y M\u00fasica, carreras de nivel superior que forman parte de la oferta acad\u00e9mica de la instituci\u00f3n antes mencionada con sede en la provincia de Santiago del Estero.<\/p>\n\n\n\n<p>Desde la organizaci\u00f3n informaron que <em>\u00abse busca generar espacios y que los convocados, tengan la oportunidad de mejorar su formaci\u00f3n esc\u00e9nica y art\u00edstica, con repertorio orientado a la m\u00fasica acad\u00e9mica y popular\u00bb.<\/em><\/p>\n\n\n\n<p>Por otro lado, desde la disciplina de la Danza, los eventos estar\u00e1n caracterizados por la presentaci\u00f3n de una diversidad de g\u00e9neros que van desde lo folkl\u00f3rico a lo urbano. <\/p>\n\n\n\n<p>Los diferentes rubros y categor\u00edas participantes son las siguientes:<\/p>\n\n\n\n<p><strong><u>INSTANCIA M\u00daSICA<\/u><\/strong><\/p>\n\n\n\n<p>\u2022 <strong>Categor\u00eda juniors(10 a 12 a\u00f1os)<\/strong><\/p>\n\n\n\n<p>* Solista vocal (repertorio libre)<\/p>\n\n\n\n<p>* Solista instrumental (repertorio libre)<\/p>\n\n\n\n<p>*Conjunto instrumental (repertorio escolar)<\/p>\n\n\n\n<p>\u2022<strong>Categoria Adolescente(13 a 18 a\u00f1os)<\/strong><\/p>\n\n\n\n<p>*Solista vocal<\/p>\n\n\n\n<p>*Solista instrumental acad\u00e9mico.<\/p>\n\n\n\n<p>*Solista instrumental popular.<\/p>\n\n\n\n<p>*Conjunto instrumental acad\u00e9mico.<\/p>\n\n\n\n<p>*Conjunto instrumental popular.<\/p>\n\n\n\n<p>\u2022 <strong>Categor\u00eda Adultos (18 a 50 a\u00f1os)<\/strong><\/p>\n\n\n\n<p>*Solista vocal<\/p>\n\n\n\n<p>*Solista instrumental acad\u00e9mico.<\/p>\n\n\n\n<p>*Solista instrumental popular.<\/p>\n\n\n\n<p>*Conjunto instrumental acad\u00e9mico.<\/p>\n\n\n\n<p>*Conjunto instrumental popular.&nbsp;<\/p>\n\n\n\n<p><strong><u>INSTANCIA DANZA&nbsp;<\/u><\/strong><\/p>\n\n\n\n<p>\u2022 <strong>Categor\u00eda juniors (10 a 12 a\u00f1os)<\/strong><\/p>\n\n\n\n<p>*Pareja de danza tradicional.<\/p>\n\n\n\n<p>*Conjunto de danza tradicional.<\/p>\n\n\n\n<p>*Solista de malambo.<\/p>\n\n\n\n<p><strong>\u2022 Categor\u00eda adolescente (13 a 18 a\u00f1os)<\/strong><\/p>\n\n\n\n<p>*Pareja de danza tradicional.<\/p>\n\n\n\n<p>*Conjunto de danza tradicional.<\/p>\n\n\n\n<p>*Grupo de baile argumental libre.<\/p>\n\n\n\n<p>*Solista de baile libre<\/p>\n\n\n\n<p>*Solista de malambo femenino.<\/p>\n\n\n\n<p>*Solista de malambo masculino.<\/p>\n\n\n\n<p>\u2022 <strong>Categor\u00eda adultos(18 a 60 a\u00f1os)<\/strong><\/p>\n\n\n\n<p>*Pareja de danza tradicional.<\/p>\n\n\n\n<p>*Conjunto de danza tradicional.<\/p>\n\n\n\n<p>*Grupo de baile argumental libre.<\/p>\n\n\n\n<p>*Solista de baile libre.<\/p>\n\n\n\n<p>*Solista de malambo femenino.<\/p>\n\n\n\n<p>*Solista de malambo masculino.<\/p>\n\n\n\n<p>Para mayor informaci\u00f3n comunicarse a:<\/p>\n\n\n\n<p><a href=\"mailto:FESTIVALDELASARTESNSG@gmail.com\">FESTIVALDELASARTESNSG@gmail.com<\/a><\/p>\n\n\n\n<p>Instagram: festivaldelasartes_nsg<\/p>\n\n\n\n<p>3855734678<\/p>\n\n\n\n<p>3856133814<\/p>\n\n\n\n<p>3855049522<\/p>\n\n\n\n<p>3856874510<\/p>\n","protected":false},"excerpt":{"rendered":"<p>Se realizar\u00e1 en dos etapas, una de competencias y otra de conciertos. <\/p>\n","protected":false},"author":2,"featured_media":45517,"comment_status":"open","ping_status":"open","sticky":false,"template":"","format":"standard","meta":{"om_disable_all_campaigns":false,"_monsterinsights_skip_tracking":false,"_monsterinsights_sitenote_active":false,"_monsterinsights_sitenote_note":"","_monsterinsights_sitenote_category":0,"_uf_show_specific_survey":0,"_uf_disable_surveys":false,"jetpack_post_was_ever_published":false,"_jetpack_newsletter_access":"","_jetpack_dont_email_post_to_subs":false,"_jetpack_newsletter_tier_id":0,"_jetpack_memberships_contains_paywalled_content":false,"_jetpack_memberships_contains_paid_content":false,"footnotes":"","jetpack_publicize_message":"","jetpack_publicize_feature_enabled":true,"jetpack_social_post_already_shared":false,"jetpack_social_options":{"image_generator_settings":{"template":"highway","default_image_id":0,"font":"","enabled":false},"version":2}},"categories":[19],"tags":[],"class_list":["post-45516","post","type-post","status-publish","format-standard","has-post-thumbnail","hentry","category-educacion"],"aioseo_notices":[],"views":106,"jetpack_publicize_connections":[],"jetpack_featured_media_url":"https:\/\/i0.wp.com\/elterritorialweb.com.ar\/web\/wp-content\/uploads\/2022\/10\/espea.jpg?fit=1280%2C720&ssl=1","jetpack_sharing_enabled":true,"_links":{"self":[{"href":"https:\/\/elterritorialweb.com.ar\/web\/wp-json\/wp\/v2\/posts\/45516","targetHints":{"allow":["GET"]}}],"collection":[{"href":"https:\/\/elterritorialweb.com.ar\/web\/wp-json\/wp\/v2\/posts"}],"about":[{"href":"https:\/\/elterritorialweb.com.ar\/web\/wp-json\/wp\/v2\/types\/post"}],"author":[{"embeddable":true,"href":"https:\/\/elterritorialweb.com.ar\/web\/wp-json\/wp\/v2\/users\/2"}],"replies":[{"embeddable":true,"href":"https:\/\/elterritorialweb.com.ar\/web\/wp-json\/wp\/v2\/comments?post=45516"}],"version-history":[{"count":1,"href":"https:\/\/elterritorialweb.com.ar\/web\/wp-json\/wp\/v2\/posts\/45516\/revisions"}],"predecessor-version":[{"id":45518,"href":"https:\/\/elterritorialweb.com.ar\/web\/wp-json\/wp\/v2\/posts\/45516\/revisions\/45518"}],"wp:featuredmedia":[{"embeddable":true,"href":"https:\/\/elterritorialweb.com.ar\/web\/wp-json\/wp\/v2\/media\/45517"}],"wp:attachment":[{"href":"https:\/\/elterritorialweb.com.ar\/web\/wp-json\/wp\/v2\/media?parent=45516"}],"wp:term":[{"taxonomy":"category","embeddable":true,"href":"https:\/\/elterritorialweb.com.ar\/web\/wp-json\/wp\/v2\/categories?post=45516"},{"taxonomy":"post_tag","embeddable":true,"href":"https:\/\/elterritorialweb.com.ar\/web\/wp-json\/wp\/v2\/tags?post=45516"}],"curies":[{"name":"wp","href":"https:\/\/api.w.org\/{rel}","templated":true}]}}