{"id":45519,"date":"2022-10-06T23:35:53","date_gmt":"2022-10-06T23:35:53","guid":{"rendered":"http:\/\/elterritorialweb.com.ar\/web\/?p=45519"},"modified":"2022-10-06T23:35:54","modified_gmt":"2022-10-06T23:35:54","slug":"zamora-asistio-a-la-celebracion-por-el-dia-del-adulto-mayor","status":"publish","type":"post","link":"https:\/\/elterritorialweb.com.ar\/web\/zamora-asistio-a-la-celebracion-por-el-dia-del-adulto-mayor\/","title":{"rendered":"ZAMORA ASISTI\u00d3 A LA CELEBRACI\u00d3N POR EL \u00abD\u00cdA DEL ADULTO MAYOR\u00bb"},"content":{"rendered":"\n<p>Asisteron tambi\u00e9n el vicegobernador Carlos Silva Neder, el ministro de Desarrollo Social, \u00c1ngel Niccolai, y la intendente de ciudad Capital, Norma Fuentes.<br>Las palabras de bienvenida estuvieron a cargo de la referente de los centros de jubilados de la Capital, Reyna Castillo, quien agradeci\u00f3 a las autoridades por el acompa\u00f1amiento permanente.<br>A su turno, el ministro Niccolai destac\u00f3 la importancia de poder reencontrarse en esta fiesta despu\u00e9s de dos a\u00f1os de pandemia.<br>Tambi\u00e9n la intendente Fuentes valor\u00f3 el trabajo permanente de los centros y ratific\u00f3 el compromiso de seguir apoyando las actividades e iniciativas que surjan en favor de los adultos mayores.<\/p>\n\n\n\n<figure class=\"wp-block-image size-large\"><a href=\"https:\/\/i0.wp.com\/elterritorialweb.com.ar\/web\/wp-content\/uploads\/2022\/10\/RED-STAR.jpeg\"><img data-recalc-dims=\"1\" decoding=\"async\" width=\"640\" height=\"443\" data-src=\"https:\/\/i0.wp.com\/elterritorialweb.com.ar\/web\/wp-content\/uploads\/2022\/10\/RED-STAR.jpeg?resize=640%2C443\" alt=\"\" class=\"wp-image-45521 lazyload\" data-srcset=\"https:\/\/i0.wp.com\/elterritorialweb.com.ar\/web\/wp-content\/uploads\/2022\/10\/RED-STAR.jpeg?resize=1024%2C708&amp;ssl=1 1024w, https:\/\/i0.wp.com\/elterritorialweb.com.ar\/web\/wp-content\/uploads\/2022\/10\/RED-STAR.jpeg?resize=300%2C207&amp;ssl=1 300w, https:\/\/i0.wp.com\/elterritorialweb.com.ar\/web\/wp-content\/uploads\/2022\/10\/RED-STAR.jpeg?resize=768%2C531&amp;ssl=1 768w, https:\/\/i0.wp.com\/elterritorialweb.com.ar\/web\/wp-content\/uploads\/2022\/10\/RED-STAR.jpeg?w=1088&amp;ssl=1 1088w\" data-sizes=\"(max-width: 640px) 100vw, 640px\" src=\"data:image\/svg+xml;base64,PHN2ZyB3aWR0aD0iMSIgaGVpZ2h0PSIxIiB4bWxucz0iaHR0cDovL3d3dy53My5vcmcvMjAwMC9zdmciPjwvc3ZnPg==\" style=\"--smush-placeholder-width: 640px; --smush-placeholder-aspect-ratio: 640\/443;\" \/><\/a><\/figure>\n\n\n\n<p>El cierre de la ceremonia de apertura del encuentro estuvo a cargo del gobernador Zamora, quien dijo: \u201cEste es un d\u00eda muy emotivo y especial, porque tras dos a\u00f1os de pandemia nos volvemos a encontrar\u00bb.<br>\u00abQuiero agradecerles en nombre de todos los ciudadanos\u201d, agreg\u00f3 al considerar que los adultos mayores \u201cson el ejemplo a seguir\u201d por la sociedad, por el trabajo que sembraron por tanto tiempo y es justo que pueda ser recompensando.<br>Antes de despedirse dej\u00f3 sus saludos a todos los adultos mayores de la provincia y ratific\u00f3 la decisi\u00f3n del Estado provincial de estar presente en cada una de sus actividades y proyectos.<\/p>\n","protected":false},"excerpt":{"rendered":"<p>El gobernador Gerardo Zamora encabez\u00f3 este jueves por la ma\u00f1ana el acto por el D\u00eda Mundial del Adulto Mayor, realizado en el Club Red Star con la participaci\u00f3n de integrantes de m\u00e1s de 30 instituciones de jubilados de la ciudad Capital.<\/p>\n","protected":false},"author":2,"featured_media":45520,"comment_status":"open","ping_status":"open","sticky":false,"template":"","format":"standard","meta":{"om_disable_all_campaigns":false,"_monsterinsights_skip_tracking":false,"_monsterinsights_sitenote_active":false,"_monsterinsights_sitenote_note":"","_monsterinsights_sitenote_category":0,"_uf_show_specific_survey":0,"_uf_disable_surveys":false,"jetpack_post_was_ever_published":false,"_jetpack_newsletter_access":"","_jetpack_dont_email_post_to_subs":false,"_jetpack_newsletter_tier_id":0,"_jetpack_memberships_contains_paywalled_content":false,"_jetpack_memberships_contains_paid_content":false,"footnotes":"","jetpack_publicize_message":"","jetpack_publicize_feature_enabled":true,"jetpack_social_post_already_shared":false,"jetpack_social_options":{"image_generator_settings":{"template":"highway","default_image_id":0,"font":"","enabled":false},"version":2}},"categories":[21],"tags":[],"class_list":["post-45519","post","type-post","status-publish","format-standard","has-post-thumbnail","hentry","category-locales"],"aioseo_notices":[],"views":12,"jetpack_publicize_connections":[],"jetpack_featured_media_url":"https:\/\/i0.wp.com\/elterritorialweb.com.ar\/web\/wp-content\/uploads\/2022\/10\/RED.jpeg?fit=1280%2C853&ssl=1","jetpack_sharing_enabled":true,"_links":{"self":[{"href":"https:\/\/elterritorialweb.com.ar\/web\/wp-json\/wp\/v2\/posts\/45519","targetHints":{"allow":["GET"]}}],"collection":[{"href":"https:\/\/elterritorialweb.com.ar\/web\/wp-json\/wp\/v2\/posts"}],"about":[{"href":"https:\/\/elterritorialweb.com.ar\/web\/wp-json\/wp\/v2\/types\/post"}],"author":[{"embeddable":true,"href":"https:\/\/elterritorialweb.com.ar\/web\/wp-json\/wp\/v2\/users\/2"}],"replies":[{"embeddable":true,"href":"https:\/\/elterritorialweb.com.ar\/web\/wp-json\/wp\/v2\/comments?post=45519"}],"version-history":[{"count":1,"href":"https:\/\/elterritorialweb.com.ar\/web\/wp-json\/wp\/v2\/posts\/45519\/revisions"}],"predecessor-version":[{"id":45522,"href":"https:\/\/elterritorialweb.com.ar\/web\/wp-json\/wp\/v2\/posts\/45519\/revisions\/45522"}],"wp:featuredmedia":[{"embeddable":true,"href":"https:\/\/elterritorialweb.com.ar\/web\/wp-json\/wp\/v2\/media\/45520"}],"wp:attachment":[{"href":"https:\/\/elterritorialweb.com.ar\/web\/wp-json\/wp\/v2\/media?parent=45519"}],"wp:term":[{"taxonomy":"category","embeddable":true,"href":"https:\/\/elterritorialweb.com.ar\/web\/wp-json\/wp\/v2\/categories?post=45519"},{"taxonomy":"post_tag","embeddable":true,"href":"https:\/\/elterritorialweb.com.ar\/web\/wp-json\/wp\/v2\/tags?post=45519"}],"curies":[{"name":"wp","href":"https:\/\/api.w.org\/{rel}","templated":true}]}}