{"id":45524,"date":"2022-10-09T23:06:12","date_gmt":"2022-10-09T23:06:12","guid":{"rendered":"http:\/\/elterritorialweb.com.ar\/web\/?p=45524"},"modified":"2022-10-09T23:06:12","modified_gmt":"2022-10-09T23:06:12","slug":"la-asociacion-internacional-para-la-cooperacion-turistica-evalua-el-proyecto-del-camino-iniciatico-de-santiago","status":"publish","type":"post","link":"https:\/\/elterritorialweb.com.ar\/web\/la-asociacion-internacional-para-la-cooperacion-turistica-evalua-el-proyecto-del-camino-iniciatico-de-santiago\/","title":{"rendered":"LA ASOCIACI\u00d3N INTERNACIONAL PARA LA COOPERACI\u00d3N TUR\u00cdSTICA EVAL\u00daA EL PROYECTO DEL CAMINO INICI\u00c1TICO DE SANTIAGO"},"content":{"rendered":"\n<p>\u201cArribaron a Santiago despu\u00e9s de un di\u00e1logo con la intendente, Ing. Norma Fuentes, para poder evaluar las posibilidades, ver la condiciones del camino y luego analizar la probabilidad de desarrollar un plan estrat\u00e9gico\u201d, indic\u00f3 el subsecretario de Cultura y Turismo de la Capital, Arq. Rodolfo Legname.<\/p>\n\n\n\n<p>El presidente y vicepresidente de Asicotur, Alejandro Rub\u00edn Carballo y Jes\u00fas Francisco Ares V\u00e1zquez, respectivamente, recorrieron diferentes espacios culturales y religiosos de la Madre de Ciudades y el hist\u00f3rico Camino Real.<\/p>\n\n\n\n<p>La iniciativa forma parte del programa municipal, en coordinaci\u00f3n con el Gobierno de la Provincia, de impulsar el turismo y poner en valor atractivos hist\u00f3ricos y religiosos de la Madre de Ciudades.<\/p>\n","protected":false},"excerpt":{"rendered":"<p>Representantes de la Asociaci\u00f3n Internacional para la Cooperaci\u00f3n Tur\u00edstica (Asicotur), la organizaci\u00f3n que coordina el Camino de Santiago Compostela en Espa\u00f1a visitaron la ciudad y analizaron las posibilidades de desarrollo de estudios previos para gestionar un Camino Inici\u00e1tico en Santiago del Estero.<\/p>\n","protected":false},"author":2,"featured_media":45525,"comment_status":"open","ping_status":"open","sticky":false,"template":"","format":"standard","meta":{"om_disable_all_campaigns":false,"_monsterinsights_skip_tracking":false,"_monsterinsights_sitenote_active":false,"_monsterinsights_sitenote_note":"","_monsterinsights_sitenote_category":0,"_uf_show_specific_survey":0,"_uf_disable_surveys":false,"jetpack_post_was_ever_published":false,"_jetpack_newsletter_access":"","_jetpack_dont_email_post_to_subs":false,"_jetpack_newsletter_tier_id":0,"_jetpack_memberships_contains_paywalled_content":false,"_jetpack_memberships_contains_paid_content":false,"footnotes":"","jetpack_publicize_message":"","jetpack_publicize_feature_enabled":true,"jetpack_social_post_already_shared":false,"jetpack_social_options":{"image_generator_settings":{"template":"highway","default_image_id":0,"font":"","enabled":false},"version":2}},"categories":[21],"tags":[],"class_list":["post-45524","post","type-post","status-publish","format-standard","has-post-thumbnail","hentry","category-locales"],"aioseo_notices":[],"views":7,"jetpack_publicize_connections":[],"jetpack_featured_media_url":"https:\/\/i0.wp.com\/elterritorialweb.com.ar\/web\/wp-content\/uploads\/2022\/10\/camino-de-santiago.jpeg?fit=1024%2C768&ssl=1","jetpack_sharing_enabled":true,"_links":{"self":[{"href":"https:\/\/elterritorialweb.com.ar\/web\/wp-json\/wp\/v2\/posts\/45524","targetHints":{"allow":["GET"]}}],"collection":[{"href":"https:\/\/elterritorialweb.com.ar\/web\/wp-json\/wp\/v2\/posts"}],"about":[{"href":"https:\/\/elterritorialweb.com.ar\/web\/wp-json\/wp\/v2\/types\/post"}],"author":[{"embeddable":true,"href":"https:\/\/elterritorialweb.com.ar\/web\/wp-json\/wp\/v2\/users\/2"}],"replies":[{"embeddable":true,"href":"https:\/\/elterritorialweb.com.ar\/web\/wp-json\/wp\/v2\/comments?post=45524"}],"version-history":[{"count":1,"href":"https:\/\/elterritorialweb.com.ar\/web\/wp-json\/wp\/v2\/posts\/45524\/revisions"}],"predecessor-version":[{"id":45526,"href":"https:\/\/elterritorialweb.com.ar\/web\/wp-json\/wp\/v2\/posts\/45524\/revisions\/45526"}],"wp:featuredmedia":[{"embeddable":true,"href":"https:\/\/elterritorialweb.com.ar\/web\/wp-json\/wp\/v2\/media\/45525"}],"wp:attachment":[{"href":"https:\/\/elterritorialweb.com.ar\/web\/wp-json\/wp\/v2\/media?parent=45524"}],"wp:term":[{"taxonomy":"category","embeddable":true,"href":"https:\/\/elterritorialweb.com.ar\/web\/wp-json\/wp\/v2\/categories?post=45524"},{"taxonomy":"post_tag","embeddable":true,"href":"https:\/\/elterritorialweb.com.ar\/web\/wp-json\/wp\/v2\/tags?post=45524"}],"curies":[{"name":"wp","href":"https:\/\/api.w.org\/{rel}","templated":true}]}}