{"id":45536,"date":"2022-10-10T00:27:21","date_gmt":"2022-10-10T00:27:21","guid":{"rendered":"http:\/\/elterritorialweb.com.ar\/web\/?p=45536"},"modified":"2022-10-10T00:50:58","modified_gmt":"2022-10-10T00:50:58","slug":"casi-dos-millones-de-personas-se-movilizan-por-el-pais-este-fin-de-semana-largo","status":"publish","type":"post","link":"https:\/\/elterritorialweb.com.ar\/web\/casi-dos-millones-de-personas-se-movilizan-por-el-pais-este-fin-de-semana-largo\/","title":{"rendered":"CASI DOS MILLONES DE PERSONAS SE MOVILIZAN POR EL PA\u00cdS, ESTE FIN DE SEMANA LARGO"},"content":{"rendered":"\n<p>Cerca de dos millones de argentinos viajan por el pa\u00eds en este fin de semana largo, lo que marca un nuevo r\u00e9cord tur\u00edstico del pa\u00eds con un nivel de movimiento de personas superior al de antes de la pandemia de coronavirus impulsado por la tercera edici\u00f3n del programa&nbsp;<strong>PreViaje<\/strong>, seg\u00fan datos del Observatorio Argentino de Turismo (OAT).<\/p>\n\n\n\n<p>De acuerdo al relevamiento del OAT, cerca de dos millones de turistas&nbsp;<strong>est\u00e1n disfrutando el fin de semana extralargo<\/strong>&nbsp;-de viernes a lunes- en todo el pa\u00eds, y en muchas ciudades se encuentra completa la ocupaci\u00f3n hotelera.&nbsp;Provincias como Salta, Tucum\u00e1n, La Rioja, Misiones, Entre R\u00edos, San Luis, San Juan y Chubut reportan ocupaci\u00f3n plena en sus destinos.<\/p>\n\n\n\n<p>A nivel nacional, las ciudades que se destacan por su elevada ocupaci\u00f3n tur\u00edstica fueron Cafayate (98%), la Quebrada de Humahuaca (90%), Termas de R\u00edo Hondo (87%), Fiambal\u00e1 (100%), Puerto Iguaz\u00fa (95%), Rosario (90%), Col\u00f3n (100%), Mar del Plata (85%), Villa Gesell (85%) y la Ciudad de Buenos Aires (84%).<\/p>\n\n\n\n<p>Tambi\u00e9n se ven muy buenos niveles de actividad y ocupaci\u00f3n en Villa Carlos Paz (98%), Merlo (95%), la capital mendocina (100%), San Carlos de Bariloche (90%), Puerto Madryn (100%) y El Calafate (92%).<\/p>\n\n\n\n<figure class=\"wp-block-image size-large\"><a href=\"https:\/\/i0.wp.com\/elterritorialweb.com.ar\/web\/wp-content\/uploads\/2022\/10\/image-2.png\"><img data-recalc-dims=\"1\" decoding=\"async\" width=\"640\" height=\"427\" data-src=\"https:\/\/i0.wp.com\/elterritorialweb.com.ar\/web\/wp-content\/uploads\/2022\/10\/image-2.png?resize=640%2C427\" alt=\"\" class=\"wp-image-45539 lazyload\" data-srcset=\"https:\/\/i0.wp.com\/elterritorialweb.com.ar\/web\/wp-content\/uploads\/2022\/10\/image-2.png?resize=1024%2C683&amp;ssl=1 1024w, https:\/\/i0.wp.com\/elterritorialweb.com.ar\/web\/wp-content\/uploads\/2022\/10\/image-2.png?resize=300%2C200&amp;ssl=1 300w, https:\/\/i0.wp.com\/elterritorialweb.com.ar\/web\/wp-content\/uploads\/2022\/10\/image-2.png?resize=768%2C512&amp;ssl=1 768w, https:\/\/i0.wp.com\/elterritorialweb.com.ar\/web\/wp-content\/uploads\/2022\/10\/image-2.png?w=1080&amp;ssl=1 1080w\" data-sizes=\"(max-width: 640px) 100vw, 640px\" src=\"data:image\/svg+xml;base64,PHN2ZyB3aWR0aD0iMSIgaGVpZ2h0PSIxIiB4bWxucz0iaHR0cDovL3d3dy53My5vcmcvMjAwMC9zdmciPjwvc3ZnPg==\" style=\"--smush-placeholder-width: 640px; --smush-placeholder-aspect-ratio: 640\/427;\" \/><\/a><\/figure>\n\n\n\n<p>\u00abEstamos disfrutando&nbsp;<strong>otro fin de semana largo r\u00e9cord<\/strong>, con un movimiento superior a la prepandemia, que consolida un a\u00f1o hist\u00f3rico para el turismo nacional y anticipa otra gran temporada de verano en todo el pa\u00eds\u00bb, asegur\u00f3 este domingo el ministro de Turismo y Deportes, Mat\u00edas Lammens, y destac\u00f3 las medidas tomadas por el Ejecutivo nacional para impulsar la actividad tur\u00edstica.&nbsp;<strong>\u00abGracias al impulso de la tercera edici\u00f3n de PreViaje<\/strong>, no vamos a tener &#8216;temporada baja&#8217; en nuestros destinos\u00bb, resalt\u00f3 el funcionario.<\/p>\n\n\n\n<p>Por su parte, el presidente de la C\u00e1mara Argentina de Turismo (CAT), Gustavo Hani, reafirm\u00f3 lo sostenido por el ministro y celebr\u00f3 el crecimiento del turismo \u00abacompa\u00f1ado por el \u00e9xito del PreViaje y por la llegada de muchos extranjeros que eligen visitar Argentina, que cada vez tiene m\u00e1s para ofrecer en cada destino a lo largo y ancho del pa\u00eds\u00bb.<\/p>\n\n\n\n<p>\u00abNuestra industria sigue demostrando que genera ingreso de divisas, empleo genuino y crecimiento para la econom\u00eda argentina\u00bb, asever\u00f3.<\/p>\n\n\n\n<p><strong>En su tercera edici\u00f3n, el Previaje permiti\u00f3 a los viajeros cargar sus comprobantes de compra de servicios tur\u00edsticos<\/strong>&nbsp;anticipados a trav\u00e9s del programa de promoci\u00f3n tur\u00edstica y se les devuelve el 50% de lo gastado en forma de cr\u00e9dito (70% para jubilados de PAMI) para todos los viajes dentro de Argentina.<\/p>\n\n\n\n<p>El cr\u00e9dito se puede utilizar desde el inicio del viaje hasta el 31 de diciembre de 2022 en todos los productos y servicios tur\u00edsticos, que no s\u00f3lo incluye actividades directamente relacionadas con el turismo, sino tambi\u00e9n la gastronom\u00eda y espect\u00e1culos, entre otros rubros.<\/p>\n\n\n\n<p>Con la presentaci\u00f3n durante septiembre del nuevo Presupuesto 2023, el Ministerio de Turismo y Deportes confirm\u00f3 que se realizar\u00e1 una nueva etapa Previaje para el a\u00f1o que viene para continuar incentivando los viajes de los argentinos en el pa\u00eds.<\/p>\n","protected":false},"excerpt":{"rendered":"<p>Las ciudades con m\u00e1s ocupaci\u00f3n tur\u00edstica son Cafayate (98%), la Quebrada de Humahuaca (90%), Termas de R\u00edo Hondo (87%), Fiambal\u00e1 (100%), Puerto Iguaz\u00fa (95%), Rosario (90%), Col\u00f3n (100%), Mar del Plata (85%), Villa Gesell (85%) y la Ciudad de Buenos Aires (84%).<\/p>\n","protected":false},"author":2,"featured_media":45537,"comment_status":"open","ping_status":"open","sticky":false,"template":"","format":"standard","meta":{"om_disable_all_campaigns":false,"_monsterinsights_skip_tracking":false,"_monsterinsights_sitenote_active":false,"_monsterinsights_sitenote_note":"","_monsterinsights_sitenote_category":0,"_uf_show_specific_survey":0,"_uf_disable_surveys":false,"jetpack_post_was_ever_published":false,"_jetpack_newsletter_access":"","_jetpack_dont_email_post_to_subs":false,"_jetpack_newsletter_tier_id":0,"_jetpack_memberships_contains_paywalled_content":false,"_jetpack_memberships_contains_paid_content":false,"footnotes":"","jetpack_publicize_message":"","jetpack_publicize_feature_enabled":true,"jetpack_social_post_already_shared":false,"jetpack_social_options":{"image_generator_settings":{"template":"highway","default_image_id":0,"font":"","enabled":false},"version":2}},"categories":[4,29],"tags":[],"class_list":["post-45536","post","type-post","status-publish","format-standard","has-post-thumbnail","hentry","category-destacadas","category-turismo"],"aioseo_notices":[],"views":9,"jetpack_publicize_connections":[],"jetpack_featured_media_url":"https:\/\/i0.wp.com\/elterritorialweb.com.ar\/web\/wp-content\/uploads\/2022\/10\/image-1.png?fit=696%2C464&ssl=1","jetpack_sharing_enabled":true,"_links":{"self":[{"href":"https:\/\/elterritorialweb.com.ar\/web\/wp-json\/wp\/v2\/posts\/45536","targetHints":{"allow":["GET"]}}],"collection":[{"href":"https:\/\/elterritorialweb.com.ar\/web\/wp-json\/wp\/v2\/posts"}],"about":[{"href":"https:\/\/elterritorialweb.com.ar\/web\/wp-json\/wp\/v2\/types\/post"}],"author":[{"embeddable":true,"href":"https:\/\/elterritorialweb.com.ar\/web\/wp-json\/wp\/v2\/users\/2"}],"replies":[{"embeddable":true,"href":"https:\/\/elterritorialweb.com.ar\/web\/wp-json\/wp\/v2\/comments?post=45536"}],"version-history":[{"count":2,"href":"https:\/\/elterritorialweb.com.ar\/web\/wp-json\/wp\/v2\/posts\/45536\/revisions"}],"predecessor-version":[{"id":45541,"href":"https:\/\/elterritorialweb.com.ar\/web\/wp-json\/wp\/v2\/posts\/45536\/revisions\/45541"}],"wp:featuredmedia":[{"embeddable":true,"href":"https:\/\/elterritorialweb.com.ar\/web\/wp-json\/wp\/v2\/media\/45537"}],"wp:attachment":[{"href":"https:\/\/elterritorialweb.com.ar\/web\/wp-json\/wp\/v2\/media?parent=45536"}],"wp:term":[{"taxonomy":"category","embeddable":true,"href":"https:\/\/elterritorialweb.com.ar\/web\/wp-json\/wp\/v2\/categories?post=45536"},{"taxonomy":"post_tag","embeddable":true,"href":"https:\/\/elterritorialweb.com.ar\/web\/wp-json\/wp\/v2\/tags?post=45536"}],"curies":[{"name":"wp","href":"https:\/\/api.w.org\/{rel}","templated":true}]}}