{"id":45635,"date":"2022-10-12T03:41:25","date_gmt":"2022-10-12T03:41:25","guid":{"rendered":"http:\/\/elterritorialweb.com.ar\/web\/?p=45635"},"modified":"2022-10-12T03:54:02","modified_gmt":"2022-10-12T03:54:02","slug":"heroe-presenta-noche-lirica-italiana","status":"publish","type":"post","link":"https:\/\/elterritorialweb.com.ar\/web\/heroe-presenta-noche-lirica-italiana\/","title":{"rendered":"\u00abHEROE\u00bb PRESENTA \u00abNOCHE L\u00cdRICA ITALIANA\u00bb"},"content":{"rendered":"\n<p>H\u00e9roe, el grupo l\u00edrico pop -unico en su estilo en el pa\u00eds-, presenta el 15 de octubre a las 21 horas en el Teatro 25 de Mayo, el espect\u00e1culo \u00abNoche l\u00edrica italiana\u00bb.<\/p>\n\n\n\n<p>Se trata de Federico Picone (bar\u00edtono-brillante), Alejandro Falcone (tenor l\u00edrico-spinto)<br>y Sebasti\u00e1n Russo (tenor l\u00edrico-ligero), quienes desde el 2014 componen la primera agrupaci\u00f3n de est\u00e1s caracter\u00edsticas.<\/p>\n\n\n\n<p>Influenciados por distintos<br>artistas como Luciano Pavarotti, Andrea Bocelli, Luis Miguel, Il Divo, Beatles, Queen,<br>Michael Bolton, Ser\u00fa Gir\u00e1n, Soda Stereo, Deep Purple, y muchos m\u00e1s; mostrar\u00e1n en la oportunidad una obra que re\u00fane los m\u00e1s grandes \u00e9xitos de la \u00d3pera, de las canzonettas y de las piezas m\u00e1s emblem\u00e1ticas de la m\u00fasica popular.<\/p>\n\n\n\n<p>Entre los cl\u00e1sicos re versionados con un incomparable juego vocal y<br>maravillosa interpretaci\u00f3n, podemos mencionar a: Versiones de Nessun dorma,<br>O sole m\u00edo, Caruso, Bella Ciao, Volare, Il mondo, Fiesta y otras m\u00e1s (sin dejar de incluir algo de repertorio en espa\u00f1ol), dan el marco de concierto \u00fanico.<\/p>\n\n\n\n<p>Tras el \u00e9xitoso trabajo anterior \u00abLas canciones m\u00e1s bellas del mundo\u00bb, que los llev\u00f3 a recorrer el pa\u00eds; H\u00e9roe propone con este nuevo show una noche para sentir, recordar, revivir y emocionarse.<\/p>\n\n\n\n<p>Tambi\u00e9n se suman canciones de propia autor\u00eda como \u00abUnidos por la paz\u00bb, el tercer tema<br>que el grupo grab\u00f3 en las Islas Malvinas, en conmemoraci\u00f3n a los 40 a\u00f1os de la guerra.<\/p>\n\n\n\n<p><em>Sobre los cantantes<\/em><br>Picone fue director y actor principal de \u2018El fantasma de Canterville\u2019 (Estrella de Mar<br>2015) de Pepe Cibri\u00e1n y Angel Mahler, \u2018La Bella y La Bestia\u2019, y \u2018Dr\u00e1cula, el musical\u2019,<br>entre otros.<br>Director art\u00edstico del Teatro N\u00facleo de Olivos y Director del Instituto de arte Acci\u00f3n.<br>Adem\u00e1s, form\u00f3 parte en espect\u00e1culos como \u2018Nice \u2018N Easy\u2019 y \u2018Vocal Group\u2019 en el<br>Teatro Maipo con Sandra Mihanovich, Sincronizaci\u00f3n en Birkerwald (Opera) y \u2018La<br>flauta m\u00e1gica\u2019 en el Teatro Avenida. Tambi\u00e9n en \u2018El Jorobado de Par\u00eds\u2019 en el Teatro<br>Nacional Cervantes.<\/p>\n\n\n\n<p>Falcone en tanto, comenz\u00f3 su carrera profesional en 1995 y hoy cuenta con casi tres mil<br>shows realizados. Fue telonero de Diego Torres (Tattersall, San Isidro).<br>Debut\u00f3 en 2004 en el Teatro Col\u00f3n (Sal\u00f3n Dorado) con la soprano Liliana Gatas y la pianista Cecilia<br>Fracchia y en 2007 en \u201cCalle Corrientes\u201d en el Teatro Metropolitan como tenor<br>acompa\u00f1ante de Cecilia Milone en \u2018Morocha y Pasional\u2019.<br>Cant\u00f3 en 2011 en el Obelisco de Buenos Aires y actu\u00f3 en casi todas las provincias<br>argentinas, Rep\u00fablica Dominicana, M\u00e9xico, Francia, Italia y Uruguay.<\/p>\n\n\n\n<p>Finalmente Russo, accedi\u00f3 a su primer rol protag\u00f3nico en el a\u00f1o 2008 con Lindoro en<br>la \u00f3pera \u2018L\u00b4italiana in Algeri\u2019. Luego le siguieron: \u2018Die Lustige Witwe\u2019, \u2018I Puritani\u2019,<br>\u2018Elixir de amor\u2019, \u2018Catulli Carmina\u2019, \u2018Don Pasquale\u2019, \u2018La Sonnanbula\u2019, \u2018Orfeo y<br>Eur\u00eddice\u2019, \u2018La Traviata\u2019, \u2018Romeo y Julieta\u2019, \u2018La Boheme\u2019, \u2018Rigoletto\u2019, \u2018R\u00e9quiem de<br>Mozart\u2019 y \u2018Requiem de Verdi\u2019, \u2018Stabat Mater\u2019 de Rossini, entre otros.<br>Se ha presentado en los mayores teatros del pa\u00eds tales como el Teatro Col\u00f3n, Cervantes,<br>Opera, Coliseo, Lola Membrives, San Mart\u00edn (Tucum\u00e1n), TLCC (Centro del<br>conocimiento \u2013 Posadas), y en las salas de CCK (Ballena azul), entre otros, y tambi\u00e9n<br>cant\u00f3 en la Catedral de Bs. As.<br>Fuera del pa\u00eds brind\u00f3 conciertos en Uruguay y Chile, y se present\u00f3 en la apertura y<br>cierre del Snow Polo World Cup 2016 en Tianjin, China.<\/p>\n\n\n\n<p><em>Entradas<\/em><br>Entradas en venta en boleter\u00eda del teatro o a trav\u00e9s de noeteticket.com.<\/p>\n","protected":false},"excerpt":{"rendered":"<p>Este s\u00e1bado 15 de octubre a las 21 horas en el Teatro 25 de mayo.<\/p>\n","protected":false},"author":2,"featured_media":45636,"comment_status":"open","ping_status":"open","sticky":false,"template":"","format":"standard","meta":{"om_disable_all_campaigns":false,"_monsterinsights_skip_tracking":false,"_monsterinsights_sitenote_active":false,"_monsterinsights_sitenote_note":"","_monsterinsights_sitenote_category":0,"_uf_show_specific_survey":0,"_uf_disable_surveys":false,"jetpack_post_was_ever_published":false,"_jetpack_newsletter_access":"","_jetpack_dont_email_post_to_subs":false,"_jetpack_newsletter_tier_id":0,"_jetpack_memberships_contains_paywalled_content":false,"_jetpack_memberships_contains_paid_content":false,"footnotes":"","jetpack_publicize_message":"","jetpack_publicize_feature_enabled":true,"jetpack_social_post_already_shared":false,"jetpack_social_options":{"image_generator_settings":{"template":"highway","default_image_id":0,"font":"","enabled":false},"version":2}},"categories":[20],"tags":[],"class_list":["post-45635","post","type-post","status-publish","format-standard","has-post-thumbnail","hentry","category-especysociales"],"aioseo_notices":[],"views":23,"jetpack_publicize_connections":[],"jetpack_featured_media_url":"https:\/\/i0.wp.com\/elterritorialweb.com.ar\/web\/wp-content\/uploads\/2022\/10\/IMG-20221006-WA0046.jpg?fit=1280%2C905&ssl=1","jetpack_sharing_enabled":true,"_links":{"self":[{"href":"https:\/\/elterritorialweb.com.ar\/web\/wp-json\/wp\/v2\/posts\/45635","targetHints":{"allow":["GET"]}}],"collection":[{"href":"https:\/\/elterritorialweb.com.ar\/web\/wp-json\/wp\/v2\/posts"}],"about":[{"href":"https:\/\/elterritorialweb.com.ar\/web\/wp-json\/wp\/v2\/types\/post"}],"author":[{"embeddable":true,"href":"https:\/\/elterritorialweb.com.ar\/web\/wp-json\/wp\/v2\/users\/2"}],"replies":[{"embeddable":true,"href":"https:\/\/elterritorialweb.com.ar\/web\/wp-json\/wp\/v2\/comments?post=45635"}],"version-history":[{"count":2,"href":"https:\/\/elterritorialweb.com.ar\/web\/wp-json\/wp\/v2\/posts\/45635\/revisions"}],"predecessor-version":[{"id":45638,"href":"https:\/\/elterritorialweb.com.ar\/web\/wp-json\/wp\/v2\/posts\/45635\/revisions\/45638"}],"wp:featuredmedia":[{"embeddable":true,"href":"https:\/\/elterritorialweb.com.ar\/web\/wp-json\/wp\/v2\/media\/45636"}],"wp:attachment":[{"href":"https:\/\/elterritorialweb.com.ar\/web\/wp-json\/wp\/v2\/media?parent=45635"}],"wp:term":[{"taxonomy":"category","embeddable":true,"href":"https:\/\/elterritorialweb.com.ar\/web\/wp-json\/wp\/v2\/categories?post=45635"},{"taxonomy":"post_tag","embeddable":true,"href":"https:\/\/elterritorialweb.com.ar\/web\/wp-json\/wp\/v2\/tags?post=45635"}],"curies":[{"name":"wp","href":"https:\/\/api.w.org\/{rel}","templated":true}]}}