{"id":45639,"date":"2022-10-12T14:04:26","date_gmt":"2022-10-12T14:04:26","guid":{"rendered":"http:\/\/elterritorialweb.com.ar\/web\/?p=45639"},"modified":"2022-10-12T14:07:29","modified_gmt":"2022-10-12T14:07:29","slug":"la-unse-entrego-el-honoris-causa-al-cientifico-julio-navarro","status":"publish","type":"post","link":"https:\/\/elterritorialweb.com.ar\/web\/la-unse-entrego-el-honoris-causa-al-cientifico-julio-navarro\/","title":{"rendered":"LA UNSE ENTREG\u00d3 EL HONORIS CAUSA AL CIENT\u00cdFICO JULIO NAVARRO"},"content":{"rendered":"\n<p>La <a href=\"http:\/\/elterritorialweb.com.ar\/web\/la-unse-entregara-el-honoris-causa-al-cientifico-julio-navarro\/\" data-type=\"URL\" data-id=\"http:\/\/elterritorialweb.com.ar\/web\/la-unse-entregara-el-honoris-causa-al-cientifico-julio-navarro\/\">comunidad universitaria lo reconoce con el t\u00edtulo acad\u00e9mico por su destacada trayectoria en el mundo cient\u00edfico <\/a>que lo llev\u00f3 a integrar la lista de los cient\u00edficos m\u00e1s importantes del mundo.<br>Navarro, quien representa el orgullo de nuestra provincia, radicado actualmente en Canad\u00e1, es reconocido por su investigaci\u00f3n sobre la estructura de los halos de materia oscura, la misteriosa sustancia que mantiene unida a las galaxias.<br>Entre los m\u00faltiples reconocimientos, fue el \u00fanico argentino incluido en la lista selecta realizada por Citation Laureates para el Premio Nobel de F\u00edsica 2020, integrando la n\u00f3mina de cient\u00edficos m\u00e1s importantes del mundo. Presidieron la ceremonia de ayer H\u00e9ctor Rub\u00e9n Paz, rector de la UNSE y la Secretaria Acad\u00e9mica, Iris Bettiana Rafael.<\/p>\n\n\n\n<p>Acompa\u00f1aron sus madrinas acad\u00e9micas Ing. Claudia Anriquez, y la Dra. Judhit Ochoa, dem\u00e1s autoridades de la universidad, compa\u00f1eros de la promoci\u00f2n 1979 de la Escuela Normal Manuel Belgrano -all\u00ed curs\u00f3 la primaria y secundaria- familiares, amigos, alumnos y profesores de la escuela.<\/p>\n","protected":false},"excerpt":{"rendered":"<p>Se realiz\u00f3 ayer el acto acad\u00e9mico de distinci\u00f3n con el t\u00edtulo de Doctor Honoris Causa UNSE al cient\u00edfico santiague\u00f1o Julio Fernando Navarro.<\/p>\n","protected":false},"author":2,"featured_media":45640,"comment_status":"open","ping_status":"open","sticky":false,"template":"","format":"standard","meta":{"om_disable_all_campaigns":false,"_monsterinsights_skip_tracking":false,"_monsterinsights_sitenote_active":false,"_monsterinsights_sitenote_note":"","_monsterinsights_sitenote_category":0,"_uf_show_specific_survey":0,"_uf_disable_surveys":false,"jetpack_post_was_ever_published":false,"_jetpack_newsletter_access":"","_jetpack_dont_email_post_to_subs":false,"_jetpack_newsletter_tier_id":0,"_jetpack_memberships_contains_paywalled_content":false,"_jetpack_memberships_contains_paid_content":false,"footnotes":"","jetpack_publicize_message":"","jetpack_publicize_feature_enabled":true,"jetpack_social_post_already_shared":false,"jetpack_social_options":{"image_generator_settings":{"template":"highway","default_image_id":0,"font":"","enabled":false},"version":2}},"categories":[19],"tags":[],"class_list":["post-45639","post","type-post","status-publish","format-standard","has-post-thumbnail","hentry","category-educacion"],"aioseo_notices":[],"views":12,"jetpack_publicize_connections":[],"jetpack_featured_media_url":"https:\/\/i0.wp.com\/elterritorialweb.com.ar\/web\/wp-content\/uploads\/2022\/10\/IMG-20221012-WA0004.jpg?fit=720%2C480&ssl=1","jetpack_sharing_enabled":true,"_links":{"self":[{"href":"https:\/\/elterritorialweb.com.ar\/web\/wp-json\/wp\/v2\/posts\/45639","targetHints":{"allow":["GET"]}}],"collection":[{"href":"https:\/\/elterritorialweb.com.ar\/web\/wp-json\/wp\/v2\/posts"}],"about":[{"href":"https:\/\/elterritorialweb.com.ar\/web\/wp-json\/wp\/v2\/types\/post"}],"author":[{"embeddable":true,"href":"https:\/\/elterritorialweb.com.ar\/web\/wp-json\/wp\/v2\/users\/2"}],"replies":[{"embeddable":true,"href":"https:\/\/elterritorialweb.com.ar\/web\/wp-json\/wp\/v2\/comments?post=45639"}],"version-history":[{"count":1,"href":"https:\/\/elterritorialweb.com.ar\/web\/wp-json\/wp\/v2\/posts\/45639\/revisions"}],"predecessor-version":[{"id":45641,"href":"https:\/\/elterritorialweb.com.ar\/web\/wp-json\/wp\/v2\/posts\/45639\/revisions\/45641"}],"wp:featuredmedia":[{"embeddable":true,"href":"https:\/\/elterritorialweb.com.ar\/web\/wp-json\/wp\/v2\/media\/45640"}],"wp:attachment":[{"href":"https:\/\/elterritorialweb.com.ar\/web\/wp-json\/wp\/v2\/media?parent=45639"}],"wp:term":[{"taxonomy":"category","embeddable":true,"href":"https:\/\/elterritorialweb.com.ar\/web\/wp-json\/wp\/v2\/categories?post=45639"},{"taxonomy":"post_tag","embeddable":true,"href":"https:\/\/elterritorialweb.com.ar\/web\/wp-json\/wp\/v2\/tags?post=45639"}],"curies":[{"name":"wp","href":"https:\/\/api.w.org\/{rel}","templated":true}]}}