{"id":45646,"date":"2022-10-13T03:09:55","date_gmt":"2022-10-13T03:09:55","guid":{"rendered":"http:\/\/elterritorialweb.com.ar\/web\/?p=45646"},"modified":"2022-10-13T03:09:56","modified_gmt":"2022-10-13T03:09:56","slug":"zamora-dejo-inaugurada-la-expo-smart-city-en-el-nodo-tecnologico","status":"publish","type":"post","link":"https:\/\/elterritorialweb.com.ar\/web\/zamora-dejo-inaugurada-la-expo-smart-city-en-el-nodo-tecnologico\/","title":{"rendered":"ZAMORA DEJ\u00d3 INAUGURADA LA EXPO SMART CITY EN EL NODO TECNOL\u00d3GICO"},"content":{"rendered":"\n<p>El evento, que se desarrollar\u00e1 hasta el viernes 14, se realiza bajo el lema \u201cComunidades sustentables para vivir mejor\u201d y contar\u00e1 con m\u00e1s de 100 oradores de todo el mundo que abordar\u00e1n temas relacionados con la construcci\u00f3n de distritos urbanos y rurales inteligentes, productivos, sustentables.<\/p>\n\n\n\n<p>Asistieron a la apertura funcionarios provinciales de todos los poderes, representantes de organizaciones de la sociedad civil, instituciones acad\u00e9micas y empresas de la regi\u00f3n y el mundo.<\/p>\n\n\n\n<p>Tambi\u00e9n participaron del corte de cintas y del posterior recorrido por la feria el vicegobernador Carlos Silva Neder; la presidente provisional del Senado de la Naci\u00f3n, Claudia Zamora; el jefe de Gabinete, El\u00edas Su\u00e1rez; la intendente de la ciudad Capital, Norma Fuentes; el presidente de Enacom, Claudio Ambrosini y el titular de YPF, Pablo Gonz\u00e1lez, entre otras autoridades.<\/p>\n\n\n\n<figure class=\"wp-block-image size-large\"><a href=\"https:\/\/i0.wp.com\/elterritorialweb.com.ar\/web\/wp-content\/uploads\/2022\/10\/smartc.jpeg\"><img data-recalc-dims=\"1\" decoding=\"async\" width=\"640\" height=\"415\" data-src=\"https:\/\/i0.wp.com\/elterritorialweb.com.ar\/web\/wp-content\/uploads\/2022\/10\/smartc.jpeg?resize=640%2C415\" alt=\"\" class=\"wp-image-45648 lazyload\" data-srcset=\"https:\/\/i0.wp.com\/elterritorialweb.com.ar\/web\/wp-content\/uploads\/2022\/10\/smartc.jpeg?resize=1024%2C664&amp;ssl=1 1024w, https:\/\/i0.wp.com\/elterritorialweb.com.ar\/web\/wp-content\/uploads\/2022\/10\/smartc.jpeg?resize=300%2C195&amp;ssl=1 300w, https:\/\/i0.wp.com\/elterritorialweb.com.ar\/web\/wp-content\/uploads\/2022\/10\/smartc.jpeg?resize=768%2C498&amp;ssl=1 768w, https:\/\/i0.wp.com\/elterritorialweb.com.ar\/web\/wp-content\/uploads\/2022\/10\/smartc.jpeg?w=1280&amp;ssl=1 1280w\" data-sizes=\"(max-width: 640px) 100vw, 640px\" src=\"data:image\/svg+xml;base64,PHN2ZyB3aWR0aD0iMSIgaGVpZ2h0PSIxIiB4bWxucz0iaHR0cDovL3d3dy53My5vcmcvMjAwMC9zdmciPjwvc3ZnPg==\" style=\"--smush-placeholder-width: 640px; --smush-placeholder-aspect-ratio: 640\/415;\" \/><\/a><\/figure>\n\n\n\n<p>Previamente, el gobernador particip\u00f3 de la presentaci\u00f3n del evento, donde dio la bienvenida a los visitantes y resalt\u00f3: \u201cEs un desaf\u00edo para nosotros el hecho de que en nuestro pa\u00eds se realice, y en la Madre de Ciudades, esta importante feria internacional. Es un inmenso orgullo y una inmensa alegr\u00eda\u201d.&nbsp;<\/p>\n\n\n\n<p>Por su parte, Ricard Zapatero subray\u00f3 la importancia de realizar esta feria en Santiago del Estero. \u201cLa provincia es ejemplo, porque aqu\u00ed se esta desarrollando una apuesta tecnol\u00f3gica de primer nivel, una apuesta por la sostenibilidad, una apuesta por el integrar las nuevas tecnolog\u00edas en la vida de los ciudadanos con el objetivo de mejorar la vida de todos. Es por eso que Smart City ha empezado a trabajar esta etapa de colaboraci\u00f3n con Santiago del Estero para que el gran evento que se hace en Argentina de Smart City sea en esta ciudad\u201d.<\/p>\n\n\n\n<figure class=\"wp-block-image size-large\"><a href=\"https:\/\/i0.wp.com\/elterritorialweb.com.ar\/web\/wp-content\/uploads\/2022\/10\/smart.jpeg\"><img data-recalc-dims=\"1\" decoding=\"async\" width=\"640\" height=\"426\" data-src=\"https:\/\/i0.wp.com\/elterritorialweb.com.ar\/web\/wp-content\/uploads\/2022\/10\/smart.jpeg?resize=640%2C426\" alt=\"\" class=\"wp-image-45650 lazyload\" data-srcset=\"https:\/\/i0.wp.com\/elterritorialweb.com.ar\/web\/wp-content\/uploads\/2022\/10\/smart.jpeg?resize=1024%2C682&amp;ssl=1 1024w, https:\/\/i0.wp.com\/elterritorialweb.com.ar\/web\/wp-content\/uploads\/2022\/10\/smart.jpeg?resize=300%2C200&amp;ssl=1 300w, https:\/\/i0.wp.com\/elterritorialweb.com.ar\/web\/wp-content\/uploads\/2022\/10\/smart.jpeg?resize=768%2C512&amp;ssl=1 768w, https:\/\/i0.wp.com\/elterritorialweb.com.ar\/web\/wp-content\/uploads\/2022\/10\/smart.jpeg?w=1280&amp;ssl=1 1280w\" data-sizes=\"(max-width: 640px) 100vw, 640px\" src=\"data:image\/svg+xml;base64,PHN2ZyB3aWR0aD0iMSIgaGVpZ2h0PSIxIiB4bWxucz0iaHR0cDovL3d3dy53My5vcmcvMjAwMC9zdmciPjwvc3ZnPg==\" style=\"--smush-placeholder-width: 640px; --smush-placeholder-aspect-ratio: 640\/426;\" \/><\/a><\/figure>\n\n\n\n<p>Subray\u00f3: \u201cSantiago es una provincia que est\u00e1 invirtiendo en traer los mayores referentes en muchos campos, el campo de deporte con el maravilloso estadio que se inaugur\u00f3, el mejor de Argentina, con el Gran Premio de motociclismo, uno de los referentes en pruebas deportivas; las inauguraciones en materia de tecnolog\u00eda; la apuesta por la educaci\u00f3n, que desde una primera base hace que los j\u00f3venes comiencen a familiarizarse con las nuevas tecnolog\u00edas y que esas nuevas tecnolog\u00edas ayuden a que las comunidades sean m\u00e1s sustentables y as\u00ed podamos todos vivir mejor\u201d.<\/p>\n\n\n\n<p>Destac\u00f3 tambi\u00e9n que con este acontecimiento Santiago del Estero se encuentra a la altura de ciudades como Curitiba en Brasil; en Doha, Qatar; en ciudad de M\u00e9xico y en Miami en Estados Unidos, donde este a\u00f1o estuvo Smart City. Record\u00f3 que Shangai qued\u00f3 pendiente debido al Covid 19 y que en noviembre se har\u00e1 en Barcelona.<\/p>\n\n\n\n<p>\u201cEsto dice mucho de la comunidad, dice mucho de los argentinos y dice mucho de Santiago del Estero\u201d, sentenci\u00f3.<\/p>\n\n\n\n<figure class=\"wp-block-image size-large\"><a href=\"https:\/\/i0.wp.com\/elterritorialweb.com.ar\/web\/wp-content\/uploads\/2022\/10\/smartcit.jpeg\"><img data-recalc-dims=\"1\" decoding=\"async\" width=\"640\" height=\"391\" data-src=\"https:\/\/i0.wp.com\/elterritorialweb.com.ar\/web\/wp-content\/uploads\/2022\/10\/smartcit.jpeg?resize=640%2C391\" alt=\"\" class=\"wp-image-45647 lazyload\" data-srcset=\"https:\/\/i0.wp.com\/elterritorialweb.com.ar\/web\/wp-content\/uploads\/2022\/10\/smartcit.jpeg?resize=1024%2C626&amp;ssl=1 1024w, https:\/\/i0.wp.com\/elterritorialweb.com.ar\/web\/wp-content\/uploads\/2022\/10\/smartcit.jpeg?resize=300%2C183&amp;ssl=1 300w, https:\/\/i0.wp.com\/elterritorialweb.com.ar\/web\/wp-content\/uploads\/2022\/10\/smartcit.jpeg?resize=768%2C469&amp;ssl=1 768w, https:\/\/i0.wp.com\/elterritorialweb.com.ar\/web\/wp-content\/uploads\/2022\/10\/smartcit.jpeg?w=1280&amp;ssl=1 1280w\" data-sizes=\"(max-width: 640px) 100vw, 640px\" src=\"data:image\/svg+xml;base64,PHN2ZyB3aWR0aD0iMSIgaGVpZ2h0PSIxIiB4bWxucz0iaHR0cDovL3d3dy53My5vcmcvMjAwMC9zdmciPjwvc3ZnPg==\" style=\"--smush-placeholder-width: 640px; --smush-placeholder-aspect-ratio: 640\/391;\" \/><\/a><\/figure>\n\n\n\n<p>En otro orden, el presidente de Enacom dijo: \u201cPara nosotros es un verdadero orgullo visitar Santiago del Estero, exponer en una feria tan importante como esta y aparte orgulloso como argentino que la organizaci\u00f3n de Barcelona haya elegido esta ciudad pujante\u201d.<\/p>\n\n\n\n<p>Por \u00faltimo, el titular de YPF, Pablo Gonz\u00e1lez destac\u00f3 el crecimiento de Santiago del Estero y su mirada hacia el futuro. \u201cGracias a Smart City por elegir nuestro pa\u00eds, gracias por elegir Santiago del Estero y por ser la primera vez de venir al interior de Argentina\u201d, cerr\u00f3.<\/p>\n\n\n\n<p><\/p>\n","protected":false},"excerpt":{"rendered":"<p>Ante una sala totalmente colmada, el gobernador Gerardo Zamora encabez\u00f3 este mi\u00e9rcoles la apertura oficial de la Expo Smart City Santiago del Estero, en las instalaciones del Nodo Tecnol\u00f3gico, junto con el CEO de Fira Barcelona Internacional, Ricard Zapatero.<\/p>\n","protected":false},"author":2,"featured_media":45649,"comment_status":"open","ping_status":"open","sticky":false,"template":"","format":"standard","meta":{"om_disable_all_campaigns":false,"_monsterinsights_skip_tracking":false,"_monsterinsights_sitenote_active":false,"_monsterinsights_sitenote_note":"","_monsterinsights_sitenote_category":0,"_uf_show_specific_survey":0,"_uf_disable_surveys":false,"jetpack_post_was_ever_published":false,"_jetpack_newsletter_access":"","_jetpack_dont_email_post_to_subs":false,"_jetpack_newsletter_tier_id":0,"_jetpack_memberships_contains_paywalled_content":false,"_jetpack_memberships_contains_paid_content":false,"footnotes":"","jetpack_publicize_message":"","jetpack_publicize_feature_enabled":true,"jetpack_social_post_already_shared":false,"jetpack_social_options":{"image_generator_settings":{"template":"highway","default_image_id":0,"font":"","enabled":false},"version":2}},"categories":[21],"tags":[],"class_list":["post-45646","post","type-post","status-publish","format-standard","has-post-thumbnail","hentry","category-locales"],"aioseo_notices":[],"views":9,"jetpack_publicize_connections":[],"jetpack_featured_media_url":"https:\/\/i0.wp.com\/elterritorialweb.com.ar\/web\/wp-content\/uploads\/2022\/10\/smartci.jpeg?fit=1280%2C853&ssl=1","jetpack_sharing_enabled":true,"_links":{"self":[{"href":"https:\/\/elterritorialweb.com.ar\/web\/wp-json\/wp\/v2\/posts\/45646","targetHints":{"allow":["GET"]}}],"collection":[{"href":"https:\/\/elterritorialweb.com.ar\/web\/wp-json\/wp\/v2\/posts"}],"about":[{"href":"https:\/\/elterritorialweb.com.ar\/web\/wp-json\/wp\/v2\/types\/post"}],"author":[{"embeddable":true,"href":"https:\/\/elterritorialweb.com.ar\/web\/wp-json\/wp\/v2\/users\/2"}],"replies":[{"embeddable":true,"href":"https:\/\/elterritorialweb.com.ar\/web\/wp-json\/wp\/v2\/comments?post=45646"}],"version-history":[{"count":1,"href":"https:\/\/elterritorialweb.com.ar\/web\/wp-json\/wp\/v2\/posts\/45646\/revisions"}],"predecessor-version":[{"id":45651,"href":"https:\/\/elterritorialweb.com.ar\/web\/wp-json\/wp\/v2\/posts\/45646\/revisions\/45651"}],"wp:featuredmedia":[{"embeddable":true,"href":"https:\/\/elterritorialweb.com.ar\/web\/wp-json\/wp\/v2\/media\/45649"}],"wp:attachment":[{"href":"https:\/\/elterritorialweb.com.ar\/web\/wp-json\/wp\/v2\/media?parent=45646"}],"wp:term":[{"taxonomy":"category","embeddable":true,"href":"https:\/\/elterritorialweb.com.ar\/web\/wp-json\/wp\/v2\/categories?post=45646"},{"taxonomy":"post_tag","embeddable":true,"href":"https:\/\/elterritorialweb.com.ar\/web\/wp-json\/wp\/v2\/tags?post=45646"}],"curies":[{"name":"wp","href":"https:\/\/api.w.org\/{rel}","templated":true}]}}