{"id":45703,"date":"2022-10-17T13:54:23","date_gmt":"2022-10-17T13:54:23","guid":{"rendered":"http:\/\/elterritorialweb.com.ar\/web\/?p=45703"},"modified":"2022-10-17T13:54:24","modified_gmt":"2022-10-17T13:54:24","slug":"bioferia-en-el-colegio-david-mc-taggart","status":"publish","type":"post","link":"https:\/\/elterritorialweb.com.ar\/web\/bioferia-en-el-colegio-david-mc-taggart\/","title":{"rendered":"BIOFERIA EN EL COLEGIO DAVID MC TAGGART"},"content":{"rendered":"\n<p>En el <strong>Colegio primario David Mc Taggart<\/strong>, se llevo a cabo la <strong>bioferia 2022<\/strong>, con la presentaci\u00f3n de trabajos de alumnos de ambos turnos y el compromiso de todos en el cuidado del medio ambiente.<\/p>\n\n\n\n<p>Desde la organizacion, informaron que este evento <em>\u00abes una propuesta ecol\u00f3gica en un evento escolar sustentable que transmite un estilo de vida alineado al consumo responsable, donde emprendedores, familias, alumnos, docentes comunican sus acciones y los visitantes disfrutan de experiencias transformadoras\u00bb. <\/em><\/p>\n\n\n\n<figure class=\"wp-block-image size-large\"><a href=\"https:\/\/i0.wp.com\/elterritorialweb.com.ar\/web\/wp-content\/uploads\/2022\/10\/WhatsApp-Image-2022-10-17-at-09.08.40-1.jpeg\"><img data-recalc-dims=\"1\" decoding=\"async\" width=\"640\" height=\"458\" data-src=\"https:\/\/i0.wp.com\/elterritorialweb.com.ar\/web\/wp-content\/uploads\/2022\/10\/WhatsApp-Image-2022-10-17-at-09.08.40-1.jpeg?resize=640%2C458\" alt=\"\" class=\"wp-image-45713 lazyload\" data-srcset=\"https:\/\/i0.wp.com\/elterritorialweb.com.ar\/web\/wp-content\/uploads\/2022\/10\/WhatsApp-Image-2022-10-17-at-09.08.40-1.jpeg?resize=1024%2C733&amp;ssl=1 1024w, https:\/\/i0.wp.com\/elterritorialweb.com.ar\/web\/wp-content\/uploads\/2022\/10\/WhatsApp-Image-2022-10-17-at-09.08.40-1.jpeg?resize=300%2C215&amp;ssl=1 300w, https:\/\/i0.wp.com\/elterritorialweb.com.ar\/web\/wp-content\/uploads\/2022\/10\/WhatsApp-Image-2022-10-17-at-09.08.40-1.jpeg?resize=768%2C550&amp;ssl=1 768w, https:\/\/i0.wp.com\/elterritorialweb.com.ar\/web\/wp-content\/uploads\/2022\/10\/WhatsApp-Image-2022-10-17-at-09.08.40-1.jpeg?w=1080&amp;ssl=1 1080w\" data-sizes=\"(max-width: 640px) 100vw, 640px\" src=\"data:image\/svg+xml;base64,PHN2ZyB3aWR0aD0iMSIgaGVpZ2h0PSIxIiB4bWxucz0iaHR0cDovL3d3dy53My5vcmcvMjAwMC9zdmciPjwvc3ZnPg==\" style=\"--smush-placeholder-width: 640px; --smush-placeholder-aspect-ratio: 640\/458;\" \/><\/a><\/figure>\n\n\n\n<p>La jornada cont\u00f3 con la exposici\u00f3n de proyectos que abarc\u00f3 de 1\u00b0 a 7\u00b0 grado en ambos turnos, y tambi\u00e9n se ofrecieron simposios a cargo del personal de la UNSE como la Ing. Rosana Coronel que disert\u00f3 sobre \u201cLos insectos y el ambiente\u201d y la Dra. Patricia Hern\u00e1ndez, se refiri\u00f3 a \u201cLos Bosques Nativos y la sustentabilidad\u201d.<\/p>\n\n\n\n<p>Con un trabaj\u00f3 en equipo, los alumnos del<strong> IFD Nuestro Se\u00f1or de Mail\u00edn<\/strong> y<strong> comercios de la capital del rubro gastron\u00f3mico<\/strong> entre ellos, Servi Sur, Brunos, Salute, Pericos, Dulce Ainna, Hofu caf\u00e9 bar, Museum caf\u00e9 bar, comprometidos con el cuidado del medio ambiente donde usaron los restos de caf\u00e9 para elaborar fertilizantes naturales. <\/p>\n\n\n\n<figure class=\"wp-block-gallery has-nested-images columns-default is-cropped wp-block-gallery-1 is-layout-flex wp-block-gallery-is-layout-flex\">\n<figure class=\"wp-block-image size-large\"><a href=\"https:\/\/i0.wp.com\/elterritorialweb.com.ar\/web\/wp-content\/uploads\/2022\/10\/WhatsApp-Image-2022-10-17-at-09.08.39.jpeg\"><img data-recalc-dims=\"1\" decoding=\"async\" width=\"640\" height=\"480\" data-id=\"45712\" data-src=\"https:\/\/i0.wp.com\/elterritorialweb.com.ar\/web\/wp-content\/uploads\/2022\/10\/WhatsApp-Image-2022-10-17-at-09.08.39.jpeg?resize=640%2C480\" alt=\"\" class=\"wp-image-45712 lazyload\" data-srcset=\"https:\/\/i0.wp.com\/elterritorialweb.com.ar\/web\/wp-content\/uploads\/2022\/10\/WhatsApp-Image-2022-10-17-at-09.08.39.jpeg?w=1152&amp;ssl=1 1152w, https:\/\/i0.wp.com\/elterritorialweb.com.ar\/web\/wp-content\/uploads\/2022\/10\/WhatsApp-Image-2022-10-17-at-09.08.39.jpeg?resize=300%2C225&amp;ssl=1 300w, https:\/\/i0.wp.com\/elterritorialweb.com.ar\/web\/wp-content\/uploads\/2022\/10\/WhatsApp-Image-2022-10-17-at-09.08.39.jpeg?resize=1024%2C768&amp;ssl=1 1024w, https:\/\/i0.wp.com\/elterritorialweb.com.ar\/web\/wp-content\/uploads\/2022\/10\/WhatsApp-Image-2022-10-17-at-09.08.39.jpeg?resize=768%2C576&amp;ssl=1 768w\" data-sizes=\"(max-width: 640px) 100vw, 640px\" src=\"data:image\/svg+xml;base64,PHN2ZyB3aWR0aD0iMSIgaGVpZ2h0PSIxIiB4bWxucz0iaHR0cDovL3d3dy53My5vcmcvMjAwMC9zdmciPjwvc3ZnPg==\" style=\"--smush-placeholder-width: 640px; --smush-placeholder-aspect-ratio: 640\/480;\" \/><\/a><\/figure>\n\n\n\n<figure class=\"wp-block-image size-large\"><a href=\"https:\/\/i0.wp.com\/elterritorialweb.com.ar\/web\/wp-content\/uploads\/2022\/10\/WhatsApp-Image-2022-10-17-at-09.08.39-2.jpeg\"><img data-recalc-dims=\"1\" decoding=\"async\" width=\"640\" height=\"424\" data-id=\"45711\" data-src=\"https:\/\/i0.wp.com\/elterritorialweb.com.ar\/web\/wp-content\/uploads\/2022\/10\/WhatsApp-Image-2022-10-17-at-09.08.39-2.jpeg?resize=640%2C424\" alt=\"\" class=\"wp-image-45711 lazyload\" data-srcset=\"https:\/\/i0.wp.com\/elterritorialweb.com.ar\/web\/wp-content\/uploads\/2022\/10\/WhatsApp-Image-2022-10-17-at-09.08.39-2.jpeg?w=1024&amp;ssl=1 1024w, https:\/\/i0.wp.com\/elterritorialweb.com.ar\/web\/wp-content\/uploads\/2022\/10\/WhatsApp-Image-2022-10-17-at-09.08.39-2.jpeg?resize=300%2C199&amp;ssl=1 300w, https:\/\/i0.wp.com\/elterritorialweb.com.ar\/web\/wp-content\/uploads\/2022\/10\/WhatsApp-Image-2022-10-17-at-09.08.39-2.jpeg?resize=768%2C509&amp;ssl=1 768w\" data-sizes=\"(max-width: 640px) 100vw, 640px\" src=\"data:image\/svg+xml;base64,PHN2ZyB3aWR0aD0iMSIgaGVpZ2h0PSIxIiB4bWxucz0iaHR0cDovL3d3dy53My5vcmcvMjAwMC9zdmciPjwvc3ZnPg==\" style=\"--smush-placeholder-width: 640px; --smush-placeholder-aspect-ratio: 640\/424;\" \/><\/a><\/figure>\n\n\n\n<figure class=\"wp-block-image size-large\"><a href=\"https:\/\/i0.wp.com\/elterritorialweb.com.ar\/web\/wp-content\/uploads\/2022\/10\/WhatsApp-Image-2022-10-17-at-09.08.39-1.jpeg\"><img data-recalc-dims=\"1\" decoding=\"async\" width=\"640\" height=\"360\" data-id=\"45710\" data-src=\"https:\/\/i0.wp.com\/elterritorialweb.com.ar\/web\/wp-content\/uploads\/2022\/10\/WhatsApp-Image-2022-10-17-at-09.08.39-1.jpeg?resize=640%2C360\" alt=\"\" class=\"wp-image-45710 lazyload\" data-srcset=\"https:\/\/i0.wp.com\/elterritorialweb.com.ar\/web\/wp-content\/uploads\/2022\/10\/WhatsApp-Image-2022-10-17-at-09.08.39-1.jpeg?w=960&amp;ssl=1 960w, https:\/\/i0.wp.com\/elterritorialweb.com.ar\/web\/wp-content\/uploads\/2022\/10\/WhatsApp-Image-2022-10-17-at-09.08.39-1.jpeg?resize=300%2C169&amp;ssl=1 300w, https:\/\/i0.wp.com\/elterritorialweb.com.ar\/web\/wp-content\/uploads\/2022\/10\/WhatsApp-Image-2022-10-17-at-09.08.39-1.jpeg?resize=768%2C432&amp;ssl=1 768w\" data-sizes=\"(max-width: 640px) 100vw, 640px\" src=\"data:image\/svg+xml;base64,PHN2ZyB3aWR0aD0iMSIgaGVpZ2h0PSIxIiB4bWxucz0iaHR0cDovL3d3dy53My5vcmcvMjAwMC9zdmciPjwvc3ZnPg==\" style=\"--smush-placeholder-width: 640px; --smush-placeholder-aspect-ratio: 640\/360;\" \/><\/a><\/figure>\n<\/figure>\n\n\n\n<p>Una bioferia pondera el trabajo colaborativo en red y cont\u00f3 con la participaci\u00f3n de las familias en general, la <strong>Sra. Carolina L\u00f3pez por el trabajo eco-ladrillo<\/strong>, <strong>Dise\u00f1ador de Indumentaria Luis Ignacio Pacheco Zegarra<\/strong> y con la tem\u00e1tica<strong> plantas medicinales el Sr. Roberto Adamo<\/strong>, con aulas taller para la presentaci\u00f3n y ejecuci\u00f3n de las propuestas. <\/p>\n\n\n\n<blockquote class=\"wp-block-quote is-layout-flow wp-block-quote-is-layout-flow\"><p>Los proyectos formulados por docentes y alumnos muestran desde el uso de hierbas medicinales, bienestar e higiene, la tecnolog\u00eda a disposici\u00f3n de la ciencia, moda ecol\u00f3gica, arte, reutilizaci\u00f3n de materiales, eco invernadero, elaboraci\u00f3n de fertilizantes Naturales, y los iniciadores de fuego. <\/p><cite>Colegio Mc Daggart<\/cite><\/blockquote>\n\n\n\n<figure class=\"wp-block-gallery has-nested-images columns-default is-cropped wp-block-gallery-2 is-layout-flex wp-block-gallery-is-layout-flex\">\n<figure class=\"wp-block-image size-large\"><a href=\"https:\/\/i0.wp.com\/elterritorialweb.com.ar\/web\/wp-content\/uploads\/2022\/10\/WhatsApp-Image-2022-10-17-at-09.08.38.jpeg\"><img data-recalc-dims=\"1\" decoding=\"async\" width=\"640\" height=\"480\" data-id=\"45709\" data-src=\"https:\/\/i0.wp.com\/elterritorialweb.com.ar\/web\/wp-content\/uploads\/2022\/10\/WhatsApp-Image-2022-10-17-at-09.08.38.jpeg?resize=640%2C480\" alt=\"\" class=\"wp-image-45709 lazyload\" data-srcset=\"https:\/\/i0.wp.com\/elterritorialweb.com.ar\/web\/wp-content\/uploads\/2022\/10\/WhatsApp-Image-2022-10-17-at-09.08.38.jpeg?w=1020&amp;ssl=1 1020w, https:\/\/i0.wp.com\/elterritorialweb.com.ar\/web\/wp-content\/uploads\/2022\/10\/WhatsApp-Image-2022-10-17-at-09.08.38.jpeg?resize=300%2C225&amp;ssl=1 300w, https:\/\/i0.wp.com\/elterritorialweb.com.ar\/web\/wp-content\/uploads\/2022\/10\/WhatsApp-Image-2022-10-17-at-09.08.38.jpeg?resize=768%2C576&amp;ssl=1 768w\" data-sizes=\"(max-width: 640px) 100vw, 640px\" src=\"data:image\/svg+xml;base64,PHN2ZyB3aWR0aD0iMSIgaGVpZ2h0PSIxIiB4bWxucz0iaHR0cDovL3d3dy53My5vcmcvMjAwMC9zdmciPjwvc3ZnPg==\" style=\"--smush-placeholder-width: 640px; --smush-placeholder-aspect-ratio: 640\/480;\" \/><\/a><\/figure>\n\n\n\n<figure class=\"wp-block-image size-large\"><a href=\"https:\/\/i0.wp.com\/elterritorialweb.com.ar\/web\/wp-content\/uploads\/2022\/10\/WhatsApp-Image-2022-10-17-at-09.08.38-1.jpeg\"><img data-recalc-dims=\"1\" decoding=\"async\" width=\"640\" height=\"482\" data-id=\"45708\" data-src=\"https:\/\/i0.wp.com\/elterritorialweb.com.ar\/web\/wp-content\/uploads\/2022\/10\/WhatsApp-Image-2022-10-17-at-09.08.38-1.jpeg?resize=640%2C482\" alt=\"\" class=\"wp-image-45708 lazyload\" data-srcset=\"https:\/\/i0.wp.com\/elterritorialweb.com.ar\/web\/wp-content\/uploads\/2022\/10\/WhatsApp-Image-2022-10-17-at-09.08.38-1.jpeg?w=1280&amp;ssl=1 1280w, https:\/\/i0.wp.com\/elterritorialweb.com.ar\/web\/wp-content\/uploads\/2022\/10\/WhatsApp-Image-2022-10-17-at-09.08.38-1.jpeg?resize=300%2C226&amp;ssl=1 300w, https:\/\/i0.wp.com\/elterritorialweb.com.ar\/web\/wp-content\/uploads\/2022\/10\/WhatsApp-Image-2022-10-17-at-09.08.38-1.jpeg?resize=1024%2C770&amp;ssl=1 1024w, https:\/\/i0.wp.com\/elterritorialweb.com.ar\/web\/wp-content\/uploads\/2022\/10\/WhatsApp-Image-2022-10-17-at-09.08.38-1.jpeg?resize=768%2C578&amp;ssl=1 768w\" data-sizes=\"(max-width: 640px) 100vw, 640px\" src=\"data:image\/svg+xml;base64,PHN2ZyB3aWR0aD0iMSIgaGVpZ2h0PSIxIiB4bWxucz0iaHR0cDovL3d3dy53My5vcmcvMjAwMC9zdmciPjwvc3ZnPg==\" style=\"--smush-placeholder-width: 640px; --smush-placeholder-aspect-ratio: 640\/482;\" \/><\/a><\/figure>\n\n\n\n<figure class=\"wp-block-image size-large\"><a href=\"https:\/\/i0.wp.com\/elterritorialweb.com.ar\/web\/wp-content\/uploads\/2022\/10\/WhatsApp-Image-2022-10-17-at-09.08.37-1.jpeg\"><img data-recalc-dims=\"1\" decoding=\"async\" width=\"640\" height=\"321\" data-id=\"45706\" data-src=\"https:\/\/i0.wp.com\/elterritorialweb.com.ar\/web\/wp-content\/uploads\/2022\/10\/WhatsApp-Image-2022-10-17-at-09.08.37-1.jpeg?resize=640%2C321\" alt=\"\" class=\"wp-image-45706 lazyload\" data-srcset=\"https:\/\/i0.wp.com\/elterritorialweb.com.ar\/web\/wp-content\/uploads\/2022\/10\/WhatsApp-Image-2022-10-17-at-09.08.37-1.jpeg?w=1280&amp;ssl=1 1280w, https:\/\/i0.wp.com\/elterritorialweb.com.ar\/web\/wp-content\/uploads\/2022\/10\/WhatsApp-Image-2022-10-17-at-09.08.37-1.jpeg?resize=300%2C150&amp;ssl=1 300w, https:\/\/i0.wp.com\/elterritorialweb.com.ar\/web\/wp-content\/uploads\/2022\/10\/WhatsApp-Image-2022-10-17-at-09.08.37-1.jpeg?resize=1024%2C513&amp;ssl=1 1024w, https:\/\/i0.wp.com\/elterritorialweb.com.ar\/web\/wp-content\/uploads\/2022\/10\/WhatsApp-Image-2022-10-17-at-09.08.37-1.jpeg?resize=768%2C385&amp;ssl=1 768w\" data-sizes=\"(max-width: 640px) 100vw, 640px\" src=\"data:image\/svg+xml;base64,PHN2ZyB3aWR0aD0iMSIgaGVpZ2h0PSIxIiB4bWxucz0iaHR0cDovL3d3dy53My5vcmcvMjAwMC9zdmciPjwvc3ZnPg==\" style=\"--smush-placeholder-width: 640px; --smush-placeholder-aspect-ratio: 640\/321;\" \/><\/a><\/figure>\n\n\n\n<figure class=\"wp-block-image size-large\"><a href=\"https:\/\/i0.wp.com\/elterritorialweb.com.ar\/web\/wp-content\/uploads\/2022\/10\/WhatsApp-Image-2022-10-17-at-09.08.36.jpeg\"><img data-recalc-dims=\"1\" decoding=\"async\" width=\"640\" height=\"480\" data-id=\"45705\" data-src=\"https:\/\/i0.wp.com\/elterritorialweb.com.ar\/web\/wp-content\/uploads\/2022\/10\/WhatsApp-Image-2022-10-17-at-09.08.36.jpeg?resize=640%2C480\" alt=\"\" class=\"wp-image-45705 lazyload\" data-srcset=\"https:\/\/i0.wp.com\/elterritorialweb.com.ar\/web\/wp-content\/uploads\/2022\/10\/WhatsApp-Image-2022-10-17-at-09.08.36.jpeg?w=1080&amp;ssl=1 1080w, https:\/\/i0.wp.com\/elterritorialweb.com.ar\/web\/wp-content\/uploads\/2022\/10\/WhatsApp-Image-2022-10-17-at-09.08.36.jpeg?resize=300%2C225&amp;ssl=1 300w, https:\/\/i0.wp.com\/elterritorialweb.com.ar\/web\/wp-content\/uploads\/2022\/10\/WhatsApp-Image-2022-10-17-at-09.08.36.jpeg?resize=1024%2C768&amp;ssl=1 1024w, https:\/\/i0.wp.com\/elterritorialweb.com.ar\/web\/wp-content\/uploads\/2022\/10\/WhatsApp-Image-2022-10-17-at-09.08.36.jpeg?resize=768%2C576&amp;ssl=1 768w\" data-sizes=\"(max-width: 640px) 100vw, 640px\" src=\"data:image\/svg+xml;base64,PHN2ZyB3aWR0aD0iMSIgaGVpZ2h0PSIxIiB4bWxucz0iaHR0cDovL3d3dy53My5vcmcvMjAwMC9zdmciPjwvc3ZnPg==\" style=\"--smush-placeholder-width: 640px; --smush-placeholder-aspect-ratio: 640\/480;\" \/><\/a><\/figure>\n<\/figure>\n\n\n\n<p>Cada a\u00f1o el Colegio abre sus puertas para compartir con la comunidad educativa la huella ecol\u00f3gica que los identifica y les permite avanzar en la preservaci\u00f3n del medio ambiente pensando en las generaciones futuras<\/p>\n","protected":false},"excerpt":{"rendered":"<p>Se realizo este viernes 14 de octubre en el establecimiento escolar.<\/p>\n","protected":false},"author":2,"featured_media":45707,"comment_status":"open","ping_status":"open","sticky":false,"template":"","format":"standard","meta":{"om_disable_all_campaigns":false,"_monsterinsights_skip_tracking":false,"_monsterinsights_sitenote_active":false,"_monsterinsights_sitenote_note":"","_monsterinsights_sitenote_category":0,"_uf_show_specific_survey":0,"_uf_disable_surveys":false,"jetpack_post_was_ever_published":false,"_jetpack_newsletter_access":"","_jetpack_dont_email_post_to_subs":false,"_jetpack_newsletter_tier_id":0,"_jetpack_memberships_contains_paywalled_content":false,"_jetpack_memberships_contains_paid_content":false,"footnotes":"","jetpack_publicize_message":"","jetpack_publicize_feature_enabled":true,"jetpack_social_post_already_shared":false,"jetpack_social_options":{"image_generator_settings":{"template":"highway","default_image_id":0,"font":"","enabled":false},"version":2}},"categories":[19],"tags":[],"class_list":["post-45703","post","type-post","status-publish","format-standard","has-post-thumbnail","hentry","category-educacion"],"aioseo_notices":[],"views":76,"jetpack_publicize_connections":[],"jetpack_featured_media_url":"https:\/\/i0.wp.com\/elterritorialweb.com.ar\/web\/wp-content\/uploads\/2022\/10\/WhatsApp-Image-2022-10-17-at-09.08.37.jpeg?fit=1280%2C963&ssl=1","jetpack_sharing_enabled":true,"_links":{"self":[{"href":"https:\/\/elterritorialweb.com.ar\/web\/wp-json\/wp\/v2\/posts\/45703","targetHints":{"allow":["GET"]}}],"collection":[{"href":"https:\/\/elterritorialweb.com.ar\/web\/wp-json\/wp\/v2\/posts"}],"about":[{"href":"https:\/\/elterritorialweb.com.ar\/web\/wp-json\/wp\/v2\/types\/post"}],"author":[{"embeddable":true,"href":"https:\/\/elterritorialweb.com.ar\/web\/wp-json\/wp\/v2\/users\/2"}],"replies":[{"embeddable":true,"href":"https:\/\/elterritorialweb.com.ar\/web\/wp-json\/wp\/v2\/comments?post=45703"}],"version-history":[{"count":1,"href":"https:\/\/elterritorialweb.com.ar\/web\/wp-json\/wp\/v2\/posts\/45703\/revisions"}],"predecessor-version":[{"id":45715,"href":"https:\/\/elterritorialweb.com.ar\/web\/wp-json\/wp\/v2\/posts\/45703\/revisions\/45715"}],"wp:featuredmedia":[{"embeddable":true,"href":"https:\/\/elterritorialweb.com.ar\/web\/wp-json\/wp\/v2\/media\/45707"}],"wp:attachment":[{"href":"https:\/\/elterritorialweb.com.ar\/web\/wp-json\/wp\/v2\/media?parent=45703"}],"wp:term":[{"taxonomy":"category","embeddable":true,"href":"https:\/\/elterritorialweb.com.ar\/web\/wp-json\/wp\/v2\/categories?post=45703"},{"taxonomy":"post_tag","embeddable":true,"href":"https:\/\/elterritorialweb.com.ar\/web\/wp-json\/wp\/v2\/tags?post=45703"}],"curies":[{"name":"wp","href":"https:\/\/api.w.org\/{rel}","templated":true}]}}