{"id":45926,"date":"2022-10-25T21:36:54","date_gmt":"2022-10-25T21:36:54","guid":{"rendered":"http:\/\/elterritorialweb.com.ar\/web\/?p=45926"},"modified":"2022-10-25T21:36:54","modified_gmt":"2022-10-25T21:36:54","slug":"la-imagen-de-la-virgen-de-lujan-visitara-la-ciudad-capital","status":"publish","type":"post","link":"https:\/\/elterritorialweb.com.ar\/web\/la-imagen-de-la-virgen-de-lujan-visitara-la-ciudad-capital\/","title":{"rendered":"LA IMAGEN DE LA VIRGEN DE LUJAN VISITAR\u00c1 LA CIUDAD CAPITAL"},"content":{"rendered":"\n<p>La intendente de la Capital, Ing. Norma Fuentes, dialog\u00f3 con el obispo de la Di\u00f3cesis de Santiago del Estero, monse\u00f1or Vicente Bokalic, y con el coordinador del Hogar de Cristo San Vicente, hermano Cristian Viscardi, sobre la peregrinaci\u00f3n de la Virgen de Lujan, que visitar\u00e1 la ciudad los d\u00edas 16, 17 y 18 de noviembre pr\u00f3ximo, en el marco de un recorrido por todo el pa\u00eds llevando un mensaje contra el consumo de drogas.<\/p>\n\n\n\n<p>Tambi\u00e9n participaron del encuentro,<a><\/a> desarrollado en el Sal\u00f3n de Acuerdos del municipio, los trabajadores sociales del Hogar de Cristo San Vicente, Tatiana Fern\u00e1ndez y Facundo Carrizo.<\/p>\n\n\n\n<p>La peregrinaci\u00f3n est\u00e1 enmarcada en el decimoquinto aniversario de los Hogares de Cristo y los 10 a\u00f1os de pontificado del Papa Francisco. \u201cLa imagen de la Virgen de Luj\u00e1n est\u00e1 recorriendo todo el pa\u00eds bajo el lema \u201cMar\u00eda nuestra madre nos visita y nos abraza\u201d; y quiere visitar acompa\u00f1ar y fortalecer a todos los j\u00f3venes y familias que est\u00e1n atravesados por el problema de las adicciones\u201d, indicaron los religiosos.<\/p>\n\n\n\n<p>Explicaron que a lo largo de su recorrido la Virgen de Luj\u00e1n es \u201cescoltada por un grupo de misioneros que integran a la familia grande de los Hogares de Cristo, j\u00f3venes que viven el problema de las drogas, de la calle y de la marginalidad. Al visitar nuestra comunidad quiere dar a todos un mensaje de esperanza y gritar Ni un pibe menos por la droga\u201d.<\/p>\n\n\n\n<p>La Virgen y los misioneros ser\u00e1n recibidos en Santiago por la comunidad del Hogar de Cristo San Vicente del barrio La Cat\u00f3lica.\u201cDe ah\u00ed llevar\u00e1n su mensaje y testimonios a las personas que est\u00e1n comprometidas a favor de la vida. Son parte del grupo de misioneros tambi\u00e9n el padre Pepe di Paola y otros sacerdotes conocidos a nivel nacional por su labor y compromiso social\u201d, remarcaron.<\/p>\n\n\n\n<p>El d\u00eda mi\u00e9rcoles 16 habr\u00e1 una caravana de bienvenida; el 17, se realizar\u00e1n actividades con la Fundaci\u00f3n NockaMunayki, una procesi\u00f3n a la Plaza Libertad, una misa en la Catedral y una serenata a la Virgen en la plaza Libertad. En tanto, el 18 la peregrinaci\u00f3n continuar\u00e1 hacia el santuario del Se\u00f1or de los Milagros de Mail\u00edn y luego hacia la ciudad de A\u00f1atuya.<\/p>\n","protected":false},"excerpt":{"rendered":"<p>La visita se realizar\u00e1 desde el 16 al 18 de noviembre pr\u00f3ximo.<\/p>\n","protected":false},"author":2,"featured_media":45927,"comment_status":"open","ping_status":"open","sticky":false,"template":"","format":"standard","meta":{"om_disable_all_campaigns":false,"_monsterinsights_skip_tracking":false,"_monsterinsights_sitenote_active":false,"_monsterinsights_sitenote_note":"","_monsterinsights_sitenote_category":0,"_uf_show_specific_survey":0,"_uf_disable_surveys":false,"jetpack_post_was_ever_published":false,"_jetpack_newsletter_access":"","_jetpack_dont_email_post_to_subs":false,"_jetpack_newsletter_tier_id":0,"_jetpack_memberships_contains_paywalled_content":false,"_jetpack_memberships_contains_paid_content":false,"footnotes":"","jetpack_publicize_message":"","jetpack_publicize_feature_enabled":true,"jetpack_social_post_already_shared":false,"jetpack_social_options":{"image_generator_settings":{"template":"highway","default_image_id":0,"font":"","enabled":false},"version":2}},"categories":[21],"tags":[],"class_list":["post-45926","post","type-post","status-publish","format-standard","has-post-thumbnail","hentry","category-locales"],"aioseo_notices":[],"views":8,"jetpack_publicize_connections":[],"jetpack_featured_media_url":"https:\/\/i0.wp.com\/elterritorialweb.com.ar\/web\/wp-content\/uploads\/2022\/10\/fuentes-reunion-visita-virgen-de-lujan.jpeg?fit=1600%2C905&ssl=1","jetpack_sharing_enabled":true,"_links":{"self":[{"href":"https:\/\/elterritorialweb.com.ar\/web\/wp-json\/wp\/v2\/posts\/45926","targetHints":{"allow":["GET"]}}],"collection":[{"href":"https:\/\/elterritorialweb.com.ar\/web\/wp-json\/wp\/v2\/posts"}],"about":[{"href":"https:\/\/elterritorialweb.com.ar\/web\/wp-json\/wp\/v2\/types\/post"}],"author":[{"embeddable":true,"href":"https:\/\/elterritorialweb.com.ar\/web\/wp-json\/wp\/v2\/users\/2"}],"replies":[{"embeddable":true,"href":"https:\/\/elterritorialweb.com.ar\/web\/wp-json\/wp\/v2\/comments?post=45926"}],"version-history":[{"count":1,"href":"https:\/\/elterritorialweb.com.ar\/web\/wp-json\/wp\/v2\/posts\/45926\/revisions"}],"predecessor-version":[{"id":45928,"href":"https:\/\/elterritorialweb.com.ar\/web\/wp-json\/wp\/v2\/posts\/45926\/revisions\/45928"}],"wp:featuredmedia":[{"embeddable":true,"href":"https:\/\/elterritorialweb.com.ar\/web\/wp-json\/wp\/v2\/media\/45927"}],"wp:attachment":[{"href":"https:\/\/elterritorialweb.com.ar\/web\/wp-json\/wp\/v2\/media?parent=45926"}],"wp:term":[{"taxonomy":"category","embeddable":true,"href":"https:\/\/elterritorialweb.com.ar\/web\/wp-json\/wp\/v2\/categories?post=45926"},{"taxonomy":"post_tag","embeddable":true,"href":"https:\/\/elterritorialweb.com.ar\/web\/wp-json\/wp\/v2\/tags?post=45926"}],"curies":[{"name":"wp","href":"https:\/\/api.w.org\/{rel}","templated":true}]}}