{"id":45929,"date":"2022-10-25T22:00:33","date_gmt":"2022-10-25T22:00:33","guid":{"rendered":"http:\/\/elterritorialweb.com.ar\/web\/?p=45929"},"modified":"2022-10-25T22:00:34","modified_gmt":"2022-10-25T22:00:34","slug":"presentacion-de-los-resultados-del-estudio-de-inteligencia-emocional-en-tratamiento-del-consumo-de-conductas-adictivas","status":"publish","type":"post","link":"https:\/\/elterritorialweb.com.ar\/web\/presentacion-de-los-resultados-del-estudio-de-inteligencia-emocional-en-tratamiento-del-consumo-de-conductas-adictivas\/","title":{"rendered":"PRESENTACI\u00d3N DE LOS RESULTADOS DEL ESTUDIO DE INTELIGENCIA EMOCIONAL EN TRATAMIENTO DEL CONSUMO DE CONDUCTAS ADICTIVAS"},"content":{"rendered":"\n<p>Tambi\u00e9n participaron las ministras de Justicia y Derechos Humanos, Matilde O\u00b4Mill; de Educaci\u00f3n, Ciencia y Tecnolog\u00eda, Mariela Nassif; directora de Abordaje Integral de las Adicciones (Digaia), Claudia Tarchini y el presidente de la Fundaci\u00f3n Nocka Munayki, Javier Manzano, con la participaci\u00f3n de los equipos de los dispositivos de adicciones de \u00a0la provincia.<br>En referencia a la actividad,\u00a0Claudia Tarchini expres\u00f3: \u201cEs un hito vivir este momento en nuestro trabajo cotidiano, con todas las personas que trabajamos, y poder compartir esta evidencia de hechos y datos que tanto hablamos y que tan dif\u00edcil es concretarlos\u201d.<br>Por su parte, Matilde O\u00b4Mill agradeci\u00f3 \u00aba todos los que han participado en estos cuatro a\u00f1os de trabajo\u00bb.<br>\u00abEsto es el resultado de un trabajo en equipo, de un trabajo serio de investigaci\u00f3n que pr\u00e1cticamente no tiene precedentes en el pa\u00eds y que nos permite pensar en una pol\u00edtica p\u00fablica para el abordaje de adicciones sobre la base de evidencia. A nivel de pol\u00edticas p\u00fablicas en adicciones conlleva un valor que es sustancial a la hora de pensar los efectos y las consecuencias en el impacto de esas pol\u00edticas p\u00fablicas y el trabajo que se ha realizado puntualmente est\u00e1 vinculado a la inteligencia emocional aplicada en todo este proceso de abordaje de adicciones\u201d, remarc\u00f3.<\/p>\n\n\n\n<figure class=\"wp-block-image size-large\"><a href=\"https:\/\/i0.wp.com\/elterritorialweb.com.ar\/web\/wp-content\/uploads\/2022\/10\/WhatsApp-Image-2022-10-25-at-17.34.36.jpeg\"><img data-recalc-dims=\"1\" decoding=\"async\" width=\"640\" height=\"427\" data-src=\"https:\/\/i0.wp.com\/elterritorialweb.com.ar\/web\/wp-content\/uploads\/2022\/10\/WhatsApp-Image-2022-10-25-at-17.34.36.jpeg?resize=640%2C427\" alt=\"\" class=\"wp-image-45930 lazyload\" data-srcset=\"https:\/\/i0.wp.com\/elterritorialweb.com.ar\/web\/wp-content\/uploads\/2022\/10\/WhatsApp-Image-2022-10-25-at-17.34.36.jpeg?resize=1024%2C683&amp;ssl=1 1024w, https:\/\/i0.wp.com\/elterritorialweb.com.ar\/web\/wp-content\/uploads\/2022\/10\/WhatsApp-Image-2022-10-25-at-17.34.36.jpeg?resize=300%2C200&amp;ssl=1 300w, https:\/\/i0.wp.com\/elterritorialweb.com.ar\/web\/wp-content\/uploads\/2022\/10\/WhatsApp-Image-2022-10-25-at-17.34.36.jpeg?resize=768%2C512&amp;ssl=1 768w, https:\/\/i0.wp.com\/elterritorialweb.com.ar\/web\/wp-content\/uploads\/2022\/10\/WhatsApp-Image-2022-10-25-at-17.34.36.jpeg?resize=1536%2C1024&amp;ssl=1 1536w, https:\/\/i0.wp.com\/elterritorialweb.com.ar\/web\/wp-content\/uploads\/2022\/10\/WhatsApp-Image-2022-10-25-at-17.34.36.jpeg?w=1599&amp;ssl=1 1599w, https:\/\/i0.wp.com\/elterritorialweb.com.ar\/web\/wp-content\/uploads\/2022\/10\/WhatsApp-Image-2022-10-25-at-17.34.36.jpeg?w=1280 1280w\" data-sizes=\"(max-width: 640px) 100vw, 640px\" src=\"data:image\/svg+xml;base64,PHN2ZyB3aWR0aD0iMSIgaGVpZ2h0PSIxIiB4bWxucz0iaHR0cDovL3d3dy53My5vcmcvMjAwMC9zdmciPjwvc3ZnPg==\" style=\"--smush-placeholder-width: 640px; --smush-placeholder-aspect-ratio: 640\/427;\" \/><\/a><\/figure>\n\n\n\n<p>Para finalizar, Fabiola Rey expres\u00f3: \u201cLlevamos cuatro a\u00f1os desarrollando modelos de recolecci\u00f3n de informaci\u00f3n y construcci\u00f3n de evidencias para la evaluaci\u00f3n de la pol\u00edtica p\u00fablica y la atenci\u00f3n en consumo de sustancias y lo que hemos hecho hoy es mostrar los resultados de estos a\u00f1os de trabajo que se han hecho en alianza con la provincia con la Fundaci\u00f3n Nocka Munayki y con la Digaia. Todos los procesos que hemos realizado muestra una efectividad alta que corre la edad de inicio de consumo de 8 \/ 12 a un pico entre los 13 y los 17 y que va desplazando a lo largo del tiempo y eso es el resultado de los procesos de prevenci\u00f3n dentro de la provincia\u201d.\u00a0<\/p>\n","protected":false},"excerpt":{"rendered":"<p>El mismo se llev\u00f3 a cabo en el Sal\u00f3n Auditorio de Casa de Gobierno y estuvo a cargo de la especialistas colombiana Fabiola Rey y de los integrantes del Observatorio de la Fundaci\u00f3n Nocka Munayki.<\/p>\n","protected":false},"author":2,"featured_media":45931,"comment_status":"open","ping_status":"open","sticky":false,"template":"","format":"standard","meta":{"om_disable_all_campaigns":false,"_monsterinsights_skip_tracking":false,"_monsterinsights_sitenote_active":false,"_monsterinsights_sitenote_note":"","_monsterinsights_sitenote_category":0,"_uf_show_specific_survey":0,"_uf_disable_surveys":false,"jetpack_post_was_ever_published":false,"_jetpack_newsletter_access":"","_jetpack_dont_email_post_to_subs":false,"_jetpack_newsletter_tier_id":0,"_jetpack_memberships_contains_paywalled_content":false,"_jetpack_memberships_contains_paid_content":false,"footnotes":"","jetpack_publicize_message":"","jetpack_publicize_feature_enabled":true,"jetpack_social_post_already_shared":false,"jetpack_social_options":{"image_generator_settings":{"template":"highway","default_image_id":0,"font":"","enabled":false},"version":2}},"categories":[21],"tags":[],"class_list":["post-45929","post","type-post","status-publish","format-standard","has-post-thumbnail","hentry","category-locales"],"aioseo_notices":[],"views":9,"jetpack_publicize_connections":[],"jetpack_featured_media_url":"https:\/\/i0.wp.com\/elterritorialweb.com.ar\/web\/wp-content\/uploads\/2022\/10\/WhatsApp-Image-2022-10-25-at-17.34.38.jpeg?fit=1599%2C1066&ssl=1","jetpack_sharing_enabled":true,"_links":{"self":[{"href":"https:\/\/elterritorialweb.com.ar\/web\/wp-json\/wp\/v2\/posts\/45929","targetHints":{"allow":["GET"]}}],"collection":[{"href":"https:\/\/elterritorialweb.com.ar\/web\/wp-json\/wp\/v2\/posts"}],"about":[{"href":"https:\/\/elterritorialweb.com.ar\/web\/wp-json\/wp\/v2\/types\/post"}],"author":[{"embeddable":true,"href":"https:\/\/elterritorialweb.com.ar\/web\/wp-json\/wp\/v2\/users\/2"}],"replies":[{"embeddable":true,"href":"https:\/\/elterritorialweb.com.ar\/web\/wp-json\/wp\/v2\/comments?post=45929"}],"version-history":[{"count":1,"href":"https:\/\/elterritorialweb.com.ar\/web\/wp-json\/wp\/v2\/posts\/45929\/revisions"}],"predecessor-version":[{"id":45932,"href":"https:\/\/elterritorialweb.com.ar\/web\/wp-json\/wp\/v2\/posts\/45929\/revisions\/45932"}],"wp:featuredmedia":[{"embeddable":true,"href":"https:\/\/elterritorialweb.com.ar\/web\/wp-json\/wp\/v2\/media\/45931"}],"wp:attachment":[{"href":"https:\/\/elterritorialweb.com.ar\/web\/wp-json\/wp\/v2\/media?parent=45929"}],"wp:term":[{"taxonomy":"category","embeddable":true,"href":"https:\/\/elterritorialweb.com.ar\/web\/wp-json\/wp\/v2\/categories?post=45929"},{"taxonomy":"post_tag","embeddable":true,"href":"https:\/\/elterritorialweb.com.ar\/web\/wp-json\/wp\/v2\/tags?post=45929"}],"curies":[{"name":"wp","href":"https:\/\/api.w.org\/{rel}","templated":true}]}}