{"id":45933,"date":"2022-10-25T22:42:38","date_gmt":"2022-10-25T22:42:38","guid":{"rendered":"http:\/\/elterritorialweb.com.ar\/web\/?p=45933"},"modified":"2022-10-25T22:49:32","modified_gmt":"2022-10-25T22:49:32","slug":"el-gobernador-mantuvo-una-reunion-con-miembros-de-la-empresa-mapei","status":"publish","type":"post","link":"https:\/\/elterritorialweb.com.ar\/web\/el-gobernador-mantuvo-una-reunion-con-miembros-de-la-empresa-mapei\/","title":{"rendered":"EL GOBERNADOR MANTUVO UNA REUNI\u00d3N CON MIEMBROS DE LA EMPRESA MAPEI\u00a0"},"content":{"rendered":"\n<p>En la oportunidad mantuvo una reuni\u00f3n con el director general de Mapei, Gabriel Alejandro Ros, quien vino acompa\u00f1ado por el gerente de Ventas, Mart\u00edn Gabriel Isnardi, el gerente financiero, Carlos Bonifacio, y el director de Operaciones Latin Am\u00e9rica, Agust\u00edn Jim\u00e9nez Bastida.&nbsp;<br>El encuentro cont\u00f3 tambi\u00e9n con la presencia del ministro de Producci\u00f3n, Miguel Mandrille, y el subsecretario de Industria de la provincia, LLamil Abdala.&nbsp;<br>Al finalizar, Gabriel Ros, expres\u00f3: \u201cEstamos evaluando la posibilidad de radicaci\u00f3n en la provincia de Santiago del Estero, as\u00ed que tuvimos una reuni\u00f3n, esta es la segunda que tenemos con el gobernador y la verdad que los avances han sido bastante considerables, pensamos ya en 20 d\u00edas definir si es viable o no la radicaci\u00f3n. Hemos tenido el apoyo del empresariado local, as\u00ed que estamos muy agradecidos, la verdad una reuni\u00f3n muy fruct\u00edfera, y creemos que la pr\u00f3xima se va poder tomar una decisi\u00f3n positiva\u201d.&nbsp;<br>Mapei es una compa\u00f1\u00eda italiana fundada el 12 de febrero de 1937, por Rodolfo Squinzi en Mil\u00e1n, Italia, dedicada al sector de materiales para la construcci\u00f3n como impermeabilizantes, revestimentos, adhesivo, entre otros.&nbsp;<\/p>\n","protected":false},"excerpt":{"rendered":"<p>El gobernador Gerardo Zamora recibi\u00f3 este martes por la tarde a miembros de la empresa Mapei Argentina, en el Sal\u00f3n de Acuerdos de Casa de Gobierno. <\/p>\n","protected":false},"author":2,"featured_media":45934,"comment_status":"open","ping_status":"open","sticky":false,"template":"","format":"standard","meta":{"om_disable_all_campaigns":false,"_monsterinsights_skip_tracking":false,"_monsterinsights_sitenote_active":false,"_monsterinsights_sitenote_note":"","_monsterinsights_sitenote_category":0,"_uf_show_specific_survey":0,"_uf_disable_surveys":false,"jetpack_post_was_ever_published":false,"_jetpack_newsletter_access":"","_jetpack_dont_email_post_to_subs":false,"_jetpack_newsletter_tier_id":0,"_jetpack_memberships_contains_paywalled_content":false,"_jetpack_memberships_contains_paid_content":false,"footnotes":"","jetpack_publicize_message":"","jetpack_publicize_feature_enabled":true,"jetpack_social_post_already_shared":false,"jetpack_social_options":{"image_generator_settings":{"template":"highway","default_image_id":0,"font":"","enabled":false},"version":2}},"categories":[21],"tags":[],"class_list":["post-45933","post","type-post","status-publish","format-standard","has-post-thumbnail","hentry","category-locales"],"aioseo_notices":[],"views":4,"jetpack_publicize_connections":[],"jetpack_featured_media_url":"https:\/\/i0.wp.com\/elterritorialweb.com.ar\/web\/wp-content\/uploads\/2022\/10\/WhatsApp-Image-2022-10-25-at-18.27.45.jpeg?fit=1280%2C854&ssl=1","jetpack_sharing_enabled":true,"_links":{"self":[{"href":"https:\/\/elterritorialweb.com.ar\/web\/wp-json\/wp\/v2\/posts\/45933","targetHints":{"allow":["GET"]}}],"collection":[{"href":"https:\/\/elterritorialweb.com.ar\/web\/wp-json\/wp\/v2\/posts"}],"about":[{"href":"https:\/\/elterritorialweb.com.ar\/web\/wp-json\/wp\/v2\/types\/post"}],"author":[{"embeddable":true,"href":"https:\/\/elterritorialweb.com.ar\/web\/wp-json\/wp\/v2\/users\/2"}],"replies":[{"embeddable":true,"href":"https:\/\/elterritorialweb.com.ar\/web\/wp-json\/wp\/v2\/comments?post=45933"}],"version-history":[{"count":2,"href":"https:\/\/elterritorialweb.com.ar\/web\/wp-json\/wp\/v2\/posts\/45933\/revisions"}],"predecessor-version":[{"id":45936,"href":"https:\/\/elterritorialweb.com.ar\/web\/wp-json\/wp\/v2\/posts\/45933\/revisions\/45936"}],"wp:featuredmedia":[{"embeddable":true,"href":"https:\/\/elterritorialweb.com.ar\/web\/wp-json\/wp\/v2\/media\/45934"}],"wp:attachment":[{"href":"https:\/\/elterritorialweb.com.ar\/web\/wp-json\/wp\/v2\/media?parent=45933"}],"wp:term":[{"taxonomy":"category","embeddable":true,"href":"https:\/\/elterritorialweb.com.ar\/web\/wp-json\/wp\/v2\/categories?post=45933"},{"taxonomy":"post_tag","embeddable":true,"href":"https:\/\/elterritorialweb.com.ar\/web\/wp-json\/wp\/v2\/tags?post=45933"}],"curies":[{"name":"wp","href":"https:\/\/api.w.org\/{rel}","templated":true}]}}