{"id":45937,"date":"2022-10-25T23:59:41","date_gmt":"2022-10-25T23:59:41","guid":{"rendered":"http:\/\/elterritorialweb.com.ar\/web\/?p=45937"},"modified":"2022-10-25T23:59:41","modified_gmt":"2022-10-25T23:59:41","slug":"zamora-se-reunio-con-intendentes-electos-y-salientes","status":"publish","type":"post","link":"https:\/\/elterritorialweb.com.ar\/web\/zamora-se-reunio-con-intendentes-electos-y-salientes\/","title":{"rendered":"ZAMORA SE REUNI\u00d3 CON INTENDENTES ELECTOS Y SALIENTES"},"content":{"rendered":"\n<p>En ambos encuentros el mandatario estuvo acompa\u00f1ado por el jefe de Gabinete, El\u00edas Su\u00e1rez, y el ministro de Gobierno, Marcelo Barbur.<br>En estos espacios de di\u00e1logo cada uno de los jefes comunales en ejercicio pudo hacer un repaso del trabajo realizado en sus ciudades y pusieron de manifiesto el compromiso de seguir acompa\u00f1ando el proyecto de provincia que lleva adelante el gobernador Zamora.<br>De igual manera, los funcionarios electos resaltaron la necesidad de consolidar los logros de las anteriores gestiones y dise\u00f1ar el futuro para una mejor calidad de vida de todos los santiague\u00f1os, respetando la premisa de gobernar para todos por igual, sin mezquindades ni distinciones de ning\u00fan tipo.<br>En este marco, Gerardo Zamora valor\u00f3 el compromiso con el pueblo y la importancia de seguir fortaleciendo la democracia.<br>Los actos de asunci\u00f3n de los intendentes est\u00e1 previsto para el pr\u00f3ximo lunes 31 de octubre.<\/p>\n","protected":false},"excerpt":{"rendered":"<p>A d\u00edas de la asunci\u00f3n de las autoridades municipales elegidas el pasado 7 de agosto, el gobernador Gerardo Zamora se reuni\u00f3 este lunes y martes en Casa de Gobierno con los intendentes electos y salientes.<\/p>\n","protected":false},"author":2,"featured_media":45938,"comment_status":"open","ping_status":"open","sticky":false,"template":"","format":"standard","meta":{"om_disable_all_campaigns":false,"_monsterinsights_skip_tracking":false,"_monsterinsights_sitenote_active":false,"_monsterinsights_sitenote_note":"","_monsterinsights_sitenote_category":0,"_uf_show_specific_survey":0,"_uf_disable_surveys":false,"jetpack_post_was_ever_published":false,"_jetpack_newsletter_access":"","_jetpack_dont_email_post_to_subs":false,"_jetpack_newsletter_tier_id":0,"_jetpack_memberships_contains_paywalled_content":false,"_jetpack_memberships_contains_paid_content":false,"footnotes":"","jetpack_publicize_message":"","jetpack_publicize_feature_enabled":true,"jetpack_social_post_already_shared":false,"jetpack_social_options":{"image_generator_settings":{"template":"highway","default_image_id":0,"font":"","enabled":false},"version":2}},"categories":[21],"tags":[],"class_list":["post-45937","post","type-post","status-publish","format-standard","has-post-thumbnail","hentry","category-locales"],"aioseo_notices":[],"views":7,"jetpack_publicize_connections":[],"jetpack_featured_media_url":"https:\/\/i0.wp.com\/elterritorialweb.com.ar\/web\/wp-content\/uploads\/2022\/10\/WhatsApp-Image-2022-10-25-at-19.10.57.jpeg?fit=1280%2C823&ssl=1","jetpack_sharing_enabled":true,"_links":{"self":[{"href":"https:\/\/elterritorialweb.com.ar\/web\/wp-json\/wp\/v2\/posts\/45937","targetHints":{"allow":["GET"]}}],"collection":[{"href":"https:\/\/elterritorialweb.com.ar\/web\/wp-json\/wp\/v2\/posts"}],"about":[{"href":"https:\/\/elterritorialweb.com.ar\/web\/wp-json\/wp\/v2\/types\/post"}],"author":[{"embeddable":true,"href":"https:\/\/elterritorialweb.com.ar\/web\/wp-json\/wp\/v2\/users\/2"}],"replies":[{"embeddable":true,"href":"https:\/\/elterritorialweb.com.ar\/web\/wp-json\/wp\/v2\/comments?post=45937"}],"version-history":[{"count":1,"href":"https:\/\/elterritorialweb.com.ar\/web\/wp-json\/wp\/v2\/posts\/45937\/revisions"}],"predecessor-version":[{"id":45939,"href":"https:\/\/elterritorialweb.com.ar\/web\/wp-json\/wp\/v2\/posts\/45937\/revisions\/45939"}],"wp:featuredmedia":[{"embeddable":true,"href":"https:\/\/elterritorialweb.com.ar\/web\/wp-json\/wp\/v2\/media\/45938"}],"wp:attachment":[{"href":"https:\/\/elterritorialweb.com.ar\/web\/wp-json\/wp\/v2\/media?parent=45937"}],"wp:term":[{"taxonomy":"category","embeddable":true,"href":"https:\/\/elterritorialweb.com.ar\/web\/wp-json\/wp\/v2\/categories?post=45937"},{"taxonomy":"post_tag","embeddable":true,"href":"https:\/\/elterritorialweb.com.ar\/web\/wp-json\/wp\/v2\/tags?post=45937"}],"curies":[{"name":"wp","href":"https:\/\/api.w.org\/{rel}","templated":true}]}}