{"id":45943,"date":"2022-10-26T23:28:02","date_gmt":"2022-10-26T23:28:02","guid":{"rendered":"http:\/\/elterritorialweb.com.ar\/web\/?p=45943"},"modified":"2022-10-26T23:28:03","modified_gmt":"2022-10-26T23:28:03","slug":"el-renzi-renueva-su-cartelera-con-una-comedia-musical-lilo-lilo-cocodrilo","status":"publish","type":"post","link":"https:\/\/elterritorialweb.com.ar\/web\/el-renzi-renueva-su-cartelera-con-una-comedia-musical-lilo-lilo-cocodrilo\/","title":{"rendered":"EL RENZI RENUEVA SU CARTELERA CON UNA COMEDIA MUSICAL \u00abLILO LILO COCODRILO\u00bb"},"content":{"rendered":"\n<p>Basada en la serie de libros best-seller de Bernard Waber.Cuando la familia Primm (Constance Wu, Scoot McNairy, Winslow Fegley) se traslada a la ciudad de Nueva York, su joven hijo Josh lucha por adaptarse a su nueva escuela y a sus nuevos amigos. Todo cambia cuando descubre a un cocodrilo cantante que vive en el \u00e1tico de su nueva casa al que le encantan los ba\u00f1os, el caviar y la buena m\u00fasica. Los dos se hacen amigos r\u00e1pidamente, pero cuando la existencia de Lilo se ve amenazada por el malvado vecino Mr. Grumps (Brett Gelman), los Primm deben unirse con el carism\u00e1tico due\u00f1o de Lilo, H\u00e9ctor P. Valenti (Javier Bardem), para demostrarle al mundo que la familia puede venir de los lugares m\u00e1s inesperados y que no hay nada malo en un gran cocodrilo cantante con una gran personalidad. La misma podr\u00e1 verse en los horarios de las 16 y 19:30.<br>\u00abBlack Adam\u00bb casi 5.000 a\u00f1os despu\u00e9s de haber sido dotado de los poderes omnipotentes de los antiguos dioses -y encarcelado con la misma rapidez-, Black Adam (Johnson) es liberado de su tumba terrenal, listo para desatar su forma \u00fanica de justicia en el mundo moderno.<br>De g\u00e9nero de terror y suspenso \u00abLa luz del diablo\u00bb una joven monja, Ann (Jacqueline Byers), se prepara para un exorcismo y se enfrenta a una fuerza demoniaca que est\u00e1 misteriosamente relacionada con su pasado. Podr\u00e1 verse todos los d\u00edas en el horario de las 23.45<br>Como parte del Espacio Incaa, \u00abCuando la miro\u00bb cuenta la historia de Javier un artista pl\u00e1stico que pasa sus d\u00edas sin sobresaltos. Un d\u00eda emprende un extra\u00f1o proyecto: filmar a su madre. Javier no es cineasta e improvisa esta tarea. Sin embargo, sus ojos de artista e hijo necesitan mirarla y registrarla. Esta filmaci\u00f3n no solo ser\u00e1 el registro de ella, sino tambi\u00e9n, del encuentro de Javier con su madre. Ser\u00e1 proyectada a las 18.<br>Las entradas generales tienen un costo de $600 por persona y una promoci\u00f3n vigente de lunes a mi\u00e9rcoles de dos entradas por $900.<\/p>\n","protected":false},"excerpt":{"rendered":"<p>El Cine Renzi renueva su cartelera hasta el mi\u00e9rcoles 2 con la presentaci\u00f3n de \u201cLilo Lilo Cocodrilo\u201d, una pel\u00edcula de comedia musical estadounidense de acci\u00f3n en vivo\/animada por computadora de 2022 dirigida por Will Speck y Josh Gordon a partir de un guion de William Davies.<\/p>\n","protected":false},"author":2,"featured_media":45944,"comment_status":"open","ping_status":"open","sticky":false,"template":"","format":"standard","meta":{"om_disable_all_campaigns":false,"_monsterinsights_skip_tracking":false,"_monsterinsights_sitenote_active":false,"_monsterinsights_sitenote_note":"","_monsterinsights_sitenote_category":0,"_uf_show_specific_survey":0,"_uf_disable_surveys":false,"jetpack_post_was_ever_published":false,"_jetpack_newsletter_access":"","_jetpack_dont_email_post_to_subs":false,"_jetpack_newsletter_tier_id":0,"_jetpack_memberships_contains_paywalled_content":false,"_jetpack_memberships_contains_paid_content":false,"footnotes":"","jetpack_publicize_message":"","jetpack_publicize_feature_enabled":true,"jetpack_social_post_already_shared":false,"jetpack_social_options":{"image_generator_settings":{"template":"highway","default_image_id":0,"font":"","enabled":false},"version":2}},"categories":[20],"tags":[],"class_list":["post-45943","post","type-post","status-publish","format-standard","has-post-thumbnail","hentry","category-especysociales"],"aioseo_notices":[],"views":16,"jetpack_publicize_connections":[],"jetpack_featured_media_url":"https:\/\/i0.wp.com\/elterritorialweb.com.ar\/web\/wp-content\/uploads\/2022\/10\/RENZI-LILO-LILO-COCODRILO.jpg?fit=1280%2C720&ssl=1","jetpack_sharing_enabled":true,"_links":{"self":[{"href":"https:\/\/elterritorialweb.com.ar\/web\/wp-json\/wp\/v2\/posts\/45943","targetHints":{"allow":["GET"]}}],"collection":[{"href":"https:\/\/elterritorialweb.com.ar\/web\/wp-json\/wp\/v2\/posts"}],"about":[{"href":"https:\/\/elterritorialweb.com.ar\/web\/wp-json\/wp\/v2\/types\/post"}],"author":[{"embeddable":true,"href":"https:\/\/elterritorialweb.com.ar\/web\/wp-json\/wp\/v2\/users\/2"}],"replies":[{"embeddable":true,"href":"https:\/\/elterritorialweb.com.ar\/web\/wp-json\/wp\/v2\/comments?post=45943"}],"version-history":[{"count":1,"href":"https:\/\/elterritorialweb.com.ar\/web\/wp-json\/wp\/v2\/posts\/45943\/revisions"}],"predecessor-version":[{"id":45945,"href":"https:\/\/elterritorialweb.com.ar\/web\/wp-json\/wp\/v2\/posts\/45943\/revisions\/45945"}],"wp:featuredmedia":[{"embeddable":true,"href":"https:\/\/elterritorialweb.com.ar\/web\/wp-json\/wp\/v2\/media\/45944"}],"wp:attachment":[{"href":"https:\/\/elterritorialweb.com.ar\/web\/wp-json\/wp\/v2\/media?parent=45943"}],"wp:term":[{"taxonomy":"category","embeddable":true,"href":"https:\/\/elterritorialweb.com.ar\/web\/wp-json\/wp\/v2\/categories?post=45943"},{"taxonomy":"post_tag","embeddable":true,"href":"https:\/\/elterritorialweb.com.ar\/web\/wp-json\/wp\/v2\/tags?post=45943"}],"curies":[{"name":"wp","href":"https:\/\/api.w.org\/{rel}","templated":true}]}}