{"id":45949,"date":"2022-10-27T00:27:11","date_gmt":"2022-10-27T00:27:11","guid":{"rendered":"http:\/\/elterritorialweb.com.ar\/web\/?p=45949"},"modified":"2022-10-27T01:13:32","modified_gmt":"2022-10-27T01:13:32","slug":"fernandez-el-presupuesto-del-ano-2019-habia-dedicado-a-la-pyme-3-000-millones-y-este-ano-estamos-dedicandole-120-000-millones-de-pesos","status":"publish","type":"post","link":"https:\/\/elterritorialweb.com.ar\/web\/fernandez-el-presupuesto-del-ano-2019-habia-dedicado-a-la-pyme-3-000-millones-y-este-ano-estamos-dedicandole-120-000-millones-de-pesos\/","title":{"rendered":"FERN\u00c1NDEZ: \u00abEL PRESUPUESTO DEL A\u00d1O 2019 HAB\u00cdA DEDICADO A LA PYME 3.000 MILLONES Y ESTE A\u00d1O ESTAMOS DEDICANDOLE 120.000 MILLONES DE PESOS"},"content":{"rendered":"\n<p>\u201cEl presupuesto del a\u00f1o 2019 hab\u00eda dedicado a la peque\u00f1a y mediana empresa 3.000 millones de pesos. Este a\u00f1o estamos dedic\u00e1ndole 120.000 millones de pesos\u201d, detall\u00f3 el mandatario y asegur\u00f3: \u201cHay dos posibilidades de construir la Argentina\u201d.<\/p>\n\n\n\n<p>\u201cNosotros sucedimos a un gobierno que cerr\u00f3 25.000 PyMEs y nuestra tarea es recuperar a cada una de esas empresas y multiplicarlas, porque ah\u00ed est\u00e1 el verdadero desarrollo de la Argentina\u201d, asegur\u00f3.<\/p>\n\n\n\n<p>El Jefe de Estado afirm\u00f3 que \u201cen nuestro pa\u00eds, el 75 por ciento del trabajo est\u00e1 originado en peque\u00f1as y medianas empresas, que cuentan en su mayor\u00eda con la condici\u00f3n de ser de origen nacional, es decir, son capitales argentinos que se invierten\u201d.<\/p>\n\n\n\n<figure class=\"wp-block-image size-large\"><a href=\"https:\/\/i0.wp.com\/elterritorialweb.com.ar\/web\/wp-content\/uploads\/2022\/10\/banconacion3.jpg\"><img data-recalc-dims=\"1\" decoding=\"async\" width=\"640\" height=\"426\" data-src=\"https:\/\/i0.wp.com\/elterritorialweb.com.ar\/web\/wp-content\/uploads\/2022\/10\/banconacion3.jpg?resize=640%2C426\" alt=\"\" class=\"wp-image-45952 lazyload\" data-srcset=\"https:\/\/i0.wp.com\/elterritorialweb.com.ar\/web\/wp-content\/uploads\/2022\/10\/banconacion3.jpg?resize=1024%2C682&amp;ssl=1 1024w, https:\/\/i0.wp.com\/elterritorialweb.com.ar\/web\/wp-content\/uploads\/2022\/10\/banconacion3.jpg?resize=300%2C200&amp;ssl=1 300w, https:\/\/i0.wp.com\/elterritorialweb.com.ar\/web\/wp-content\/uploads\/2022\/10\/banconacion3.jpg?resize=768%2C512&amp;ssl=1 768w, https:\/\/i0.wp.com\/elterritorialweb.com.ar\/web\/wp-content\/uploads\/2022\/10\/banconacion3.jpg?resize=1536%2C1024&amp;ssl=1 1536w, https:\/\/i0.wp.com\/elterritorialweb.com.ar\/web\/wp-content\/uploads\/2022\/10\/banconacion3.jpg?w=1940&amp;ssl=1 1940w, https:\/\/i0.wp.com\/elterritorialweb.com.ar\/web\/wp-content\/uploads\/2022\/10\/banconacion3.jpg?w=1280 1280w\" data-sizes=\"(max-width: 640px) 100vw, 640px\" src=\"data:image\/svg+xml;base64,PHN2ZyB3aWR0aD0iMSIgaGVpZ2h0PSIxIiB4bWxucz0iaHR0cDovL3d3dy53My5vcmcvMjAwMC9zdmciPjwvc3ZnPg==\" style=\"--smush-placeholder-width: 640px; --smush-placeholder-aspect-ratio: 640\/426;\" \/><\/a><\/figure>\n\n\n\n<p>\u00abEn la Argentina que se viene, la que nosotros queremos, lo \u00fanico que buscamos son m\u00e1s derechos para los que trabajan, para las mujeres, para cualquier g\u00e9nero, m\u00e1s igualdad social, mejor distribuci\u00f3n del ingreso, y eso solo lo vamos a lograr con crecimiento y con inversi\u00f3n\u00bb, concluy\u00f3 el Presidente luego de recorrer la muestra a la que asistir\u00e1n representantes de alrededor de 3500 firmas de todo el pa\u00eds.<\/p>\n\n\n\n<p>Por su parte, la titular del BNA, Silvina Batakis, agradeci\u00f3 a las empresas porque \u201ctienen mucho para ofrecer para que el entramado productivo de la Argentina siga creciendo y haci\u00e9ndose m\u00e1s complejo, porque en la densidad y diversidad productiva es donde nosotros podemos crear esa Argentina pr\u00f3spera de trabajo. Ese es el impulso que el Banco Naci\u00f3n tiene y es el veh\u00edculo desde donde podemos concretar esos sue\u00f1os de los empresarios y de cada una de las familias\u201d.<\/p>\n\n\n\n<figure class=\"wp-block-image size-large\"><a href=\"https:\/\/i0.wp.com\/elterritorialweb.com.ar\/web\/wp-content\/uploads\/2022\/10\/banconacion2.jpg\"><img data-recalc-dims=\"1\" decoding=\"async\" width=\"640\" height=\"427\" data-src=\"https:\/\/i0.wp.com\/elterritorialweb.com.ar\/web\/wp-content\/uploads\/2022\/10\/banconacion2.jpg?resize=640%2C427\" alt=\"\" class=\"wp-image-45951 lazyload\" data-srcset=\"https:\/\/i0.wp.com\/elterritorialweb.com.ar\/web\/wp-content\/uploads\/2022\/10\/banconacion2.jpg?resize=1024%2C683&amp;ssl=1 1024w, https:\/\/i0.wp.com\/elterritorialweb.com.ar\/web\/wp-content\/uploads\/2022\/10\/banconacion2.jpg?resize=300%2C200&amp;ssl=1 300w, https:\/\/i0.wp.com\/elterritorialweb.com.ar\/web\/wp-content\/uploads\/2022\/10\/banconacion2.jpg?resize=768%2C512&amp;ssl=1 768w, https:\/\/i0.wp.com\/elterritorialweb.com.ar\/web\/wp-content\/uploads\/2022\/10\/banconacion2.jpg?resize=1536%2C1025&amp;ssl=1 1536w, https:\/\/i0.wp.com\/elterritorialweb.com.ar\/web\/wp-content\/uploads\/2022\/10\/banconacion2.jpg?w=1940&amp;ssl=1 1940w, https:\/\/i0.wp.com\/elterritorialweb.com.ar\/web\/wp-content\/uploads\/2022\/10\/banconacion2.jpg?w=1280 1280w\" data-sizes=\"(max-width: 640px) 100vw, 640px\" src=\"data:image\/svg+xml;base64,PHN2ZyB3aWR0aD0iMSIgaGVpZ2h0PSIxIiB4bWxucz0iaHR0cDovL3d3dy53My5vcmcvMjAwMC9zdmciPjwvc3ZnPg==\" style=\"--smush-placeholder-width: 640px; --smush-placeholder-aspect-ratio: 640\/427;\" \/><\/a><\/figure>\n\n\n\n<p>En tanto, el intendente Andr\u00e9s Watson, que suscribi\u00f3 durante el acto un convenio para que se instale un centro de atenci\u00f3n pyme del BNA en el parque industrial de Florencio Varela, afirm\u00f3 que \u201cen este tiempo que va de la gesti\u00f3n del presidente Alberto Fern\u00e1ndez, desde el 10 de diciembre de 2019, aqu\u00ed se han instalado hasta hoy 27 empresas y de aqu\u00ed a diciembre vamos a lograr tener 30 empresas. Son 30 empresas nuevas en solo tres a\u00f1os de gesti\u00f3n\u201d.<\/p>\n\n\n\n<p>De la actividad participaron tambi\u00e9n el secretario general de la Presidencia, Julio Vitobello, y la primera gerenta general del Banco Naci\u00f3n, Mar\u00eda Barros.<\/p>\n\n\n\n<figure class=\"wp-block-image size-large\"><a href=\"https:\/\/i0.wp.com\/elterritorialweb.com.ar\/web\/wp-content\/uploads\/2022\/10\/banconacion4.jpg\"><img data-recalc-dims=\"1\" decoding=\"async\" width=\"640\" height=\"426\" data-src=\"https:\/\/i0.wp.com\/elterritorialweb.com.ar\/web\/wp-content\/uploads\/2022\/10\/banconacion4.jpg?resize=640%2C426\" alt=\"\" class=\"wp-image-45953 lazyload\" data-srcset=\"https:\/\/i0.wp.com\/elterritorialweb.com.ar\/web\/wp-content\/uploads\/2022\/10\/banconacion4.jpg?resize=1024%2C682&amp;ssl=1 1024w, https:\/\/i0.wp.com\/elterritorialweb.com.ar\/web\/wp-content\/uploads\/2022\/10\/banconacion4.jpg?resize=300%2C200&amp;ssl=1 300w, https:\/\/i0.wp.com\/elterritorialweb.com.ar\/web\/wp-content\/uploads\/2022\/10\/banconacion4.jpg?resize=768%2C512&amp;ssl=1 768w, https:\/\/i0.wp.com\/elterritorialweb.com.ar\/web\/wp-content\/uploads\/2022\/10\/banconacion4.jpg?resize=1536%2C1024&amp;ssl=1 1536w, https:\/\/i0.wp.com\/elterritorialweb.com.ar\/web\/wp-content\/uploads\/2022\/10\/banconacion4.jpg?w=1940&amp;ssl=1 1940w, https:\/\/i0.wp.com\/elterritorialweb.com.ar\/web\/wp-content\/uploads\/2022\/10\/banconacion4.jpg?w=1280 1280w\" data-sizes=\"(max-width: 640px) 100vw, 640px\" src=\"data:image\/svg+xml;base64,PHN2ZyB3aWR0aD0iMSIgaGVpZ2h0PSIxIiB4bWxucz0iaHR0cDovL3d3dy53My5vcmcvMjAwMC9zdmciPjwvc3ZnPg==\" style=\"--smush-placeholder-width: 640px; --smush-placeholder-aspect-ratio: 640\/426;\" \/><\/a><\/figure>\n\n\n\n<p>La ExpoPyME BNA Conecta, que se desarrolla en el marco de la celebraci\u00f3n del 131 aniversario de la creaci\u00f3n del banco, permitir\u00e1 establecer v\u00ednculos entre las empresas de los sectores industrial, comercial y de servicios mediante distintas rondas de negocios, conferencias y acceso a l\u00edneas de cr\u00e9dito con tasas preferenciales.<\/p>\n\n\n\n<p>Adem\u00e1s, durante la jornada se va a relanzar el Consejo Productivo PyME, un espacio institucional de fortalecimiento y vinculaci\u00f3n del BNA con las c\u00e1maras y las asociaciones empresarias, para canalizar las demandas de las peque\u00f1as y medianas empresas.<\/p>\n","protected":false},"excerpt":{"rendered":"<p>El presidente Alberto Fern\u00e1ndez encabez\u00f3 la inauguraci\u00f3n de la Expo PyME BNA Conecta en el Parque Industrial (PITec) de Florencio Varela, junto a la titular del Banco Naci\u00f3n, Silvina Batakis; el intendente de Florencio Varela, Andr\u00e9s Watson; el vicepresidente de la entidad bancaria, Carlos Caserio, y el director, Mart\u00edn Pollera.<\/p>\n","protected":false},"author":2,"featured_media":45950,"comment_status":"open","ping_status":"open","sticky":false,"template":"","format":"standard","meta":{"om_disable_all_campaigns":false,"_monsterinsights_skip_tracking":false,"_monsterinsights_sitenote_active":false,"_monsterinsights_sitenote_note":"","_monsterinsights_sitenote_category":0,"_uf_show_specific_survey":0,"_uf_disable_surveys":false,"jetpack_post_was_ever_published":false,"_jetpack_newsletter_access":"","_jetpack_dont_email_post_to_subs":false,"_jetpack_newsletter_tier_id":0,"_jetpack_memberships_contains_paywalled_content":false,"_jetpack_memberships_contains_paid_content":false,"footnotes":"","jetpack_publicize_message":"","jetpack_publicize_feature_enabled":true,"jetpack_social_post_already_shared":false,"jetpack_social_options":{"image_generator_settings":{"template":"highway","default_image_id":0,"font":"","enabled":false},"version":2}},"categories":[18],"tags":[],"class_list":["post-45949","post","type-post","status-publish","format-standard","has-post-thumbnail","hentry","category-politica"],"aioseo_notices":[],"views":6,"jetpack_publicize_connections":[],"jetpack_featured_media_url":"https:\/\/i0.wp.com\/elterritorialweb.com.ar\/web\/wp-content\/uploads\/2022\/10\/banconacion.jpg?fit=1940%2C1293&ssl=1","jetpack_sharing_enabled":true,"_links":{"self":[{"href":"https:\/\/elterritorialweb.com.ar\/web\/wp-json\/wp\/v2\/posts\/45949","targetHints":{"allow":["GET"]}}],"collection":[{"href":"https:\/\/elterritorialweb.com.ar\/web\/wp-json\/wp\/v2\/posts"}],"about":[{"href":"https:\/\/elterritorialweb.com.ar\/web\/wp-json\/wp\/v2\/types\/post"}],"author":[{"embeddable":true,"href":"https:\/\/elterritorialweb.com.ar\/web\/wp-json\/wp\/v2\/users\/2"}],"replies":[{"embeddable":true,"href":"https:\/\/elterritorialweb.com.ar\/web\/wp-json\/wp\/v2\/comments?post=45949"}],"version-history":[{"count":1,"href":"https:\/\/elterritorialweb.com.ar\/web\/wp-json\/wp\/v2\/posts\/45949\/revisions"}],"predecessor-version":[{"id":45954,"href":"https:\/\/elterritorialweb.com.ar\/web\/wp-json\/wp\/v2\/posts\/45949\/revisions\/45954"}],"wp:featuredmedia":[{"embeddable":true,"href":"https:\/\/elterritorialweb.com.ar\/web\/wp-json\/wp\/v2\/media\/45950"}],"wp:attachment":[{"href":"https:\/\/elterritorialweb.com.ar\/web\/wp-json\/wp\/v2\/media?parent=45949"}],"wp:term":[{"taxonomy":"category","embeddable":true,"href":"https:\/\/elterritorialweb.com.ar\/web\/wp-json\/wp\/v2\/categories?post=45949"},{"taxonomy":"post_tag","embeddable":true,"href":"https:\/\/elterritorialweb.com.ar\/web\/wp-json\/wp\/v2\/tags?post=45949"}],"curies":[{"name":"wp","href":"https:\/\/api.w.org\/{rel}","templated":true}]}}