{"id":46028,"date":"2022-10-31T00:22:24","date_gmt":"2022-10-31T00:22:24","guid":{"rendered":"http:\/\/elterritorialweb.com.ar\/web\/?p=46028"},"modified":"2022-10-31T00:24:57","modified_gmt":"2022-10-31T00:24:57","slug":"cristina-kirchner-agradecio-al-pueblo-brasileno-por-el-triunfo-de-lula-en-las-elecciones","status":"publish","type":"post","link":"https:\/\/elterritorialweb.com.ar\/web\/cristina-kirchner-agradecio-al-pueblo-brasileno-por-el-triunfo-de-lula-en-las-elecciones\/","title":{"rendered":"CRISTINA KIRCHNER AGRADECI\u00d3 AL PUEBLO BRASILE\u00d1O POR EL TRIUNFO DE LULA EN LAS ELECCIONES"},"content":{"rendered":"\n<p>La vicepresidenta\u00a0<strong>Cristina Kirchner<\/strong>\u00a0agradeci\u00f3 v\u00eda Twitter al pueblo brasile\u00f1o por darle la <a href=\"http:\/\/elterritorialweb.com.ar\/web\/lula-da-silva-vuelve-a-ser-presidente-de-brasil\/\" data-type=\"URL\" data-id=\"http:\/\/elterritorialweb.com.ar\/web\/lula-da-silva-vuelve-a-ser-presidente-de-brasil\/\">victoria electoral a\u00a0Luis Ignacio Lula da Silva en el balotaje presidencial que se realiz\u00f3 este domingo en Brasil<\/a>.<\/p>\n\n\n\n<p><strong>\u00abHoy m\u00e1s que nunca, amor y mucha felicidad. Gracias pueblo del Brasil. Gracias compa\u00f1ero Lula por devolverle la alegr\u00eda y la esperanza a nuestra Am\u00e9rica del Sur\u00bb<\/strong>, escribi\u00f3 Cristina en su cuenta oficial.<\/p>\n\n\n\n<p>La publicaci\u00f3n est\u00e1 acompa\u00f1ada por un collage compuesto por dos fotos. En la primera imagen se ve a Lula,\u00a0<strong>N\u00e9stor Kirchner<\/strong>\u00a0y Critica agarrados de la mano. La segunda foto es m\u00e1s actual y se ve a Lula y a Cristina abrazados.<\/p>\n\n\n\n<figure class=\"wp-block-embed is-type-rich is-provider-twitter wp-block-embed-twitter\"><div class=\"wp-block-embed__wrapper\">\n<blockquote class=\"twitter-tweet\" data-width=\"550\" data-dnt=\"true\"><p lang=\"es\" dir=\"ltr\">Hoy m\u00e1s que nunca, amor y mucha felicidad. Gracias pueblo del Brasil. Gracias compa\u00f1ero Lula por devolverle la alegr\u00eda y la esperanza a nuestra Am\u00e9rica del Sur. <a href=\"https:\/\/t.co\/tEG9uYlJsk\">pic.twitter.com\/tEG9uYlJsk<\/a><\/p>&mdash; Cristina Kirchner (@CFKArgentina) <a href=\"https:\/\/twitter.com\/CFKArgentina\/status\/1586854163853578240?ref_src=twsrc%5Etfw\">October 30, 2022<\/a><\/blockquote><script async src=\"https:\/\/platform.twitter.com\/widgets.js\" charset=\"utf-8\"><\/script>\n<\/div><\/figure>\n","protected":false},"excerpt":{"rendered":"<p>\u00abHoy m\u00e1s que nunca, amor y mucha felicidad. Gracias pueblo del Brasil. Gracias compa\u00f1ero Lula por devolverle la alegr\u00eda y la esperanza a nuestra Am\u00e9rica del Sur\u00bb, escribi\u00f3 Cristina en su cuenta oficial.<\/p>\n","protected":false},"author":2,"featured_media":46029,"comment_status":"open","ping_status":"open","sticky":false,"template":"","format":"standard","meta":{"om_disable_all_campaigns":false,"_monsterinsights_skip_tracking":false,"_monsterinsights_sitenote_active":false,"_monsterinsights_sitenote_note":"","_monsterinsights_sitenote_category":0,"_uf_show_specific_survey":0,"_uf_disable_surveys":false,"jetpack_post_was_ever_published":false,"_jetpack_newsletter_access":"","_jetpack_dont_email_post_to_subs":false,"_jetpack_newsletter_tier_id":0,"_jetpack_memberships_contains_paywalled_content":false,"_jetpack_memberships_contains_paid_content":false,"footnotes":"","jetpack_publicize_message":"","jetpack_publicize_feature_enabled":true,"jetpack_social_post_already_shared":false,"jetpack_social_options":{"image_generator_settings":{"template":"highway","default_image_id":0,"font":"","enabled":false},"version":2}},"categories":[4,18],"tags":[],"class_list":["post-46028","post","type-post","status-publish","format-standard","has-post-thumbnail","hentry","category-destacadas","category-politica"],"aioseo_notices":[],"views":13,"jetpack_publicize_connections":[],"jetpack_featured_media_url":"https:\/\/i0.wp.com\/elterritorialweb.com.ar\/web\/wp-content\/uploads\/2022\/10\/image-10.png?fit=938%2C648&ssl=1","jetpack_sharing_enabled":true,"_links":{"self":[{"href":"https:\/\/elterritorialweb.com.ar\/web\/wp-json\/wp\/v2\/posts\/46028","targetHints":{"allow":["GET"]}}],"collection":[{"href":"https:\/\/elterritorialweb.com.ar\/web\/wp-json\/wp\/v2\/posts"}],"about":[{"href":"https:\/\/elterritorialweb.com.ar\/web\/wp-json\/wp\/v2\/types\/post"}],"author":[{"embeddable":true,"href":"https:\/\/elterritorialweb.com.ar\/web\/wp-json\/wp\/v2\/users\/2"}],"replies":[{"embeddable":true,"href":"https:\/\/elterritorialweb.com.ar\/web\/wp-json\/wp\/v2\/comments?post=46028"}],"version-history":[{"count":2,"href":"https:\/\/elterritorialweb.com.ar\/web\/wp-json\/wp\/v2\/posts\/46028\/revisions"}],"predecessor-version":[{"id":46031,"href":"https:\/\/elterritorialweb.com.ar\/web\/wp-json\/wp\/v2\/posts\/46028\/revisions\/46031"}],"wp:featuredmedia":[{"embeddable":true,"href":"https:\/\/elterritorialweb.com.ar\/web\/wp-json\/wp\/v2\/media\/46029"}],"wp:attachment":[{"href":"https:\/\/elterritorialweb.com.ar\/web\/wp-json\/wp\/v2\/media?parent=46028"}],"wp:term":[{"taxonomy":"category","embeddable":true,"href":"https:\/\/elterritorialweb.com.ar\/web\/wp-json\/wp\/v2\/categories?post=46028"},{"taxonomy":"post_tag","embeddable":true,"href":"https:\/\/elterritorialweb.com.ar\/web\/wp-json\/wp\/v2\/tags?post=46028"}],"curies":[{"name":"wp","href":"https:\/\/api.w.org\/{rel}","templated":true}]}}