{"id":46033,"date":"2022-11-01T18:22:58","date_gmt":"2022-11-01T18:22:58","guid":{"rendered":"http:\/\/elterritorialweb.com.ar\/web\/?p=46033"},"modified":"2022-11-01T18:22:59","modified_gmt":"2022-11-01T18:22:59","slug":"fuentes-asumio-su-segundo-mandato-y-convoco-a-continuar-trabajando-por-la-ciudad","status":"publish","type":"post","link":"https:\/\/elterritorialweb.com.ar\/web\/fuentes-asumio-su-segundo-mandato-y-convoco-a-continuar-trabajando-por-la-ciudad\/","title":{"rendered":"FUENTES ASUMI\u00d3 SU SEGUNDO MANDATO Y CONVOC\u00d3 A CONTINUAR TRABAJANDO POR LA CIUDAD"},"content":{"rendered":"\n<p>La ceremonia se realiz\u00f3 con la presencia de las ministras de Justicia, Matilde O\u00b4 Mill, y de Salud, Natividad Nassif; del senador nacional, Gerardo Montenegro; el fiscal Federal, Pedro Sim\u00f3n; del vocal del Superior Tribunal de Justicia, Eduardo Llugdar; adem\u00e1s de funcionarios provinciales y municipales, legisladores, e invitados especiales. Mientras que desde el exterior del recinto fue acompa\u00f1ada por una multitud de militantes del Frente C\u00edvico por Santiago.<\/p>\n\n\n\n<p>Durante el inicio de la sesi\u00f3n, se dio lectura al mensaje que envi\u00f3 el gobernador Gerardo Zamora que no pudo estar presente por cuestiones de agenda, y a trav\u00e9s del cual augur\u00f3 \u00e9xitos a la nueva gesti\u00f3n de la Intendente Fuentes y destac\u00f3 su trabajo por el desarrollo sostenido de la ciudad.<\/p>\n\n\n\n<p>A su turno, la Ing. Fuentes inici\u00f3 su discurso agradeciendo a todo el pueblo de Santiago del Estero que la apoy\u00f3 con su voto en las elecciones del mes de agosto pasado y que con ello \u201cconfirm\u00f3 su confianza en el proyecto pol\u00edtico de concertaci\u00f3n plural que lidera el Gobernador Dr. Gerardo Zamora\u201d. Tambi\u00e9n agradeci\u00f3 a la presidenta provisional del Senado, Dra. Claudia Ledesma Abdala de Zamora, al recordar que durante su gobierno fue ministra de Agua y Medio Ambiente.<\/p>\n\n\n\n<p>\u201cSiento un enorme orgullo saberme part\u00edcipe de un proceso que ha hecho de la pol\u00edtica, una herramienta de transformaci\u00f3n, un proceso gestados e impulsado por nuestro primer mandatario, desde una amplia visi\u00f3n m\u00e1s humana y equitativa\u201d, remarc\u00f3 la Ing. Fuentes, al dedicar adem\u00e1s un especial reconocimiento a los militantes.<\/p>\n\n\n\n<p>Asimismo, se refiri\u00f3 a su primera gesti\u00f3n al frente del municipio y dijo que se obtuvieron muchos logros en un contexto sanitario especial, por la pandemia, donde la comuna garantiz\u00f3 en forma permanente, el trabajo desde el \u00e1rea de salud, de docentes y empleados de las diferentes dependencias operativas.<\/p>\n\n\n\n<p>Dijo que, durante los primeros a\u00f1os de gobierno, se pudo llevar adelante una fuerte pol\u00edtica de obras, con m\u00e1s infraestructura, mejores servicios, un Plan Urbano Ambiental, reconversi\u00f3n lum\u00ednica y mejoramiento de la red vial.<\/p>\n\n\n\n<p>En cuanto al per\u00edodo que inicia se\u00f1al\u00f3 que el municipio comienza a transitar una etapa con sus cuentas ordenadas, totalmente desendeudado ya que se pag\u00f3 la \u00faltima cuota del pr\u00e9stamo del BID y con un equilibrio financiero.<\/p>\n\n\n\n<p>De la misma manera, sostuvo que desde hoy, la gesti\u00f3n continuar\u00e1 con una pol\u00edtica de inversi\u00f3n, en especial en obras y servicios para un mejor manejo energ\u00e9tico, fortaleciendo aspectos fundamentales como la salud, la educaci\u00f3n, la cultura, el deporte y el turismo.<\/p>\n\n\n\n<p>En ese trabajo, indic\u00f3 tambi\u00e9n que se acentuar\u00e1 la promoci\u00f3n cultural, tur\u00edstica y deportiva de la ciudad, atento al medio natural, de la flora y fauna y dando impulso a la pol\u00edtica de ecoturismo.<\/p>\n\n\n\n<p>La Ing. Fuentes revel\u00f3 asimismo que, se mantendr\u00e1n activas la agenda medioambiental, de innovaci\u00f3n y tecnolog\u00eda para lograr un desarrollo sostenible y que se consolid\u00f3 con la participaci\u00f3n en la Smart City, organizada por la provincia y FIRA Barcelona.<\/p>\n\n\n\n<p>En un p\u00e1rrafo aparte, dijo que se garantizar\u00e1 la estabilidad laboral al igual que las acciones que surjan del di\u00e1logo con organizaciones representativas del sector del trabajo.<\/p>\n\n\n\n<p>En el final de su mensaje, la Intendente invit\u00f3 a todos \u201ca ser actores de un proceso de construcci\u00f3n colectiva\u201d convocando a las c\u00e1maras empresariales, del comercio, del turismo, asociaciones civiles, sectores de la cultura y a todas las fuerzas pol\u00edticas. En ese marco tambi\u00e9n convoc\u00f3 a las generaciones m\u00e1s j\u00f3venes a sumarse acercando inquietudes, ideas y proyectos para comenzar a trabajar en un mundo que comienza a regirse por la econom\u00eda del conocimiento.<\/p>\n\n\n\n<p>Por \u00faltimo, resalt\u00f3: \u201cLos santiague\u00f1os nos merecemos vivir en una ciudad que se ubique entre las mejores del mundo y les aseguro que vamos a avanzar hacia ese objetivo, porque los logros obtenidos, demuestran que nuestra ciudad es expresi\u00f3n de crecimiento sostenido\u201d.<\/p>\n","protected":false},"excerpt":{"rendered":"<p>La Intendente de la Capital, Ing. Norma Fuentes, convoc\u00f3 a todos a seguir  trabajando  por la  ciudad, a ser actores de un proceso de construcci\u00f3n colectiva y adelant\u00f3 que continuar\u00e1 con una fuerte inversi\u00f3n en obras, tras prestar juramento con el que dio inicio a su segundo mandato, en una sesi\u00f3n especial que se desarroll\u00f3 en el Concejo Deliberante.<\/p>\n","protected":false},"author":2,"featured_media":46034,"comment_status":"open","ping_status":"open","sticky":false,"template":"","format":"standard","meta":{"om_disable_all_campaigns":false,"_monsterinsights_skip_tracking":false,"_monsterinsights_sitenote_active":false,"_monsterinsights_sitenote_note":"","_monsterinsights_sitenote_category":0,"_uf_show_specific_survey":0,"_uf_disable_surveys":false,"jetpack_post_was_ever_published":false,"_jetpack_newsletter_access":"","_jetpack_dont_email_post_to_subs":false,"_jetpack_newsletter_tier_id":0,"_jetpack_memberships_contains_paywalled_content":false,"_jetpack_memberships_contains_paid_content":false,"footnotes":"","jetpack_publicize_message":"","jetpack_publicize_feature_enabled":true,"jetpack_social_post_already_shared":false,"jetpack_social_options":{"image_generator_settings":{"template":"highway","default_image_id":0,"font":"","enabled":false},"version":2}},"categories":[21],"tags":[],"class_list":["post-46033","post","type-post","status-publish","format-standard","has-post-thumbnail","hentry","category-locales"],"aioseo_notices":[],"views":9,"jetpack_publicize_connections":[],"jetpack_featured_media_url":"https:\/\/i0.wp.com\/elterritorialweb.com.ar\/web\/wp-content\/uploads\/2022\/11\/juramento-Fuentes.jpeg?fit=1280%2C833&ssl=1","jetpack_sharing_enabled":true,"_links":{"self":[{"href":"https:\/\/elterritorialweb.com.ar\/web\/wp-json\/wp\/v2\/posts\/46033","targetHints":{"allow":["GET"]}}],"collection":[{"href":"https:\/\/elterritorialweb.com.ar\/web\/wp-json\/wp\/v2\/posts"}],"about":[{"href":"https:\/\/elterritorialweb.com.ar\/web\/wp-json\/wp\/v2\/types\/post"}],"author":[{"embeddable":true,"href":"https:\/\/elterritorialweb.com.ar\/web\/wp-json\/wp\/v2\/users\/2"}],"replies":[{"embeddable":true,"href":"https:\/\/elterritorialweb.com.ar\/web\/wp-json\/wp\/v2\/comments?post=46033"}],"version-history":[{"count":1,"href":"https:\/\/elterritorialweb.com.ar\/web\/wp-json\/wp\/v2\/posts\/46033\/revisions"}],"predecessor-version":[{"id":46035,"href":"https:\/\/elterritorialweb.com.ar\/web\/wp-json\/wp\/v2\/posts\/46033\/revisions\/46035"}],"wp:featuredmedia":[{"embeddable":true,"href":"https:\/\/elterritorialweb.com.ar\/web\/wp-json\/wp\/v2\/media\/46034"}],"wp:attachment":[{"href":"https:\/\/elterritorialweb.com.ar\/web\/wp-json\/wp\/v2\/media?parent=46033"}],"wp:term":[{"taxonomy":"category","embeddable":true,"href":"https:\/\/elterritorialweb.com.ar\/web\/wp-json\/wp\/v2\/categories?post=46033"},{"taxonomy":"post_tag","embeddable":true,"href":"https:\/\/elterritorialweb.com.ar\/web\/wp-json\/wp\/v2\/tags?post=46033"}],"curies":[{"name":"wp","href":"https:\/\/api.w.org\/{rel}","templated":true}]}}