{"id":46036,"date":"2022-11-01T18:30:27","date_gmt":"2022-11-01T18:30:27","guid":{"rendered":"http:\/\/elterritorialweb.com.ar\/web\/?p=46036"},"modified":"2022-11-01T18:30:28","modified_gmt":"2022-11-01T18:30:28","slug":"el-inprotur-recibio-al-primer-vuelo-desde-costa-rica-y-ecuador","status":"publish","type":"post","link":"https:\/\/elterritorialweb.com.ar\/web\/el-inprotur-recibio-al-primer-vuelo-desde-costa-rica-y-ecuador\/","title":{"rendered":"EL INPROTUR RECIBI\u00d3 AL PRIMER VUELO DESDE COSTA RICA Y ECUADOR"},"content":{"rendered":"\n<p>Con una ruta in\u00e9dita,&nbsp;<strong>Avianca vol\u00f3 por primera vez desde San Jos\u00e9, Costa Rica, v\u00eda Quito, Ecuador, hacia Buenos Aires<\/strong>&nbsp;y fue recibido con un show de tango y con distinciones para los pasajeros del vuelo, coordinado por el Instituto Nacional de Promoci\u00f3n Tur\u00edstica.<\/p>\n\n\n\n<p>De esta manera,&nbsp;<strong>Argentina suma conexiones nuevas provenientes de dos pa\u00edses de los que no ten\u00eda rutas<\/strong>, lo que significa un aumento de conectividad con respecto a la prepandemia.<\/p>\n\n\n\n<p>El&nbsp;<strong>Secretario Ejecutivo del INPROTUR, Ricardo Sosa<\/strong>, destac\u00f3: \u201c<em>Durante los \u00faltimos dos meses, tuvimos m\u00e1s del&nbsp;<strong>65%&nbsp;<\/strong>de recuperaci\u00f3n de<strong>&nbsp;turistas de Costa Rica<\/strong>&nbsp;y 5<strong>5% de Ecuador,<\/strong>&nbsp;en comparaci\u00f3n a los n\u00fameros de los mismos meses de la prepandemia. El vuelo de Avianca ayudar\u00e1 a tener una r\u00e1pida recuperaci\u00f3n del turismo receptivo proveniente de los dos pa\u00edses superiores a los estimados por las organizaciones mundiales de turismo para este a\u00f1o. Adem\u00e1s, Argentina es el \u00fanico pa\u00eds de Sudam\u00e9rica que no exige ning\u00fan documento de ingreso con respecto al COVID-19 y eso es debido a los avances de seguridad sanitaria y a la r\u00e1pida implementaci\u00f3n de protocolos tur\u00edsticos<\/em>\u201d.<\/p>\n\n\n\n<p>Adem\u00e1s,&nbsp;<strong>Sosa<\/strong>&nbsp;agreg\u00f3: \u201c<em>Destacamos que por&nbsp;<strong>primera vez en la historia de nuestra aviaci\u00f3n existir\u00e1 una ruta que una Costa Rica con Argentina<\/strong>, v\u00eda Ecuador, y esto es gracias al vuelo de Avianca. Adem\u00e1s, recuperamos el hist\u00f3rico tramo entre Ecuador y nuestro pa\u00eds<\/em>\u201d.<\/p>\n\n\n\n<p>Del recibimiento del vuelo inaugural participaron&nbsp;<strong>Oscar Su\u00e1rez, Director de Mercados del INPROTUR<\/strong>&nbsp;y&nbsp;<strong>Gustavo Esusy, Gerente Comercial de Avianca para Argentina, Paraguay, Uruguay y Brasil.<\/strong>&nbsp;El show de tango fue realizado por una pareja de&nbsp;<strong>Madero Tango<\/strong>, y presenciado por la mayor\u00eda de los pasajeros, quienes se pudieron sacar fotos con los bailarines.<\/p>\n\n\n\n<p>El vuelo es realizado con un&nbsp;<strong>Airbus A319<\/strong>&nbsp;con capacidad para&nbsp;<strong>120 pasajeros<\/strong>, arriba al aeropuerto internacional de Ezeiza, y tiene una frecuencia de cuatro vuelos semanales. La ruta entre Ecuador y Argentina hab\u00eda dejado de operar en 2016.<\/p>\n","protected":false},"excerpt":{"rendered":"<p>En la ma\u00f1ana del lunes, arrib\u00f3 a la Argentina el primer avi\u00f3n de la nueva ruta operada por Avianca desde San Jos\u00e9, v\u00eda Quito.<\/p>\n","protected":false},"author":2,"featured_media":46037,"comment_status":"open","ping_status":"open","sticky":false,"template":"","format":"standard","meta":{"om_disable_all_campaigns":false,"_monsterinsights_skip_tracking":false,"_monsterinsights_sitenote_active":false,"_monsterinsights_sitenote_note":"","_monsterinsights_sitenote_category":0,"_uf_show_specific_survey":0,"_uf_disable_surveys":false,"jetpack_post_was_ever_published":false,"_jetpack_newsletter_access":"","_jetpack_dont_email_post_to_subs":false,"_jetpack_newsletter_tier_id":0,"_jetpack_memberships_contains_paywalled_content":false,"_jetpack_memberships_contains_paid_content":false,"footnotes":"","jetpack_publicize_message":"","jetpack_publicize_feature_enabled":true,"jetpack_social_post_already_shared":false,"jetpack_social_options":{"image_generator_settings":{"template":"highway","default_image_id":0,"font":"","enabled":false},"version":2}},"categories":[29],"tags":[],"class_list":["post-46036","post","type-post","status-publish","format-standard","has-post-thumbnail","hentry","category-turismo"],"aioseo_notices":[],"views":8,"jetpack_publicize_connections":[],"jetpack_featured_media_url":"https:\/\/i0.wp.com\/elterritorialweb.com.ar\/web\/wp-content\/uploads\/2022\/11\/unnamed-5.jpg?fit=1600%2C900&ssl=1","jetpack_sharing_enabled":true,"_links":{"self":[{"href":"https:\/\/elterritorialweb.com.ar\/web\/wp-json\/wp\/v2\/posts\/46036","targetHints":{"allow":["GET"]}}],"collection":[{"href":"https:\/\/elterritorialweb.com.ar\/web\/wp-json\/wp\/v2\/posts"}],"about":[{"href":"https:\/\/elterritorialweb.com.ar\/web\/wp-json\/wp\/v2\/types\/post"}],"author":[{"embeddable":true,"href":"https:\/\/elterritorialweb.com.ar\/web\/wp-json\/wp\/v2\/users\/2"}],"replies":[{"embeddable":true,"href":"https:\/\/elterritorialweb.com.ar\/web\/wp-json\/wp\/v2\/comments?post=46036"}],"version-history":[{"count":1,"href":"https:\/\/elterritorialweb.com.ar\/web\/wp-json\/wp\/v2\/posts\/46036\/revisions"}],"predecessor-version":[{"id":46038,"href":"https:\/\/elterritorialweb.com.ar\/web\/wp-json\/wp\/v2\/posts\/46036\/revisions\/46038"}],"wp:featuredmedia":[{"embeddable":true,"href":"https:\/\/elterritorialweb.com.ar\/web\/wp-json\/wp\/v2\/media\/46037"}],"wp:attachment":[{"href":"https:\/\/elterritorialweb.com.ar\/web\/wp-json\/wp\/v2\/media?parent=46036"}],"wp:term":[{"taxonomy":"category","embeddable":true,"href":"https:\/\/elterritorialweb.com.ar\/web\/wp-json\/wp\/v2\/categories?post=46036"},{"taxonomy":"post_tag","embeddable":true,"href":"https:\/\/elterritorialweb.com.ar\/web\/wp-json\/wp\/v2\/tags?post=46036"}],"curies":[{"name":"wp","href":"https:\/\/api.w.org\/{rel}","templated":true}]}}