{"id":46039,"date":"2022-11-01T18:44:18","date_gmt":"2022-11-01T18:44:18","guid":{"rendered":"http:\/\/elterritorialweb.com.ar\/web\/?p=46039"},"modified":"2022-11-01T18:44:20","modified_gmt":"2022-11-01T18:44:20","slug":"lo-celso-se-sometera-a-nuevos-estudios","status":"publish","type":"post","link":"https:\/\/elterritorialweb.com.ar\/web\/lo-celso-se-sometera-a-nuevos-estudios\/","title":{"rendered":"LO CELSO SE SOMETER\u00c1 A NUEVOS ESTUDIOS"},"content":{"rendered":"\n<p><strong>El mediocampista&nbsp;<\/strong>del seleccionado argentino<strong>&nbsp;Giovani Lo Celso se someter\u00e1&nbsp;<\/strong>en las pr\u00f3ximas horas<strong>&nbsp;a nuevos estudios m\u00e9dicos<\/strong>&nbsp;para determinar el grado de la lesi\u00f3n muscular que sufri\u00f3 el domingo con Villarreal.<\/p>\n\n\n\n<p>En primera instancia, se cre\u00eda que el rosarino ten\u00eda una lesi\u00f3n muscular de grado 1 en el b\u00edceps femoral de la pierna derecha.<\/p>\n\n\n\n<p>Sin embargo, desde Espa\u00f1a trascendi\u00f3 que \u00abGio\u00bb se someter\u00e1 a nuevos estudios m\u00e9dicos ya que&nbsp;<strong>sospechan que podr\u00eda haber<\/strong>&nbsp;sufrido&nbsp;<strong>un desprendimiento en dicho m\u00fasculo<\/strong>&nbsp;y eso complicar\u00eda su situaci\u00f3n de cara al Mundial de Qatar.<\/p>\n\n\n\n<p><strong>El ex Rosario Central atraviesa algo similar a lo que le sucedi\u00f3 a Paulo Dybala<\/strong>, a quien no pudieron diagnosticar de inmediato por el hematoma que se le gener\u00f3 en la zona.<\/p>\n\n\n\n<p>En principio,&nbsp;<strong>Lo Celso iba a necesitar tres semanas de recuperaci\u00f3n si se trataba de un desgarro leve pero si se confirma el desprendimiento requiere un proceso de, al menos, un mes y medio.<\/strong><\/p>\n\n\n\n<p>Argentina debutar\u00e1 en la Copa del Mundo el pr\u00f3ximo martes 22 contra Arabia Saudita pero Lionel Scaloni deber\u00e1 entregar la lista definitiva el lunes 14.<\/p>\n\n\n\n<p>Villarreal todav\u00eda no public\u00f3 ning\u00fan parte m\u00e9dico oficial pero el entrenador Quique Seti\u00e9n cont\u00f3 en su \u00faltima aparici\u00f3n que Lo Celso ya arrastraba molestias en esa zona.<\/p>\n\n\n\n<p>Pese a dicho aviso,&nbsp;<strong>el rosarino fue titular el domingo contra Athletic de Bilbao pero solo estuvo 25 minutos en campo de juego<\/strong>&nbsp;ya que luego de realizar un taco cerca del \u00e1rea grande, se tom\u00f3 la pierna derecha y pidi\u00f3 el cambio.<\/p>\n\n\n\n<p>Desde el cuerpo m\u00e9dico del seleccionado est\u00e1n siguiendo la situaci\u00f3n y esperan un gui\u00f1o del club espa\u00f1ol para que liberen al futbolista y le permitan viajar a nuestro pa\u00eds.<\/p>\n","protected":false},"excerpt":{"rendered":"<p>En primera instancia, se cre\u00eda que el rosarino ten\u00eda una lesi\u00f3n muscular de grado 1 en el b\u00edceps femoral de la pierna derecha, pero sospechan que podr\u00eda haber sufrido un desprendimiento en dicho m\u00fasculo y eso complicar\u00eda su situaci\u00f3n de cara al Mundial.<\/p>\n","protected":false},"author":2,"featured_media":46040,"comment_status":"open","ping_status":"open","sticky":false,"template":"","format":"standard","meta":{"om_disable_all_campaigns":false,"_monsterinsights_skip_tracking":false,"_monsterinsights_sitenote_active":false,"_monsterinsights_sitenote_note":"","_monsterinsights_sitenote_category":0,"_uf_show_specific_survey":0,"_uf_disable_surveys":false,"jetpack_post_was_ever_published":false,"_jetpack_newsletter_access":"","_jetpack_dont_email_post_to_subs":false,"_jetpack_newsletter_tier_id":0,"_jetpack_memberships_contains_paywalled_content":false,"_jetpack_memberships_contains_paid_content":false,"footnotes":"","jetpack_publicize_message":"","jetpack_publicize_feature_enabled":true,"jetpack_social_post_already_shared":false,"jetpack_social_options":{"image_generator_settings":{"template":"highway","default_image_id":0,"font":"","enabled":false},"version":2}},"categories":[6],"tags":[],"class_list":["post-46039","post","type-post","status-publish","format-standard","has-post-thumbnail","hentry","category-deportes"],"aioseo_notices":[],"views":10,"jetpack_publicize_connections":[],"jetpack_featured_media_url":"https:\/\/i0.wp.com\/elterritorialweb.com.ar\/web\/wp-content\/uploads\/2022\/11\/LO-CELSO.jpg?fit=800%2C483&ssl=1","jetpack_sharing_enabled":true,"_links":{"self":[{"href":"https:\/\/elterritorialweb.com.ar\/web\/wp-json\/wp\/v2\/posts\/46039","targetHints":{"allow":["GET"]}}],"collection":[{"href":"https:\/\/elterritorialweb.com.ar\/web\/wp-json\/wp\/v2\/posts"}],"about":[{"href":"https:\/\/elterritorialweb.com.ar\/web\/wp-json\/wp\/v2\/types\/post"}],"author":[{"embeddable":true,"href":"https:\/\/elterritorialweb.com.ar\/web\/wp-json\/wp\/v2\/users\/2"}],"replies":[{"embeddable":true,"href":"https:\/\/elterritorialweb.com.ar\/web\/wp-json\/wp\/v2\/comments?post=46039"}],"version-history":[{"count":1,"href":"https:\/\/elterritorialweb.com.ar\/web\/wp-json\/wp\/v2\/posts\/46039\/revisions"}],"predecessor-version":[{"id":46041,"href":"https:\/\/elterritorialweb.com.ar\/web\/wp-json\/wp\/v2\/posts\/46039\/revisions\/46041"}],"wp:featuredmedia":[{"embeddable":true,"href":"https:\/\/elterritorialweb.com.ar\/web\/wp-json\/wp\/v2\/media\/46040"}],"wp:attachment":[{"href":"https:\/\/elterritorialweb.com.ar\/web\/wp-json\/wp\/v2\/media?parent=46039"}],"wp:term":[{"taxonomy":"category","embeddable":true,"href":"https:\/\/elterritorialweb.com.ar\/web\/wp-json\/wp\/v2\/categories?post=46039"},{"taxonomy":"post_tag","embeddable":true,"href":"https:\/\/elterritorialweb.com.ar\/web\/wp-json\/wp\/v2\/tags?post=46039"}],"curies":[{"name":"wp","href":"https:\/\/api.w.org\/{rel}","templated":true}]}}