{"id":46042,"date":"2022-11-01T19:07:55","date_gmt":"2022-11-01T19:07:55","guid":{"rendered":"http:\/\/elterritorialweb.com.ar\/web\/?p=46042"},"modified":"2022-11-01T19:07:56","modified_gmt":"2022-11-01T19:07:56","slug":"fernandez-enfrentar-el-problema-climatico-es-un-imperativo-moral","status":"publish","type":"post","link":"https:\/\/elterritorialweb.com.ar\/web\/fernandez-enfrentar-el-problema-climatico-es-un-imperativo-moral\/","title":{"rendered":"FERN\u00c1NDEZ: \u00abENFRENTAR EL PROBLEMA CLIM\u00c1TICO ES UN IMPERATIVO MORAL\u00bb"},"content":{"rendered":"\n<p>\u201cEl problema clim\u00e1tico nos interpela y es un problema del presente, no del futuro, que tambi\u00e9n genera mucha desigualdad\u201d, afirm\u00f3 el mandatario, acompa\u00f1ado por el jefe de Gabinete, Juan Manzur; el ministro de Ambiente y Desarrollo Sostenible, Juan Cabandi\u00e9; y la secretaria de Cambio Clim\u00e1tico, Desarrollo Sostenible e Innovaci\u00f3n, Cecilia Nicolini.<\/p>\n\n\n\n<p>\u201c\u00bfQu\u00e9 culpa tiene Am\u00e9rica Latina cuando muchas \u00e1reas se desertifican y lo que antes era productivo dej\u00f3 de serlo, y qu\u00e9 culpa tiene \u00c1frica en padecer lo que padece? En verdad tenemos que ocuparnos del cambio clim\u00e1tico y de resolver todos los perjuicios que generaron la ambici\u00f3n de los poderosos de seguir ganando a cualquier precio y los negacionistas, que dec\u00edan que el cambio clim\u00e1tico no exist\u00eda y siguieron sometiendo al mundo a m\u00e1s intoxicaci\u00f3n\u201d, expres\u00f3 el jefe de Estado.<\/p>\n\n\n\n<p>En este sentido agreg\u00f3: \u201cEnfrentar el problema clim\u00e1tico es nuestro deber, es un imperativo moral y \u00e9tico, para vivir en un mundo mejor y terminar con la desigualdad. Si no lo hacemos seremos c\u00f3mplices de la degradaci\u00f3n del planeta\u201d.<\/p>\n\n\n\n<figure class=\"wp-block-image size-large\"><a href=\"https:\/\/i0.wp.com\/elterritorialweb.com.ar\/web\/wp-content\/uploads\/2022\/11\/cambioclimatico1.jpg\"><img data-recalc-dims=\"1\" decoding=\"async\" width=\"640\" height=\"427\" data-src=\"https:\/\/i0.wp.com\/elterritorialweb.com.ar\/web\/wp-content\/uploads\/2022\/11\/cambioclimatico1.jpg?resize=640%2C427\" alt=\"\" class=\"wp-image-46043 lazyload\" data-srcset=\"https:\/\/i0.wp.com\/elterritorialweb.com.ar\/web\/wp-content\/uploads\/2022\/11\/cambioclimatico1.jpg?resize=1024%2C683&amp;ssl=1 1024w, https:\/\/i0.wp.com\/elterritorialweb.com.ar\/web\/wp-content\/uploads\/2022\/11\/cambioclimatico1.jpg?resize=300%2C200&amp;ssl=1 300w, https:\/\/i0.wp.com\/elterritorialweb.com.ar\/web\/wp-content\/uploads\/2022\/11\/cambioclimatico1.jpg?resize=768%2C512&amp;ssl=1 768w, https:\/\/i0.wp.com\/elterritorialweb.com.ar\/web\/wp-content\/uploads\/2022\/11\/cambioclimatico1.jpg?resize=1536%2C1025&amp;ssl=1 1536w, https:\/\/i0.wp.com\/elterritorialweb.com.ar\/web\/wp-content\/uploads\/2022\/11\/cambioclimatico1.jpg?w=1940&amp;ssl=1 1940w, https:\/\/i0.wp.com\/elterritorialweb.com.ar\/web\/wp-content\/uploads\/2022\/11\/cambioclimatico1.jpg?w=1280 1280w\" data-sizes=\"(max-width: 640px) 100vw, 640px\" src=\"data:image\/svg+xml;base64,PHN2ZyB3aWR0aD0iMSIgaGVpZ2h0PSIxIiB4bWxucz0iaHR0cDovL3d3dy53My5vcmcvMjAwMC9zdmciPjwvc3ZnPg==\" style=\"--smush-placeholder-width: 640px; --smush-placeholder-aspect-ratio: 640\/427;\" \/><\/a><\/figure>\n\n\n\n<p>A partir de cuatro enfoques transversales (g\u00e9nero y diversidades, gesti\u00f3n integral del riesgo, salud y transici\u00f3n laboral justa), la iniciativa contempla un conjunto de 250 medidas dise\u00f1adas a trav\u00e9s de 75 \u00e1reas de gobierno con 8.600 participantes involucrados durante el proceso. A la presentaci\u00f3n asistieron ministros y ministras del Poder Ejecutivo Nacional y de las provincias, funcionarias, funcionarios y especialistas.<\/p>\n\n\n\n<p>Sobre el Plan Nicolini se\u00f1al\u00f3 que \u201ces una gran oportunidad para aprovechar todas las capacidades que tenemos, de las cuales nos sentimos orgullosos y orgullosas. La pol\u00edtica clim\u00e1tica est\u00e1 guiando los modelos de desarrollo de los pa\u00edses\u201d. Y detall\u00f3: \u201cLa Argentina ha asumido ese compromiso trabajando con todos los sectores y con todo el potencial para que realmente sea una pol\u00edtica de desarrollo y de crecimiento con innovaci\u00f3n, con una mirada federal y con justicia social y ambiental\u201d.<\/p>\n\n\n\n<p>En tanto, Cabandi\u00e9 consider\u00f3 que \u00aben el Siglo XXI hay otro paradigma, la agenda ambiental debe estar por encima de muchas decisiones que se llevan a cabo en lo productivo, y esto est\u00e1 avalado por la decisi\u00f3n del Presidente\u00bb. En esta l\u00ednea a\u00f1adi\u00f3: \u201cTenemos que trabajar de forma mancomunada teniendo en cuenta que las pr\u00f3ximas generaciones necesitan de la sostenibilidad y de un mundo que, cada a\u00f1o que pasa, est\u00e1 en mayor riesgo. Por eso son necesarias la voluntad pol\u00edtica, las acciones concretas y que podamos dialogar constructivamente para dejar un planeta vivible\u201d.<\/p>\n\n\n\n<figure class=\"wp-block-image size-large\"><a href=\"https:\/\/i0.wp.com\/elterritorialweb.com.ar\/web\/wp-content\/uploads\/2022\/11\/cambioclimatico2.jpg\"><img data-recalc-dims=\"1\" decoding=\"async\" width=\"640\" height=\"426\" data-src=\"https:\/\/i0.wp.com\/elterritorialweb.com.ar\/web\/wp-content\/uploads\/2022\/11\/cambioclimatico2.jpg?resize=640%2C426\" alt=\"\" class=\"wp-image-46044 lazyload\" data-srcset=\"https:\/\/i0.wp.com\/elterritorialweb.com.ar\/web\/wp-content\/uploads\/2022\/11\/cambioclimatico2.jpg?resize=1024%2C682&amp;ssl=1 1024w, https:\/\/i0.wp.com\/elterritorialweb.com.ar\/web\/wp-content\/uploads\/2022\/11\/cambioclimatico2.jpg?resize=300%2C200&amp;ssl=1 300w, https:\/\/i0.wp.com\/elterritorialweb.com.ar\/web\/wp-content\/uploads\/2022\/11\/cambioclimatico2.jpg?resize=768%2C512&amp;ssl=1 768w, https:\/\/i0.wp.com\/elterritorialweb.com.ar\/web\/wp-content\/uploads\/2022\/11\/cambioclimatico2.jpg?resize=1536%2C1024&amp;ssl=1 1536w, https:\/\/i0.wp.com\/elterritorialweb.com.ar\/web\/wp-content\/uploads\/2022\/11\/cambioclimatico2.jpg?w=1940&amp;ssl=1 1940w, https:\/\/i0.wp.com\/elterritorialweb.com.ar\/web\/wp-content\/uploads\/2022\/11\/cambioclimatico2.jpg?w=1280 1280w\" data-sizes=\"(max-width: 640px) 100vw, 640px\" src=\"data:image\/svg+xml;base64,PHN2ZyB3aWR0aD0iMSIgaGVpZ2h0PSIxIiB4bWxucz0iaHR0cDovL3d3dy53My5vcmcvMjAwMC9zdmciPjwvc3ZnPg==\" style=\"--smush-placeholder-width: 640px; --smush-placeholder-aspect-ratio: 640\/426;\" \/><\/a><\/figure>\n\n\n\n<p>Manzur resalt\u00f3 que \u201cla Argentina tiene hoy un Gabinete Nacional vinculado al cambio clim\u00e1tico, y eso es toda una definici\u00f3n que habla de una pol\u00edtica de Estado que tiene que ver con el mediano y el largo plazo, que es transversal y en la que cada una de las \u00e1reas tiene algo para contar y para aportar\u201d. El jefe de Gabinete expres\u00f3 que \u201ctenemos clara la hoja de ruta y un plan de trabajo conversado y dialogado. Lo que est\u00e1 impulsando hoy, presidente, va mucho m\u00e1s all\u00e1 de los per\u00edodos democr\u00e1ticos de gobierno, estamos pensando en la Argentina del futuro\u201d.<\/p>\n\n\n\n<p>El Plan sintetiza las pol\u00edticas para limitar las emisiones de gases de efecto invernadero, en l\u00ednea con los compromisos clim\u00e1ticos asumidos por la Argentina en el plano nacional e internacional, a trav\u00e9s de seis l\u00edneas estrat\u00e9gicas: transici\u00f3n energ\u00e9tica; transici\u00f3n productiva; movilidad sostenible; territorios sostenibles y resilientes; conservaci\u00f3n de la biodiversidad y bienes comunes; y gesti\u00f3n sostenible de los sistemas alimentarios y bosques.<\/p>\n\n\n\n<p>El Gabinete Nacional de Cambio Clim\u00e1tico define los lineamientos estrat\u00e9gicos con la participaci\u00f3n de ministros y ministras de las 24 jurisdicciones y representantes de la comunidad cient\u00edfica, organizaciones ambientales, universidades, entidades acad\u00e9micas y empresariales, partidos pol\u00edticos, sindicatos y pueblos originarios.<\/p>\n\n\n\n<p>Durante la actividad se presentaron el Plan Nacional de Adaptaci\u00f3n y Mitigaci\u00f3n al Cambio Clim\u00e1tico al 2030 y la Estrategia de desarrollo resiliente con bajas emisiones a largo plazo al 2050. Ambos instrumentos ser\u00e1n presentados en la 27\u00b0 Conferencia de las Partes en la Convenci\u00f3n Marco de las Naciones Unidas sobre el Cambio Clim\u00e1tico (COP27) que se realizar\u00e1 del 6 al 18 de noviembre en la ciudad de Sharm El Sheikh, Egipto.<\/p>\n","protected":false},"excerpt":{"rendered":"<p>El presidente Alberto Fern\u00e1ndez destac\u00f3 este mediod\u00eda la necesidad de \u201cempezar un camino que nos devuelva el mundo que merecemos\u201d al encabezar la presentaci\u00f3n del Plan Nacional de Adaptaci\u00f3n y Mitigaci\u00f3n al Cambio Clim\u00e1tico al 2030, en el Museo del Bicentenario.<\/p>\n","protected":false},"author":2,"featured_media":46045,"comment_status":"open","ping_status":"open","sticky":false,"template":"","format":"standard","meta":{"om_disable_all_campaigns":false,"_monsterinsights_skip_tracking":false,"_monsterinsights_sitenote_active":false,"_monsterinsights_sitenote_note":"","_monsterinsights_sitenote_category":0,"_uf_show_specific_survey":0,"_uf_disable_surveys":false,"jetpack_post_was_ever_published":false,"_jetpack_newsletter_access":"","_jetpack_dont_email_post_to_subs":false,"_jetpack_newsletter_tier_id":0,"_jetpack_memberships_contains_paywalled_content":false,"_jetpack_memberships_contains_paid_content":false,"footnotes":"","jetpack_publicize_message":"","jetpack_publicize_feature_enabled":true,"jetpack_social_post_already_shared":false,"jetpack_social_options":{"image_generator_settings":{"template":"highway","default_image_id":0,"font":"","enabled":false},"version":2}},"categories":[4,18],"tags":[],"class_list":["post-46042","post","type-post","status-publish","format-standard","has-post-thumbnail","hentry","category-destacadas","category-politica"],"aioseo_notices":[],"views":7,"jetpack_publicize_connections":[],"jetpack_featured_media_url":"https:\/\/i0.wp.com\/elterritorialweb.com.ar\/web\/wp-content\/uploads\/2022\/11\/cambioclimatico3.jpg?fit=1940%2C1293&ssl=1","jetpack_sharing_enabled":true,"_links":{"self":[{"href":"https:\/\/elterritorialweb.com.ar\/web\/wp-json\/wp\/v2\/posts\/46042","targetHints":{"allow":["GET"]}}],"collection":[{"href":"https:\/\/elterritorialweb.com.ar\/web\/wp-json\/wp\/v2\/posts"}],"about":[{"href":"https:\/\/elterritorialweb.com.ar\/web\/wp-json\/wp\/v2\/types\/post"}],"author":[{"embeddable":true,"href":"https:\/\/elterritorialweb.com.ar\/web\/wp-json\/wp\/v2\/users\/2"}],"replies":[{"embeddable":true,"href":"https:\/\/elterritorialweb.com.ar\/web\/wp-json\/wp\/v2\/comments?post=46042"}],"version-history":[{"count":1,"href":"https:\/\/elterritorialweb.com.ar\/web\/wp-json\/wp\/v2\/posts\/46042\/revisions"}],"predecessor-version":[{"id":46046,"href":"https:\/\/elterritorialweb.com.ar\/web\/wp-json\/wp\/v2\/posts\/46042\/revisions\/46046"}],"wp:featuredmedia":[{"embeddable":true,"href":"https:\/\/elterritorialweb.com.ar\/web\/wp-json\/wp\/v2\/media\/46045"}],"wp:attachment":[{"href":"https:\/\/elterritorialweb.com.ar\/web\/wp-json\/wp\/v2\/media?parent=46042"}],"wp:term":[{"taxonomy":"category","embeddable":true,"href":"https:\/\/elterritorialweb.com.ar\/web\/wp-json\/wp\/v2\/categories?post=46042"},{"taxonomy":"post_tag","embeddable":true,"href":"https:\/\/elterritorialweb.com.ar\/web\/wp-json\/wp\/v2\/tags?post=46042"}],"curies":[{"name":"wp","href":"https:\/\/api.w.org\/{rel}","templated":true}]}}