{"id":46047,"date":"2022-11-01T19:18:39","date_gmt":"2022-11-01T19:18:39","guid":{"rendered":"http:\/\/elterritorialweb.com.ar\/web\/?p=46047"},"modified":"2022-11-01T19:18:40","modified_gmt":"2022-11-01T19:18:40","slug":"zamora-anuncio-un-bono-de-200-mil-y-un-incremento-salarial-del-95-para-la-administracion-publica","status":"publish","type":"post","link":"https:\/\/elterritorialweb.com.ar\/web\/zamora-anuncio-un-bono-de-200-mil-y-un-incremento-salarial-del-95-para-la-administracion-publica\/","title":{"rendered":"ZAMORA ANUNCI\u00d3 UN BONO DE $ 200 MIL Y UN INCREMENTO SALARIAL DEL 95% PARA LA ADMINISTRACI\u00d3N P\u00daBLICA"},"content":{"rendered":"\n<p>El gobernador Gerardo Zamora anunci\u00f3 este martes un bono de $ 200 mil para todos los agentes de la administraci\u00f3n p\u00fablica provincial, que se har\u00e1 efectivo en 3 cuotas. La primera -de $ 60 mil- estar\u00e1 disponible el pr\u00f3ximo 9 de noviembre; mientras que la segunda cuota \u2013de $ 80 mil- el 21 de diciembre y la tercera \u2013de $ 60 mil- ser\u00e1 abonada el 4 de enero.<\/p>\n\n\n\n<p>Tambi\u00e9n oficializ\u00f3 un incremento del 95% en el b\u00e1sico para todos los obreros y empleados de la provincia, incluidos los docentes, con el sueldo de febrero, que se abonar\u00e1 el 27 de ese mismo mes.<\/p>\n\n\n\n<p>Mientras que para los trabajadores con contrato de locaci\u00f3n el incremento ser\u00e1 de un 80%.<\/p>\n\n\n\n<p>Tambi\u00e9n fij\u00f3 el 14 de diciembre como fecha de pago del medio aguinaldo.<\/p>\n\n\n\n<p>Los anuncios fueron realizados en el Sal\u00f3n de Acuerdos de Casa de Gobierno, donde tambi\u00e9n estuvieron el vicegobernador Carlos Silva Neder; el jefe de Gabinete, El\u00edas Su\u00e1rez; la secretaria de Trabajo, Julia Com\u00e1n, y los senadores Jos\u00e9 Emilio Neder y Gerardo Montenegro (secretario adjunto de la CGT local). Tambi\u00e9n el secretario general de la CGT Jos\u00e9 G\u00f3mez junto con los representantes de todos los <a><\/a>sindicatos que integran la Mesa de Di\u00e1logo del Trabajo.<\/p>\n\n\n\n<p>Luego de los anuncios, el mandatario destac\u00f3 el orden financiero de la provincia y la eficiencia en el manejo de los recursos, lo que permite tener un Estado equilibrado y desendeudado.<\/p>\n\n\n\n<p><\/p>\n","protected":false},"excerpt":{"rendered":"<p>El anunci\u00f3 lo realiz\u00f3 en el sal\u00f3n de Acuerdos de la casa de Gobierno en conferencia de prensa.<\/p>\n","protected":false},"author":2,"featured_media":46048,"comment_status":"open","ping_status":"open","sticky":false,"template":"","format":"standard","meta":{"om_disable_all_campaigns":false,"_monsterinsights_skip_tracking":false,"_monsterinsights_sitenote_active":false,"_monsterinsights_sitenote_note":"","_monsterinsights_sitenote_category":0,"_uf_show_specific_survey":0,"_uf_disable_surveys":false,"jetpack_post_was_ever_published":false,"_jetpack_newsletter_access":"","_jetpack_dont_email_post_to_subs":false,"_jetpack_newsletter_tier_id":0,"_jetpack_memberships_contains_paywalled_content":false,"_jetpack_memberships_contains_paid_content":false,"footnotes":"","jetpack_publicize_message":"","jetpack_publicize_feature_enabled":true,"jetpack_social_post_already_shared":false,"jetpack_social_options":{"image_generator_settings":{"template":"highway","default_image_id":0,"font":"","enabled":false},"version":2}},"categories":[4,21],"tags":[],"class_list":["post-46047","post","type-post","status-publish","format-standard","has-post-thumbnail","hentry","category-destacadas","category-locales"],"aioseo_notices":[],"views":15,"jetpack_publicize_connections":[],"jetpack_featured_media_url":"https:\/\/i0.wp.com\/elterritorialweb.com.ar\/web\/wp-content\/uploads\/2022\/11\/anuncio.jpeg?fit=1280%2C853&ssl=1","jetpack_sharing_enabled":true,"_links":{"self":[{"href":"https:\/\/elterritorialweb.com.ar\/web\/wp-json\/wp\/v2\/posts\/46047","targetHints":{"allow":["GET"]}}],"collection":[{"href":"https:\/\/elterritorialweb.com.ar\/web\/wp-json\/wp\/v2\/posts"}],"about":[{"href":"https:\/\/elterritorialweb.com.ar\/web\/wp-json\/wp\/v2\/types\/post"}],"author":[{"embeddable":true,"href":"https:\/\/elterritorialweb.com.ar\/web\/wp-json\/wp\/v2\/users\/2"}],"replies":[{"embeddable":true,"href":"https:\/\/elterritorialweb.com.ar\/web\/wp-json\/wp\/v2\/comments?post=46047"}],"version-history":[{"count":1,"href":"https:\/\/elterritorialweb.com.ar\/web\/wp-json\/wp\/v2\/posts\/46047\/revisions"}],"predecessor-version":[{"id":46049,"href":"https:\/\/elterritorialweb.com.ar\/web\/wp-json\/wp\/v2\/posts\/46047\/revisions\/46049"}],"wp:featuredmedia":[{"embeddable":true,"href":"https:\/\/elterritorialweb.com.ar\/web\/wp-json\/wp\/v2\/media\/46048"}],"wp:attachment":[{"href":"https:\/\/elterritorialweb.com.ar\/web\/wp-json\/wp\/v2\/media?parent=46047"}],"wp:term":[{"taxonomy":"category","embeddable":true,"href":"https:\/\/elterritorialweb.com.ar\/web\/wp-json\/wp\/v2\/categories?post=46047"},{"taxonomy":"post_tag","embeddable":true,"href":"https:\/\/elterritorialweb.com.ar\/web\/wp-json\/wp\/v2\/tags?post=46047"}],"curies":[{"name":"wp","href":"https:\/\/api.w.org\/{rel}","templated":true}]}}