{"id":46050,"date":"2022-11-02T00:25:29","date_gmt":"2022-11-02T00:25:29","guid":{"rendered":"http:\/\/elterritorialweb.com.ar\/web\/?p=46050"},"modified":"2022-11-02T00:25:30","modified_gmt":"2022-11-02T00:25:30","slug":"anuncian-bonos-para-los-beneficiarios-de-tarjetas-sociales-y-planes-de-emergencia-provinciales","status":"publish","type":"post","link":"https:\/\/elterritorialweb.com.ar\/web\/anuncian-bonos-para-los-beneficiarios-de-tarjetas-sociales-y-planes-de-emergencia-provinciales\/","title":{"rendered":"ANUNCIAN BONOS PARA LOS BENEFICIARIOS DE TARJETAS SOCIALES Y PLANES DE EMERGENCIA PROVINCIALES"},"content":{"rendered":"\n<p>El jefe de Gabinete,<strong> El\u00edas Su\u00e1rez,<\/strong> anunci\u00f3 esta tarde que por disposici\u00f3n del gobernador Gerardo Zamora se otorgar\u00e1 un<strong> bono<\/strong> de fin de a\u00f1o de <strong>$ 30 mil a todos los beneficiarios de las Tarjetas Sociales<\/strong> Provinciales, que se pagar\u00e1 en diciembre; y otro de <strong>$ 50 mil para los Planes de Emergencia Provinciales,<\/strong> que se har\u00e1 efectivo en<strong> dos cuotas<\/strong>: <strong>la primera de $ 25 mil, el 22 de noviembre, y la segunda del mismo monto en diciembre.<\/strong><\/p>\n\n\n\n<p><strong>Niccolai<\/strong> inform\u00f3 que son alrededor de <strong>35 mil los beneficiarios de Tarjetas Sociales Provinciales<\/strong> y pidi\u00f3 a los comerciantes que respeten el destino para el cual fue creado esta ayuda que llega a los sectores m\u00e1s vulnerables y evitar abusos o manejos indebidos, para lo cual se establecer\u00e1 un estricto control con el fin de garantizar su cumplimiento.<\/p>\n\n\n\n<p>Por su parte, O\u00b4Mill resalt\u00f3 el impacto que representar\u00e1 este bono de $ 50 mil para quienes cuentan con Planes de Emergencia Provinciales, los que se abonar\u00e1n junto con el beneficio mensual y conforme al cronograma establecido para los \u00faltimos dos meses de este a\u00f1o.<br>Finalmente, V\u00edctor Paz expres\u00f3 su agradecimiento al gobernador Zamora por fortalecer la econom\u00eda local, tanto con los bonos para la administraci\u00f3n p\u00fablica provincial, como para todos los beneficiarios de planes y programas provinciales, lo que activar\u00e1 las ventas y generar\u00e1 nuevas fuentes de trabajo.<\/p>\n","protected":false},"excerpt":{"rendered":"<p>El anuncio fue realizado en conferencia de prensa encabezada por Su\u00e1rez, quien estuvo acompa\u00f1ado por los ministros de Desarrollo Social, \u00c1ngel Niccolai, y de Justicia y Derechos Humanos, Matilde O\u00b4Mill; el secretario general del Sindicato de Empleados de Comercio de Santiago del Estero, V\u00edctor Paz, y el coordinador de los Planes Provinciales, Rub\u00e9n Barcat.<\/p>\n","protected":false},"author":2,"featured_media":46051,"comment_status":"open","ping_status":"open","sticky":false,"template":"","format":"standard","meta":{"om_disable_all_campaigns":false,"_monsterinsights_skip_tracking":false,"_monsterinsights_sitenote_active":false,"_monsterinsights_sitenote_note":"","_monsterinsights_sitenote_category":0,"_uf_show_specific_survey":0,"_uf_disable_surveys":false,"jetpack_post_was_ever_published":false,"_jetpack_newsletter_access":"","_jetpack_dont_email_post_to_subs":false,"_jetpack_newsletter_tier_id":0,"_jetpack_memberships_contains_paywalled_content":false,"_jetpack_memberships_contains_paid_content":false,"footnotes":"","jetpack_publicize_message":"","jetpack_publicize_feature_enabled":true,"jetpack_social_post_already_shared":false,"jetpack_social_options":{"image_generator_settings":{"template":"highway","default_image_id":0,"font":"","enabled":false},"version":2}},"categories":[21],"tags":[],"class_list":["post-46050","post","type-post","status-publish","format-standard","has-post-thumbnail","hentry","category-locales"],"aioseo_notices":[],"views":19,"jetpack_publicize_connections":[],"jetpack_featured_media_url":"https:\/\/i0.wp.com\/elterritorialweb.com.ar\/web\/wp-content\/uploads\/2022\/11\/WhatsApp-Image-2022-11-01-at-21.08.54.jpeg?fit=1280%2C923&ssl=1","jetpack_sharing_enabled":true,"_links":{"self":[{"href":"https:\/\/elterritorialweb.com.ar\/web\/wp-json\/wp\/v2\/posts\/46050","targetHints":{"allow":["GET"]}}],"collection":[{"href":"https:\/\/elterritorialweb.com.ar\/web\/wp-json\/wp\/v2\/posts"}],"about":[{"href":"https:\/\/elterritorialweb.com.ar\/web\/wp-json\/wp\/v2\/types\/post"}],"author":[{"embeddable":true,"href":"https:\/\/elterritorialweb.com.ar\/web\/wp-json\/wp\/v2\/users\/2"}],"replies":[{"embeddable":true,"href":"https:\/\/elterritorialweb.com.ar\/web\/wp-json\/wp\/v2\/comments?post=46050"}],"version-history":[{"count":1,"href":"https:\/\/elterritorialweb.com.ar\/web\/wp-json\/wp\/v2\/posts\/46050\/revisions"}],"predecessor-version":[{"id":46052,"href":"https:\/\/elterritorialweb.com.ar\/web\/wp-json\/wp\/v2\/posts\/46050\/revisions\/46052"}],"wp:featuredmedia":[{"embeddable":true,"href":"https:\/\/elterritorialweb.com.ar\/web\/wp-json\/wp\/v2\/media\/46051"}],"wp:attachment":[{"href":"https:\/\/elterritorialweb.com.ar\/web\/wp-json\/wp\/v2\/media?parent=46050"}],"wp:term":[{"taxonomy":"category","embeddable":true,"href":"https:\/\/elterritorialweb.com.ar\/web\/wp-json\/wp\/v2\/categories?post=46050"},{"taxonomy":"post_tag","embeddable":true,"href":"https:\/\/elterritorialweb.com.ar\/web\/wp-json\/wp\/v2\/tags?post=46050"}],"curies":[{"name":"wp","href":"https:\/\/api.w.org\/{rel}","templated":true}]}}