{"id":46053,"date":"2022-11-02T01:17:50","date_gmt":"2022-11-02T01:17:50","guid":{"rendered":"http:\/\/elterritorialweb.com.ar\/web\/?p=46053"},"modified":"2022-11-02T01:19:20","modified_gmt":"2022-11-02T01:19:20","slug":"nediani-desde-la-gestion-continuaremos-trabajando-a-puertas-abiertas-en-beneficios-de-todos","status":"publish","type":"post","link":"https:\/\/elterritorialweb.com.ar\/web\/nediani-desde-la-gestion-continuaremos-trabajando-a-puertas-abiertas-en-beneficios-de-todos\/","title":{"rendered":"NEDIANI: \u00abCONTINUAREMOS TRABAJANDO A PUERTAS ABIERTAS EN BENEFICIOS DE TODOS\u00bb"},"content":{"rendered":"\n<p>En su discurso indic\u00f3: <em>\u201cHe propuesto durante toda la campa\u00f1a electoral que queremos un municipio de puertas abiertas, un municipio de di\u00e1logo, de consenso, de v\u00ednculo con el vecino y fortalecer el mismo. El rol del vecino es muy importante y cada vez que tenemos esa cercan\u00eda, seguramente vamos a encontrar juntos la mejor soluci\u00f3n para todos\u00bb.<\/em><br><em>\u201cContinuaremos trabajando en realizar inversiones en materia de infraestructura, en lo que es el Plan de Mejoramiento de Calles, desag\u00fces pluviales, espacios verdes, iluminaci\u00f3n y dem\u00e1s obras que optimicen la calidad de vida de todos los vecinos. Reforzaremos las pol\u00edticas de gesti\u00f3n enfocadas en limpieza y salubridad, solicitando siempre la colaboraci\u00f3n de todos para mantener limpios los espacios p\u00fablicos en especial en esta \u00e9poca en la que proliferar\u00e1n los mosquitos y las alima\u00f1as\u201d<\/em>, agreg\u00f3.<br><em>\u201cContinuar\u00e9 recorriendo la ciudad, en cada evento en cada visita de obras seguir\u00e9 estando disponible para conocer a los vecinos, escucharlos, conocer desde cerca la realidad de cada sector y poder gestionar de una manera m\u00e1s efectiva las soluciones a cada problem\u00e1tica\u201d<\/em>, manifest\u00f3.<br>Para finalizar, el jefe comunal se\u00f1al\u00f3: <em>\u201cConvocamos a todos los vecinos a sumarse a esta propuesta de hacer crecer a la ciudad entre todos, y a las instituciones que quieran reactivarse y proponer trabajos en beneficio de toda la comunidad\u201d.<\/em><\/p>\n","protected":false},"excerpt":{"rendered":"<p>Durante la ceremonia de proclamaci\u00f3n del intendente Roger El\u00edas Nadiani manifest\u00f3 su intenci\u00f3n de continuar trabajando desde una gesti\u00f3n a puertas abiertas en dialogo permanente con los vecinos concretando obras y servicios que permitan mejorar la calidad de vida de toda la comunidad.<\/p>\n","protected":false},"author":2,"featured_media":46054,"comment_status":"open","ping_status":"open","sticky":false,"template":"","format":"standard","meta":{"om_disable_all_campaigns":false,"_monsterinsights_skip_tracking":false,"_monsterinsights_sitenote_active":false,"_monsterinsights_sitenote_note":"","_monsterinsights_sitenote_category":0,"_uf_show_specific_survey":0,"_uf_disable_surveys":false,"jetpack_post_was_ever_published":false,"_jetpack_newsletter_access":"","_jetpack_dont_email_post_to_subs":false,"_jetpack_newsletter_tier_id":0,"_jetpack_memberships_contains_paywalled_content":false,"_jetpack_memberships_contains_paid_content":false,"footnotes":"","jetpack_publicize_message":"","jetpack_publicize_feature_enabled":true,"jetpack_social_post_already_shared":false,"jetpack_social_options":{"image_generator_settings":{"template":"highway","default_image_id":0,"font":"","enabled":false},"version":2}},"categories":[21],"tags":[],"class_list":["post-46053","post","type-post","status-publish","format-standard","has-post-thumbnail","hentry","category-locales"],"aioseo_notices":[],"views":9,"jetpack_publicize_connections":[],"jetpack_featured_media_url":"https:\/\/i0.wp.com\/elterritorialweb.com.ar\/web\/wp-content\/uploads\/2022\/11\/WhatsApp-Image-2022-11-01-at-14.18.33.jpeg?fit=1237%2C936&ssl=1","jetpack_sharing_enabled":true,"_links":{"self":[{"href":"https:\/\/elterritorialweb.com.ar\/web\/wp-json\/wp\/v2\/posts\/46053","targetHints":{"allow":["GET"]}}],"collection":[{"href":"https:\/\/elterritorialweb.com.ar\/web\/wp-json\/wp\/v2\/posts"}],"about":[{"href":"https:\/\/elterritorialweb.com.ar\/web\/wp-json\/wp\/v2\/types\/post"}],"author":[{"embeddable":true,"href":"https:\/\/elterritorialweb.com.ar\/web\/wp-json\/wp\/v2\/users\/2"}],"replies":[{"embeddable":true,"href":"https:\/\/elterritorialweb.com.ar\/web\/wp-json\/wp\/v2\/comments?post=46053"}],"version-history":[{"count":2,"href":"https:\/\/elterritorialweb.com.ar\/web\/wp-json\/wp\/v2\/posts\/46053\/revisions"}],"predecessor-version":[{"id":46057,"href":"https:\/\/elterritorialweb.com.ar\/web\/wp-json\/wp\/v2\/posts\/46053\/revisions\/46057"}],"wp:featuredmedia":[{"embeddable":true,"href":"https:\/\/elterritorialweb.com.ar\/web\/wp-json\/wp\/v2\/media\/46054"}],"wp:attachment":[{"href":"https:\/\/elterritorialweb.com.ar\/web\/wp-json\/wp\/v2\/media?parent=46053"}],"wp:term":[{"taxonomy":"category","embeddable":true,"href":"https:\/\/elterritorialweb.com.ar\/web\/wp-json\/wp\/v2\/categories?post=46053"},{"taxonomy":"post_tag","embeddable":true,"href":"https:\/\/elterritorialweb.com.ar\/web\/wp-json\/wp\/v2\/tags?post=46053"}],"curies":[{"name":"wp","href":"https:\/\/api.w.org\/{rel}","templated":true}]}}