{"id":46058,"date":"2022-11-02T03:14:38","date_gmt":"2022-11-02T03:14:38","guid":{"rendered":"http:\/\/elterritorialweb.com.ar\/web\/?p=46058"},"modified":"2022-11-02T03:14:38","modified_gmt":"2022-11-02T03:14:38","slug":"ya-inscriben-al-primer-doctorado-que-dictara-humanidades","status":"publish","type":"post","link":"https:\/\/elterritorialweb.com.ar\/web\/ya-inscriben-al-primer-doctorado-que-dictara-humanidades\/","title":{"rendered":"YA INSCRIBEN AL PRIMER DOCTORADO QUE DICTAR\u00c1 HUMANIDADES"},"content":{"rendered":"\n<p>Adem\u00e1s de ser el primer doctorado que dictar\u00e1 esta Facultad, se trata de una iniciativa que tiene la particularidad de trabajar de manera conjunta con las universidades nacionales de Tucum\u00e1n, Catamarca y La Rioja.<br>El decano de Humanidades, Marcelino Ledesma, destac\u00f3 que \u201cesta propuesta de posgrado doctoral en red, se basa y potencia los desarrollos cient\u00edficos que en el campo de las humanidades y las ciencias sociales vienen haciendo estas universidades\u201d.<br>El doctorado se desarrollar\u00e1 de manera simult\u00e1nea en las diferentes sedes.<br>Cada doctorando deber\u00e1 realizar la inscripci\u00f3n en su lugar de residencia o en la sede m\u00e1s cercana, teniendo en cuenta que la sede de inscripci\u00f3n ser\u00e1 a su vez la sede acad\u00e9mica, administrativa y la que emitir\u00e1 el t\u00edtulo.<\/p>\n\n\n\n<figure class=\"wp-block-image size-large\"><a href=\"https:\/\/i0.wp.com\/elterritorialweb.com.ar\/web\/wp-content\/uploads\/2022\/11\/IMG-20221101-WA0059.jpg\"><img data-recalc-dims=\"1\" decoding=\"async\" width=\"640\" height=\"785\" data-src=\"https:\/\/i0.wp.com\/elterritorialweb.com.ar\/web\/wp-content\/uploads\/2022\/11\/IMG-20221101-WA0059.jpg?resize=640%2C785\" alt=\"\" class=\"wp-image-46060 lazyload\" data-srcset=\"https:\/\/i0.wp.com\/elterritorialweb.com.ar\/web\/wp-content\/uploads\/2022\/11\/IMG-20221101-WA0059.jpg?resize=835%2C1024&amp;ssl=1 835w, https:\/\/i0.wp.com\/elterritorialweb.com.ar\/web\/wp-content\/uploads\/2022\/11\/IMG-20221101-WA0059.jpg?resize=245%2C300&amp;ssl=1 245w, https:\/\/i0.wp.com\/elterritorialweb.com.ar\/web\/wp-content\/uploads\/2022\/11\/IMG-20221101-WA0059.jpg?resize=768%2C942&amp;ssl=1 768w, https:\/\/i0.wp.com\/elterritorialweb.com.ar\/web\/wp-content\/uploads\/2022\/11\/IMG-20221101-WA0059.jpg?resize=1024%2C1255&amp;ssl=1 1024w, https:\/\/i0.wp.com\/elterritorialweb.com.ar\/web\/wp-content\/uploads\/2022\/11\/IMG-20221101-WA0059.jpg?w=1044&amp;ssl=1 1044w\" data-sizes=\"(max-width: 640px) 100vw, 640px\" src=\"data:image\/svg+xml;base64,PHN2ZyB3aWR0aD0iMSIgaGVpZ2h0PSIxIiB4bWxucz0iaHR0cDovL3d3dy53My5vcmcvMjAwMC9zdmciPjwvc3ZnPg==\" style=\"--smush-placeholder-width: 640px; --smush-placeholder-aspect-ratio: 640\/785;\" \/><\/a><\/figure>\n\n\n\n<p>Por mayor informaci\u00f3n, los interesados pueden escribir a los correos electr\u00f3nicos de cada sede; en el caso de Santiago, es doctoradoenred.sde@gmail.com.<br>Mientras que el formulario de preinscripci\u00f3n es a trav\u00e9s del link: https:\/\/forms.gle\/iwGH4DcUiPbrbiCu5.<\/p>\n","protected":false},"excerpt":{"rendered":"<p>La Facultad de Humanidades abri\u00f3 las inscripciones del doctorado en Estudios Sociales y Pol\u00edticos Regionales.<\/p>\n","protected":false},"author":2,"featured_media":46059,"comment_status":"open","ping_status":"open","sticky":false,"template":"","format":"standard","meta":{"om_disable_all_campaigns":false,"_monsterinsights_skip_tracking":false,"_monsterinsights_sitenote_active":false,"_monsterinsights_sitenote_note":"","_monsterinsights_sitenote_category":0,"_uf_show_specific_survey":0,"_uf_disable_surveys":false,"jetpack_post_was_ever_published":false,"_jetpack_newsletter_access":"","_jetpack_dont_email_post_to_subs":false,"_jetpack_newsletter_tier_id":0,"_jetpack_memberships_contains_paywalled_content":false,"_jetpack_memberships_contains_paid_content":false,"footnotes":"","jetpack_publicize_message":"","jetpack_publicize_feature_enabled":true,"jetpack_social_post_already_shared":false,"jetpack_social_options":{"image_generator_settings":{"template":"highway","default_image_id":0,"font":"","enabled":false},"version":2}},"categories":[19],"tags":[],"class_list":["post-46058","post","type-post","status-publish","format-standard","has-post-thumbnail","hentry","category-educacion"],"aioseo_notices":[],"views":14,"jetpack_publicize_connections":[],"jetpack_featured_media_url":"https:\/\/i0.wp.com\/elterritorialweb.com.ar\/web\/wp-content\/uploads\/2022\/11\/HumanidadesFachada.jpg?fit=700%2C466&ssl=1","jetpack_sharing_enabled":true,"_links":{"self":[{"href":"https:\/\/elterritorialweb.com.ar\/web\/wp-json\/wp\/v2\/posts\/46058","targetHints":{"allow":["GET"]}}],"collection":[{"href":"https:\/\/elterritorialweb.com.ar\/web\/wp-json\/wp\/v2\/posts"}],"about":[{"href":"https:\/\/elterritorialweb.com.ar\/web\/wp-json\/wp\/v2\/types\/post"}],"author":[{"embeddable":true,"href":"https:\/\/elterritorialweb.com.ar\/web\/wp-json\/wp\/v2\/users\/2"}],"replies":[{"embeddable":true,"href":"https:\/\/elterritorialweb.com.ar\/web\/wp-json\/wp\/v2\/comments?post=46058"}],"version-history":[{"count":1,"href":"https:\/\/elterritorialweb.com.ar\/web\/wp-json\/wp\/v2\/posts\/46058\/revisions"}],"predecessor-version":[{"id":46061,"href":"https:\/\/elterritorialweb.com.ar\/web\/wp-json\/wp\/v2\/posts\/46058\/revisions\/46061"}],"wp:featuredmedia":[{"embeddable":true,"href":"https:\/\/elterritorialweb.com.ar\/web\/wp-json\/wp\/v2\/media\/46059"}],"wp:attachment":[{"href":"https:\/\/elterritorialweb.com.ar\/web\/wp-json\/wp\/v2\/media?parent=46058"}],"wp:term":[{"taxonomy":"category","embeddable":true,"href":"https:\/\/elterritorialweb.com.ar\/web\/wp-json\/wp\/v2\/categories?post=46058"},{"taxonomy":"post_tag","embeddable":true,"href":"https:\/\/elterritorialweb.com.ar\/web\/wp-json\/wp\/v2\/tags?post=46058"}],"curies":[{"name":"wp","href":"https:\/\/api.w.org\/{rel}","templated":true}]}}