{"id":46062,"date":"2022-11-02T05:48:33","date_gmt":"2022-11-02T05:48:33","guid":{"rendered":"http:\/\/elterritorialweb.com.ar\/web\/?p=46062"},"modified":"2022-11-02T05:48:35","modified_gmt":"2022-11-02T05:48:35","slug":"operativo-por-el-dia-de-los-santos-y-fieles-difuntos","status":"publish","type":"post","link":"https:\/\/elterritorialweb.com.ar\/web\/operativo-por-el-dia-de-los-santos-y-fieles-difuntos\/","title":{"rendered":"OPERATIVO POR EL D\u00cdA DE LOS SANTOS Y FIELES DIFUNTOS"},"content":{"rendered":"\n<p>Como es habitual en fechas especiales, la Municipalidad de la Capital program\u00f3 un operativo integral en el cementerio La Piedad, en esta oportunidad, por el D\u00eda de Todos los Santos y el D\u00eda de los Fieles Difuntos.<br>Ante la gran concurrencia de vecinos que se espera, la necr\u00f3polis abrir\u00e1 sus puertas en el horario corrido de 7:30 a 18 para el ingreso al p\u00fablico, mientras que el cierre para organizar la desconcentraci\u00f3n y salida de los visitantes est\u00e1 programado para las 19 horas.<br>Por su parte, el tradicional oficio religioso comenzar\u00e1 a las 10 horas el d\u00eda mi\u00e9rcoles en la capilla del predio.<br>Las tareas del municipio incluir\u00e1n el ordenamiento del tr\u00e1nsito vehicular tanto en los alrededores del cementerio como en sus calles internas. Adem\u00e1s, se montar\u00e1 un puesto sanitario en donde se brindar\u00e1n chequeos m\u00e9dicos generales a los asistentes que lo deseen.<br>Tambi\u00e9n se destinar\u00e1n guardias extraordinarias para la limpieza, desmalezamiento y fumigaci\u00f3n interna y externa de la necr\u00f3polis. Asimismo, con la colaboraci\u00f3n de efectivos de la Polic\u00eda de la Provincia, se reforzar\u00e1 la seguridad del lugar a lo largo de ambas jornadas.<br>Las reparticiones que participar\u00e1n del trabajo articulado son el personal del cementerio, Calidad de Vida, Salud, Servicios Urbanos, Electricidad y Parques y Paseos, entre otras \u00e1reas operativas.<\/p>\n","protected":false},"excerpt":{"rendered":"<p>La Municipalidad diagram\u00f3 un operativo especial en el Cementerio La Piedad,  por el D\u00eda de Todos los Santos y el D\u00eda de los Fieles Difuntos.<\/p>\n","protected":false},"author":2,"featured_media":46063,"comment_status":"open","ping_status":"open","sticky":false,"template":"","format":"standard","meta":{"om_disable_all_campaigns":false,"_monsterinsights_skip_tracking":false,"_monsterinsights_sitenote_active":false,"_monsterinsights_sitenote_note":"","_monsterinsights_sitenote_category":0,"_uf_show_specific_survey":0,"_uf_disable_surveys":false,"jetpack_post_was_ever_published":false,"_jetpack_newsletter_access":"","_jetpack_dont_email_post_to_subs":false,"_jetpack_newsletter_tier_id":0,"_jetpack_memberships_contains_paywalled_content":false,"_jetpack_memberships_contains_paid_content":false,"footnotes":"","jetpack_publicize_message":"","jetpack_publicize_feature_enabled":true,"jetpack_social_post_already_shared":false,"jetpack_social_options":{"image_generator_settings":{"template":"highway","default_image_id":0,"font":"","enabled":false},"version":2}},"categories":[21],"tags":[],"class_list":["post-46062","post","type-post","status-publish","format-standard","has-post-thumbnail","hentry","category-locales"],"aioseo_notices":[],"views":14,"jetpack_publicize_connections":[],"jetpack_featured_media_url":"https:\/\/i0.wp.com\/elterritorialweb.com.ar\/web\/wp-content\/uploads\/2022\/11\/la-piedad-operativo-nuevo.jpeg?fit=1280%2C750&ssl=1","jetpack_sharing_enabled":true,"_links":{"self":[{"href":"https:\/\/elterritorialweb.com.ar\/web\/wp-json\/wp\/v2\/posts\/46062","targetHints":{"allow":["GET"]}}],"collection":[{"href":"https:\/\/elterritorialweb.com.ar\/web\/wp-json\/wp\/v2\/posts"}],"about":[{"href":"https:\/\/elterritorialweb.com.ar\/web\/wp-json\/wp\/v2\/types\/post"}],"author":[{"embeddable":true,"href":"https:\/\/elterritorialweb.com.ar\/web\/wp-json\/wp\/v2\/users\/2"}],"replies":[{"embeddable":true,"href":"https:\/\/elterritorialweb.com.ar\/web\/wp-json\/wp\/v2\/comments?post=46062"}],"version-history":[{"count":1,"href":"https:\/\/elterritorialweb.com.ar\/web\/wp-json\/wp\/v2\/posts\/46062\/revisions"}],"predecessor-version":[{"id":46064,"href":"https:\/\/elterritorialweb.com.ar\/web\/wp-json\/wp\/v2\/posts\/46062\/revisions\/46064"}],"wp:featuredmedia":[{"embeddable":true,"href":"https:\/\/elterritorialweb.com.ar\/web\/wp-json\/wp\/v2\/media\/46063"}],"wp:attachment":[{"href":"https:\/\/elterritorialweb.com.ar\/web\/wp-json\/wp\/v2\/media?parent=46062"}],"wp:term":[{"taxonomy":"category","embeddable":true,"href":"https:\/\/elterritorialweb.com.ar\/web\/wp-json\/wp\/v2\/categories?post=46062"},{"taxonomy":"post_tag","embeddable":true,"href":"https:\/\/elterritorialweb.com.ar\/web\/wp-json\/wp\/v2\/tags?post=46062"}],"curies":[{"name":"wp","href":"https:\/\/api.w.org\/{rel}","templated":true}]}}