{"id":46065,"date":"2022-11-03T01:07:05","date_gmt":"2022-11-03T01:07:05","guid":{"rendered":"http:\/\/elterritorialweb.com.ar\/web\/?p=46065"},"modified":"2022-11-03T01:07:06","modified_gmt":"2022-11-03T01:07:06","slug":"turismo-lgbtiq-argentina-reafirma-su-liderazgo-regional-en-una-nueva-edicion-de-gnetwork-360","status":"publish","type":"post","link":"https:\/\/elterritorialweb.com.ar\/web\/turismo-lgbtiq-argentina-reafirma-su-liderazgo-regional-en-una-nueva-edicion-de-gnetwork-360\/","title":{"rendered":"TURISMO LGBTIQ+: ARGENTINA REAFIRMA SU LIDERAZGO REGIONAL EN UNA NUEVA EDICI\u00d3N DE GNETWORK 360"},"content":{"rendered":"\n<p>Comenz\u00f3 en Buenos Aires la\u00a0<strong>15\u00aa edici\u00f3n de GNetwork 360<\/strong>, la mayor conferencia de turismo y negocios LGBTIQ+ de Am\u00e9rica Latina. Con el objetivo de reafirmar su liderazgo en la regi\u00f3n y posicionar a\u00fan m\u00e1s la marca tur\u00edstica de Argentina, el\u00a0<strong>Instituto Nacional de Promoci\u00f3n Tur\u00edstica (INPROTUR)<\/strong>, bajo el liderazgo de su\u00a0<strong>Secretario Ejecutivo, Ricardo Sosa<\/strong>, asisti\u00f3 al acto de apertura y continuar\u00e1 con su presencia hasta el viernes, d\u00eda en que se celebra la cena de cierre.<br>\u00a0<br>Durante cuatro intensas jornadas, casi 70 disertantes internacionales y locales brindar\u00e1n su visi\u00f3n acerca de los trabajos dedicados al segmento\u00a0<strong>LGBTIQ+<\/strong>, con nuevas propuestas y testimonios de l\u00edderes en la materia en pos de generar a\u00fan m\u00e1s oportunidades dentro del sector tur\u00edstico.<br>\u00a0<br><em>\u201cLa GNetwork es un cl\u00e1sico de Argentina y de Am\u00e9rica Latina. Esto significa que el trabajo de a\u00f1os en conjunto con la CCGLAR dio excelentes resultados y posicion\u00f3 a nuestro pa\u00eds como un referente en materia de hospitalidad y respeto por la diversidad. Auguramos otra gran edici\u00f3n, con importantes testimonios de l\u00edderes internacionales que encuentran en Argentina un lugar ideal para el turismo LGBTIQ+\u201d<\/em>, indic\u00f3 Sosa.<br>\u00a0<br><strong>Hoy a las 18 el Director de Productos Tur\u00edsticos del INPROTUR, Pablo Sismanian, junto al Director de Mercados, Oscar Su\u00e1rez<\/strong>, expondr\u00e1n su presentaci\u00f3n llamada\u00a0<em><strong>Consolidando el liderazgo regional<\/strong><\/em>. All\u00ed explicar\u00e1n las estrategias y trabajos que el Instituto lleva adelante en pos de atraer a un segmento muy valioso para el receptivo nacional.<br>\u00a0<br>Tambi\u00e9n cabe se\u00f1alar que Argentina presentar\u00e1 en esta edici\u00f3n de GNetwork el proyecto de\u00a0<strong>Observatorio Econ\u00f3mico de Turismo LGBTIQ+\u00a0de Argentina<\/strong>, que trabajan conjuntamente INPROTUR, la UBA y CCGLAR, y tambi\u00e9n los Objetivos y Estrategias del Plan Operativo de INPROTUR para el Turismo LGBTIQ+.<\/p>\n","protected":false},"excerpt":{"rendered":"<p>El Secretario Ejecutivo del INPROTUR, Ricardo Sosa, particip\u00f3 del acto de apertura junto al ministro de Turismo y Deportes, Mat\u00edas Lammens, y el titular de la CAT, Gustavo Hani, del principal encuentro de Am\u00e9rica Latina de turismo y negocios dedicados al segmento.<\/p>\n","protected":false},"author":2,"featured_media":46066,"comment_status":"open","ping_status":"open","sticky":false,"template":"","format":"standard","meta":{"om_disable_all_campaigns":false,"_monsterinsights_skip_tracking":false,"_monsterinsights_sitenote_active":false,"_monsterinsights_sitenote_note":"","_monsterinsights_sitenote_category":0,"_uf_show_specific_survey":0,"_uf_disable_surveys":false,"jetpack_post_was_ever_published":false,"_jetpack_newsletter_access":"","_jetpack_dont_email_post_to_subs":false,"_jetpack_newsletter_tier_id":0,"_jetpack_memberships_contains_paywalled_content":false,"_jetpack_memberships_contains_paid_content":false,"footnotes":"","jetpack_publicize_message":"","jetpack_publicize_feature_enabled":true,"jetpack_social_post_already_shared":false,"jetpack_social_options":{"image_generator_settings":{"template":"highway","default_image_id":0,"font":"","enabled":false},"version":2}},"categories":[29],"tags":[],"class_list":["post-46065","post","type-post","status-publish","format-standard","has-post-thumbnail","hentry","category-turismo"],"aioseo_notices":[],"views":6,"jetpack_publicize_connections":[],"jetpack_featured_media_url":"https:\/\/i0.wp.com\/elterritorialweb.com.ar\/web\/wp-content\/uploads\/2022\/11\/sosa-inprotur.jpg?fit=1080%2C486&ssl=1","jetpack_sharing_enabled":true,"_links":{"self":[{"href":"https:\/\/elterritorialweb.com.ar\/web\/wp-json\/wp\/v2\/posts\/46065","targetHints":{"allow":["GET"]}}],"collection":[{"href":"https:\/\/elterritorialweb.com.ar\/web\/wp-json\/wp\/v2\/posts"}],"about":[{"href":"https:\/\/elterritorialweb.com.ar\/web\/wp-json\/wp\/v2\/types\/post"}],"author":[{"embeddable":true,"href":"https:\/\/elterritorialweb.com.ar\/web\/wp-json\/wp\/v2\/users\/2"}],"replies":[{"embeddable":true,"href":"https:\/\/elterritorialweb.com.ar\/web\/wp-json\/wp\/v2\/comments?post=46065"}],"version-history":[{"count":1,"href":"https:\/\/elterritorialweb.com.ar\/web\/wp-json\/wp\/v2\/posts\/46065\/revisions"}],"predecessor-version":[{"id":46067,"href":"https:\/\/elterritorialweb.com.ar\/web\/wp-json\/wp\/v2\/posts\/46065\/revisions\/46067"}],"wp:featuredmedia":[{"embeddable":true,"href":"https:\/\/elterritorialweb.com.ar\/web\/wp-json\/wp\/v2\/media\/46066"}],"wp:attachment":[{"href":"https:\/\/elterritorialweb.com.ar\/web\/wp-json\/wp\/v2\/media?parent=46065"}],"wp:term":[{"taxonomy":"category","embeddable":true,"href":"https:\/\/elterritorialweb.com.ar\/web\/wp-json\/wp\/v2\/categories?post=46065"},{"taxonomy":"post_tag","embeddable":true,"href":"https:\/\/elterritorialweb.com.ar\/web\/wp-json\/wp\/v2\/tags?post=46065"}],"curies":[{"name":"wp","href":"https:\/\/api.w.org\/{rel}","templated":true}]}}