{"id":46071,"date":"2022-11-03T02:23:02","date_gmt":"2022-11-03T02:23:02","guid":{"rendered":"http:\/\/elterritorialweb.com.ar\/web\/?p=46071"},"modified":"2022-11-03T02:23:03","modified_gmt":"2022-11-03T02:23:03","slug":"fernandez-en-moron-debemos-trabajar-en-conjunto-empresarios-estado-y-trabajadores","status":"publish","type":"post","link":"https:\/\/elterritorialweb.com.ar\/web\/fernandez-en-moron-debemos-trabajar-en-conjunto-empresarios-estado-y-trabajadores\/","title":{"rendered":"FERN\u00c1NDEZ EN MOR\u00d3N: \u00abDEBEMOS TRABAJAR EN CONJUNTO EMPRESARIOS, ESTADO Y TRABAJADORES\u00bb"},"content":{"rendered":"\n<p>\u00abLo que tenemos que lograr es que siga el consumo, que aumente la producci\u00f3n y que los argentinos reciban mejores ingresos. Esa es una tarea que debemos darnos en conjunto: empresarios, Estado, trabajadores\u00bb, destac\u00f3 el mandatario, en una reuni\u00f3n que mantuvo con empresarios y empresarias, acompa\u00f1ado por el ministro de Desarrollo Territorial y H\u00e1bitat, Santiago Maggiotti; y el intendente local, Lucas Ghi.<\/p>\n\n\n\n<p>En ese sentido el jefe de Estado afirm\u00f3 que \u201cArgentina necesita de estos empresarios, necesita de gente que crea en el pa\u00eds que invierta, que arriesgue, que d\u00e9 trabajo, que se comprometa con sus trabajadores. Eso lo hacen las PyMEs\u201d.<\/p>\n\n\n\n<figure class=\"wp-block-image size-large\"><a href=\"https:\/\/i0.wp.com\/elterritorialweb.com.ar\/web\/wp-content\/uploads\/2022\/11\/Moron1.jpg\"><img data-recalc-dims=\"1\" decoding=\"async\" width=\"640\" height=\"426\" data-src=\"https:\/\/i0.wp.com\/elterritorialweb.com.ar\/web\/wp-content\/uploads\/2022\/11\/Moron1.jpg?resize=640%2C426\" alt=\"\" class=\"wp-image-46072 lazyload\" data-srcset=\"https:\/\/i0.wp.com\/elterritorialweb.com.ar\/web\/wp-content\/uploads\/2022\/11\/Moron1.jpg?resize=1024%2C682&amp;ssl=1 1024w, https:\/\/i0.wp.com\/elterritorialweb.com.ar\/web\/wp-content\/uploads\/2022\/11\/Moron1.jpg?resize=300%2C200&amp;ssl=1 300w, https:\/\/i0.wp.com\/elterritorialweb.com.ar\/web\/wp-content\/uploads\/2022\/11\/Moron1.jpg?resize=768%2C512&amp;ssl=1 768w, https:\/\/i0.wp.com\/elterritorialweb.com.ar\/web\/wp-content\/uploads\/2022\/11\/Moron1.jpg?resize=1536%2C1024&amp;ssl=1 1536w, https:\/\/i0.wp.com\/elterritorialweb.com.ar\/web\/wp-content\/uploads\/2022\/11\/Moron1.jpg?w=1940&amp;ssl=1 1940w, https:\/\/i0.wp.com\/elterritorialweb.com.ar\/web\/wp-content\/uploads\/2022\/11\/Moron1.jpg?w=1280 1280w\" data-sizes=\"(max-width: 640px) 100vw, 640px\" src=\"data:image\/svg+xml;base64,PHN2ZyB3aWR0aD0iMSIgaGVpZ2h0PSIxIiB4bWxucz0iaHR0cDovL3d3dy53My5vcmcvMjAwMC9zdmciPjwvc3ZnPg==\" style=\"--smush-placeholder-width: 640px; --smush-placeholder-aspect-ratio: 640\/426;\" \/><\/a><\/figure>\n\n\n\n<p>\u201cLa tarea que tenemos que hacer es ver c\u00f3mo entre todos tomamos conciencia de que la inflaci\u00f3n nos hace da\u00f1o a todos y empezamos a trabajar juntos para contenerla\u201d expres\u00f3 el Presidente y agreg\u00f3: \u201cTambi\u00e9n para ver de qu\u00e9 modo distribuimos mejor lo que ganamos, para que los que viven de un sueldo les rinda m\u00e1s lo que ganan. Eso debemos hacerlo entre todos\u201d.<\/p>\n\n\n\n<p>Por su parte, el jefe comunal de Mor\u00f3n record\u00f3 sobre el proyecto habitacional que \u201clo hab\u00edamos so\u00f1ado hace m\u00e1s de siete a\u00f1os, logramos que el Estado nacional cediera las tierras en el 2015 para construir viviendas y garantizarles el techo a 600 familias. Pasaron cuatro a\u00f1os y la tierra qued\u00f3 ah\u00ed, sin ser desarrollada\u201d.<\/p>\n\n\n\n<figure class=\"wp-block-image size-large\"><a href=\"https:\/\/i0.wp.com\/elterritorialweb.com.ar\/web\/wp-content\/uploads\/2022\/11\/Moron3.jpg\"><img data-recalc-dims=\"1\" decoding=\"async\" width=\"640\" height=\"426\" data-src=\"https:\/\/i0.wp.com\/elterritorialweb.com.ar\/web\/wp-content\/uploads\/2022\/11\/Moron3.jpg?resize=640%2C426\" alt=\"\" class=\"wp-image-46074 lazyload\" data-srcset=\"https:\/\/i0.wp.com\/elterritorialweb.com.ar\/web\/wp-content\/uploads\/2022\/11\/Moron3.jpg?resize=1024%2C682&amp;ssl=1 1024w, https:\/\/i0.wp.com\/elterritorialweb.com.ar\/web\/wp-content\/uploads\/2022\/11\/Moron3.jpg?resize=300%2C200&amp;ssl=1 300w, https:\/\/i0.wp.com\/elterritorialweb.com.ar\/web\/wp-content\/uploads\/2022\/11\/Moron3.jpg?resize=768%2C512&amp;ssl=1 768w, https:\/\/i0.wp.com\/elterritorialweb.com.ar\/web\/wp-content\/uploads\/2022\/11\/Moron3.jpg?resize=1536%2C1024&amp;ssl=1 1536w, https:\/\/i0.wp.com\/elterritorialweb.com.ar\/web\/wp-content\/uploads\/2022\/11\/Moron3.jpg?w=1940&amp;ssl=1 1940w, https:\/\/i0.wp.com\/elterritorialweb.com.ar\/web\/wp-content\/uploads\/2022\/11\/Moron3.jpg?w=1280 1280w\" data-sizes=\"(max-width: 640px) 100vw, 640px\" src=\"data:image\/svg+xml;base64,PHN2ZyB3aWR0aD0iMSIgaGVpZ2h0PSIxIiB4bWxucz0iaHR0cDovL3d3dy53My5vcmcvMjAwMC9zdmciPjwvc3ZnPg==\" style=\"--smush-placeholder-width: 640px; --smush-placeholder-aspect-ratio: 640\/426;\" \/><\/a><\/figure>\n\n\n\n<p>\u201cCuando el presidente se hizo cargo en esta etapa, lo fui a ver y se lo plante\u00e9. Me acuerdo que fue el 2 de noviembre del 2020, hace dos a\u00f1os\u201d, relat\u00f3 Ghi, y concluy\u00f3: \u201cHoy estamos a cuatro meses de que se entreguen las primeras viviendas con el impacto que eso tiene, no solo para garantizar un derecho tan sensible como es el derecho a un hogar, sino tambi\u00e9n por el impacto positivo en la econom\u00eda local\u201d.<\/p>\n\n\n\n<p>En el inicio de la actividad, el presidente supervis\u00f3 el avance de las obras de un proyecto habitacional de 534 viviendas con infraestructura en servicios, calles y luminarias cuya construcci\u00f3n lleva adelante el Gobierno nacional, a trav\u00e9s del plan Procrear II, con una inversi\u00f3n prevista de m\u00e1s de 6.300 millones de pesos.<\/p>\n\n\n\n<figure class=\"wp-block-image size-large\"><a href=\"https:\/\/i0.wp.com\/elterritorialweb.com.ar\/web\/wp-content\/uploads\/2022\/11\/Moron4.jpg\"><img data-recalc-dims=\"1\" decoding=\"async\" width=\"640\" height=\"426\" data-src=\"https:\/\/i0.wp.com\/elterritorialweb.com.ar\/web\/wp-content\/uploads\/2022\/11\/Moron4.jpg?resize=640%2C426\" alt=\"\" class=\"wp-image-46075 lazyload\" data-srcset=\"https:\/\/i0.wp.com\/elterritorialweb.com.ar\/web\/wp-content\/uploads\/2022\/11\/Moron4.jpg?resize=1024%2C682&amp;ssl=1 1024w, https:\/\/i0.wp.com\/elterritorialweb.com.ar\/web\/wp-content\/uploads\/2022\/11\/Moron4.jpg?resize=300%2C200&amp;ssl=1 300w, https:\/\/i0.wp.com\/elterritorialweb.com.ar\/web\/wp-content\/uploads\/2022\/11\/Moron4.jpg?resize=768%2C512&amp;ssl=1 768w, https:\/\/i0.wp.com\/elterritorialweb.com.ar\/web\/wp-content\/uploads\/2022\/11\/Moron4.jpg?resize=1536%2C1024&amp;ssl=1 1536w, https:\/\/i0.wp.com\/elterritorialweb.com.ar\/web\/wp-content\/uploads\/2022\/11\/Moron4.jpg?w=1940&amp;ssl=1 1940w, https:\/\/i0.wp.com\/elterritorialweb.com.ar\/web\/wp-content\/uploads\/2022\/11\/Moron4.jpg?w=1280 1280w\" data-sizes=\"(max-width: 640px) 100vw, 640px\" src=\"data:image\/svg+xml;base64,PHN2ZyB3aWR0aD0iMSIgaGVpZ2h0PSIxIiB4bWxucz0iaHR0cDovL3d3dy53My5vcmcvMjAwMC9zdmciPjwvc3ZnPg==\" style=\"--smush-placeholder-width: 640px; --smush-placeholder-aspect-ratio: 640\/426;\" \/><\/a><\/figure>\n\n\n\n<p>Luego, el mandatario realiz\u00f3 una visita al Parque Industrial La Cant\u00e1brica, considerado un ejemplo de asociaci\u00f3n entre el Estado y el sector privado para desarrollar un proyecto industrial PyME, en el que avanza el proceso de ampliaci\u00f3n del predio en 7,8 hect\u00e1reas, lo que permitir\u00e1 incorporar nuevas industrias, fortalecer la producci\u00f3n y generar empleos, adem\u00e1s de atraer nuevas inversiones y promover las exportaciones contribuyendo al fortalecimiento de la econom\u00eda local.<\/p>\n\n\n\n<p>Dentro del Parque, el jefe de Estado recorri\u00f3 la planta de la empresa l\u00edder en fabricaci\u00f3n de bolsas de papel en Latinoam\u00e9rica Romipack, que cuenta con m\u00e1s de 1.500 clientes activos, nacionales e internacionales, adem\u00e1s de representaciones en Bolivia, Ecuador, M\u00e9xico, Per\u00fa y Uruguay. Emplazada en un predio de 17.000 metros cuadrados e inaugurada en el a\u00f1o 2000, la f\u00e1brica cuenta con la m\u00e1s alta tecnolog\u00eda disponible en el mercado internacional para la producci\u00f3n de bolsas de papel personalizadas y emplea a 230 personas.<\/p>\n\n\n\n<figure class=\"wp-block-image size-large\"><a href=\"https:\/\/i0.wp.com\/elterritorialweb.com.ar\/web\/wp-content\/uploads\/2022\/11\/Moron5.jpg\"><img data-recalc-dims=\"1\" decoding=\"async\" width=\"640\" height=\"426\" data-src=\"https:\/\/i0.wp.com\/elterritorialweb.com.ar\/web\/wp-content\/uploads\/2022\/11\/Moron5.jpg?resize=640%2C426\" alt=\"\" class=\"wp-image-46076 lazyload\" data-srcset=\"https:\/\/i0.wp.com\/elterritorialweb.com.ar\/web\/wp-content\/uploads\/2022\/11\/Moron5.jpg?resize=1024%2C682&amp;ssl=1 1024w, https:\/\/i0.wp.com\/elterritorialweb.com.ar\/web\/wp-content\/uploads\/2022\/11\/Moron5.jpg?resize=300%2C200&amp;ssl=1 300w, https:\/\/i0.wp.com\/elterritorialweb.com.ar\/web\/wp-content\/uploads\/2022\/11\/Moron5.jpg?resize=768%2C511&amp;ssl=1 768w, https:\/\/i0.wp.com\/elterritorialweb.com.ar\/web\/wp-content\/uploads\/2022\/11\/Moron5.jpg?resize=1536%2C1023&amp;ssl=1 1536w, https:\/\/i0.wp.com\/elterritorialweb.com.ar\/web\/wp-content\/uploads\/2022\/11\/Moron5.jpg?w=1940&amp;ssl=1 1940w, https:\/\/i0.wp.com\/elterritorialweb.com.ar\/web\/wp-content\/uploads\/2022\/11\/Moron5.jpg?w=1280 1280w\" data-sizes=\"(max-width: 640px) 100vw, 640px\" src=\"data:image\/svg+xml;base64,PHN2ZyB3aWR0aD0iMSIgaGVpZ2h0PSIxIiB4bWxucz0iaHR0cDovL3d3dy53My5vcmcvMjAwMC9zdmciPjwvc3ZnPg==\" style=\"--smush-placeholder-width: 640px; --smush-placeholder-aspect-ratio: 640\/426;\" \/><\/a><\/figure>\n\n\n\n<p>Acompa\u00f1aron al presidente el secretario General de la Presidencia, Julio Vitobello la portavoz de la Presidencia, Gabriela Cerruti; y el titular de ACUMAR, Mart\u00edn Sabatella<\/p>\n","protected":false},"excerpt":{"rendered":"<p>El presidente Alberto Fern\u00e1ndez recorri\u00f3 esta tarde en la ciudad de El Palomar, en el partido bonaerense de Mor\u00f3n, las obras en ejecuci\u00f3n de 534 viviendas del programa Procrear II, los trabajos de ampliaci\u00f3n del Parque Industrial La Cant\u00e1brica y la planta de la compa\u00f1\u00eda Romipack ubicada en ese predio.<\/p>\n","protected":false},"author":2,"featured_media":46073,"comment_status":"open","ping_status":"open","sticky":false,"template":"","format":"standard","meta":{"om_disable_all_campaigns":false,"_monsterinsights_skip_tracking":false,"_monsterinsights_sitenote_active":false,"_monsterinsights_sitenote_note":"","_monsterinsights_sitenote_category":0,"_uf_show_specific_survey":0,"_uf_disable_surveys":false,"jetpack_post_was_ever_published":false,"_jetpack_newsletter_access":"","_jetpack_dont_email_post_to_subs":false,"_jetpack_newsletter_tier_id":0,"_jetpack_memberships_contains_paywalled_content":false,"_jetpack_memberships_contains_paid_content":false,"footnotes":"","jetpack_publicize_message":"","jetpack_publicize_feature_enabled":true,"jetpack_social_post_already_shared":false,"jetpack_social_options":{"image_generator_settings":{"template":"highway","default_image_id":0,"font":"","enabled":false},"version":2}},"categories":[4,18],"tags":[],"class_list":["post-46071","post","type-post","status-publish","format-standard","has-post-thumbnail","hentry","category-destacadas","category-politica"],"aioseo_notices":[],"views":11,"jetpack_publicize_connections":[],"jetpack_featured_media_url":"https:\/\/i0.wp.com\/elterritorialweb.com.ar\/web\/wp-content\/uploads\/2022\/11\/Moron2.jpg?fit=1940%2C1293&ssl=1","jetpack_sharing_enabled":true,"_links":{"self":[{"href":"https:\/\/elterritorialweb.com.ar\/web\/wp-json\/wp\/v2\/posts\/46071","targetHints":{"allow":["GET"]}}],"collection":[{"href":"https:\/\/elterritorialweb.com.ar\/web\/wp-json\/wp\/v2\/posts"}],"about":[{"href":"https:\/\/elterritorialweb.com.ar\/web\/wp-json\/wp\/v2\/types\/post"}],"author":[{"embeddable":true,"href":"https:\/\/elterritorialweb.com.ar\/web\/wp-json\/wp\/v2\/users\/2"}],"replies":[{"embeddable":true,"href":"https:\/\/elterritorialweb.com.ar\/web\/wp-json\/wp\/v2\/comments?post=46071"}],"version-history":[{"count":1,"href":"https:\/\/elterritorialweb.com.ar\/web\/wp-json\/wp\/v2\/posts\/46071\/revisions"}],"predecessor-version":[{"id":46079,"href":"https:\/\/elterritorialweb.com.ar\/web\/wp-json\/wp\/v2\/posts\/46071\/revisions\/46079"}],"wp:featuredmedia":[{"embeddable":true,"href":"https:\/\/elterritorialweb.com.ar\/web\/wp-json\/wp\/v2\/media\/46073"}],"wp:attachment":[{"href":"https:\/\/elterritorialweb.com.ar\/web\/wp-json\/wp\/v2\/media?parent=46071"}],"wp:term":[{"taxonomy":"category","embeddable":true,"href":"https:\/\/elterritorialweb.com.ar\/web\/wp-json\/wp\/v2\/categories?post=46071"},{"taxonomy":"post_tag","embeddable":true,"href":"https:\/\/elterritorialweb.com.ar\/web\/wp-json\/wp\/v2\/tags?post=46071"}],"curies":[{"name":"wp","href":"https:\/\/api.w.org\/{rel}","templated":true}]}}