{"id":46080,"date":"2022-11-03T02:44:44","date_gmt":"2022-11-03T02:44:44","guid":{"rendered":"http:\/\/elterritorialweb.com.ar\/web\/?p=46080"},"modified":"2022-11-03T02:47:28","modified_gmt":"2022-11-03T02:47:28","slug":"comienza-la-aplicacion-del-tercer-refuerzo-de-la-vacuna-contra-el-covid-19","status":"publish","type":"post","link":"https:\/\/elterritorialweb.com.ar\/web\/comienza-la-aplicacion-del-tercer-refuerzo-de-la-vacuna-contra-el-covid-19\/","title":{"rendered":"COMIENZA LA APLICACI\u00d3N DEL TERCER REFUERZO DE LA VACUNA CONTRA EL COVID-19"},"content":{"rendered":"\n<p>El Ministerio de Salud informa que desde este jueves estar\u00e1 disponible el tercer refuerzo contra el Covid 19 en todas las Upas, hospitales y vacunatorios permanentes de la provincia.<br>Est\u00e1 destinado para quienes hayan recibido su segundo refuerzo hace al menos 4 meses, y tendr\u00e1n prioridad las personas mayores de 12 a\u00f1os con inmunocompromiso; las mayores de 50 a\u00f1os y el personal de salud.<br>Tambi\u00e9n se podr\u00e1n aplicar el primer y segundo refuerzo.<\/p>\n","protected":false},"excerpt":{"rendered":"<p>Desde este jueves, comenzar\u00e1n a aplicar el tercer refuerzo de la vacuna contra el coronavirus en los distintos vacunatorios permanentes de la provincia.<\/p>\n","protected":false},"author":2,"featured_media":33280,"comment_status":"open","ping_status":"open","sticky":false,"template":"","format":"standard","meta":{"om_disable_all_campaigns":false,"_monsterinsights_skip_tracking":false,"_monsterinsights_sitenote_active":false,"_monsterinsights_sitenote_note":"","_monsterinsights_sitenote_category":0,"_uf_show_specific_survey":0,"_uf_disable_surveys":false,"jetpack_post_was_ever_published":false,"_jetpack_newsletter_access":"","_jetpack_dont_email_post_to_subs":false,"_jetpack_newsletter_tier_id":0,"_jetpack_memberships_contains_paywalled_content":false,"_jetpack_memberships_contains_paid_content":false,"footnotes":"","jetpack_publicize_message":"","jetpack_publicize_feature_enabled":true,"jetpack_social_post_already_shared":false,"jetpack_social_options":{"image_generator_settings":{"template":"highway","default_image_id":0,"font":"","enabled":false},"version":2}},"categories":[3],"tags":[],"class_list":["post-46080","post","type-post","status-publish","format-standard","has-post-thumbnail","hentry","category-salud"],"aioseo_notices":[],"views":9,"jetpack_publicize_connections":[],"jetpack_featured_media_url":"https:\/\/i0.wp.com\/elterritorialweb.com.ar\/web\/wp-content\/uploads\/2022\/01\/Vacunacion_Covid19.jpg?fit=803%2C573&ssl=1","jetpack_sharing_enabled":true,"_links":{"self":[{"href":"https:\/\/elterritorialweb.com.ar\/web\/wp-json\/wp\/v2\/posts\/46080","targetHints":{"allow":["GET"]}}],"collection":[{"href":"https:\/\/elterritorialweb.com.ar\/web\/wp-json\/wp\/v2\/posts"}],"about":[{"href":"https:\/\/elterritorialweb.com.ar\/web\/wp-json\/wp\/v2\/types\/post"}],"author":[{"embeddable":true,"href":"https:\/\/elterritorialweb.com.ar\/web\/wp-json\/wp\/v2\/users\/2"}],"replies":[{"embeddable":true,"href":"https:\/\/elterritorialweb.com.ar\/web\/wp-json\/wp\/v2\/comments?post=46080"}],"version-history":[{"count":1,"href":"https:\/\/elterritorialweb.com.ar\/web\/wp-json\/wp\/v2\/posts\/46080\/revisions"}],"predecessor-version":[{"id":46081,"href":"https:\/\/elterritorialweb.com.ar\/web\/wp-json\/wp\/v2\/posts\/46080\/revisions\/46081"}],"wp:featuredmedia":[{"embeddable":true,"href":"https:\/\/elterritorialweb.com.ar\/web\/wp-json\/wp\/v2\/media\/33280"}],"wp:attachment":[{"href":"https:\/\/elterritorialweb.com.ar\/web\/wp-json\/wp\/v2\/media?parent=46080"}],"wp:term":[{"taxonomy":"category","embeddable":true,"href":"https:\/\/elterritorialweb.com.ar\/web\/wp-json\/wp\/v2\/categories?post=46080"},{"taxonomy":"post_tag","embeddable":true,"href":"https:\/\/elterritorialweb.com.ar\/web\/wp-json\/wp\/v2\/tags?post=46080"}],"curies":[{"name":"wp","href":"https:\/\/api.w.org\/{rel}","templated":true}]}}