{"id":46082,"date":"2022-11-03T02:56:31","date_gmt":"2022-11-03T02:56:31","guid":{"rendered":"http:\/\/elterritorialweb.com.ar\/web\/?p=46082"},"modified":"2022-11-03T02:56:32","modified_gmt":"2022-11-03T02:56:32","slug":"turismo-de-santiago-participo-de-las-jornadas-federales-de-calidad-y-formacion-en-chapadmalal","status":"publish","type":"post","link":"https:\/\/elterritorialweb.com.ar\/web\/turismo-de-santiago-participo-de-las-jornadas-federales-de-calidad-y-formacion-en-chapadmalal\/","title":{"rendered":"TURISMO DE SANTIAGO PARTICIP\u00d3 DE LAS JORNADAS FEDERALES DE CALIDAD Y FORMACI\u00d3N EN CHAPADMALAL"},"content":{"rendered":"\n<p>Santiago del Estero particip\u00f3 a trav\u00e9s del \u00e1rea de Capacitaci\u00f3n de la Subsecretar\u00eda de Turismo, para seguir avanzando en la calidad de los servicios del destino.<br>Estas jornadas tuvieron como objetivo generar espacios de concertaci\u00f3n con las y los representantes del sector tur\u00edstico con el prop\u00f3sito de construir mecanismos de gesti\u00f3n innovadores, descentralizados y cercanos a las necesidades y requerimientos de los diversos actores vinculados a la actividad.<br>Para abordar esos temas se realizaron en ambas jornadas diferentes talleres y paneles integrados por autoridades del sector p\u00fablico y privado de la actividad tur\u00edstica, referentes t\u00e9cnicos de todas las provincias, sector acad\u00e9mico y especialistas en las tem\u00e1ticas.<br>Algunos de los temas que se desarrollaron fueron: La ruta natural, sello agencias, n\u00f3made digital, etnoturismo, sello formar, taller de creatividad e innovaci\u00f3n y taller de comunicaci\u00f3n de alto impacto.<\/p>\n","protected":false},"excerpt":{"rendered":"<p>Los d\u00edas 1 y 2 de noviembre en la localidad de Chapadmalal se realizaron las Jornadas Federales de Calidad y Formaci\u00f3n que llevan adelante el Ministerio de Turismo y Deportes de la Naci\u00f3n, en conjunto con la Subsecretar\u00eda de Turismo de la provincia de Buenos Aires.<\/p>\n","protected":false},"author":2,"featured_media":46083,"comment_status":"open","ping_status":"open","sticky":false,"template":"","format":"standard","meta":{"om_disable_all_campaigns":false,"_monsterinsights_skip_tracking":false,"_monsterinsights_sitenote_active":false,"_monsterinsights_sitenote_note":"","_monsterinsights_sitenote_category":0,"_uf_show_specific_survey":0,"_uf_disable_surveys":false,"jetpack_post_was_ever_published":false,"_jetpack_newsletter_access":"","_jetpack_dont_email_post_to_subs":false,"_jetpack_newsletter_tier_id":0,"_jetpack_memberships_contains_paywalled_content":false,"_jetpack_memberships_contains_paid_content":false,"footnotes":"","jetpack_publicize_message":"","jetpack_publicize_feature_enabled":true,"jetpack_social_post_already_shared":false,"jetpack_social_options":{"image_generator_settings":{"template":"highway","default_image_id":0,"font":"","enabled":false},"version":2}},"categories":[29],"tags":[],"class_list":["post-46082","post","type-post","status-publish","format-standard","has-post-thumbnail","hentry","category-turismo"],"aioseo_notices":[],"views":11,"jetpack_publicize_connections":[],"jetpack_featured_media_url":"https:\/\/i0.wp.com\/elterritorialweb.com.ar\/web\/wp-content\/uploads\/2022\/11\/WhatsApp-Image-2022-11-02-at-20.17.57.jpeg?fit=1600%2C1200&ssl=1","jetpack_sharing_enabled":true,"_links":{"self":[{"href":"https:\/\/elterritorialweb.com.ar\/web\/wp-json\/wp\/v2\/posts\/46082","targetHints":{"allow":["GET"]}}],"collection":[{"href":"https:\/\/elterritorialweb.com.ar\/web\/wp-json\/wp\/v2\/posts"}],"about":[{"href":"https:\/\/elterritorialweb.com.ar\/web\/wp-json\/wp\/v2\/types\/post"}],"author":[{"embeddable":true,"href":"https:\/\/elterritorialweb.com.ar\/web\/wp-json\/wp\/v2\/users\/2"}],"replies":[{"embeddable":true,"href":"https:\/\/elterritorialweb.com.ar\/web\/wp-json\/wp\/v2\/comments?post=46082"}],"version-history":[{"count":1,"href":"https:\/\/elterritorialweb.com.ar\/web\/wp-json\/wp\/v2\/posts\/46082\/revisions"}],"predecessor-version":[{"id":46084,"href":"https:\/\/elterritorialweb.com.ar\/web\/wp-json\/wp\/v2\/posts\/46082\/revisions\/46084"}],"wp:featuredmedia":[{"embeddable":true,"href":"https:\/\/elterritorialweb.com.ar\/web\/wp-json\/wp\/v2\/media\/46083"}],"wp:attachment":[{"href":"https:\/\/elterritorialweb.com.ar\/web\/wp-json\/wp\/v2\/media?parent=46082"}],"wp:term":[{"taxonomy":"category","embeddable":true,"href":"https:\/\/elterritorialweb.com.ar\/web\/wp-json\/wp\/v2\/categories?post=46082"},{"taxonomy":"post_tag","embeddable":true,"href":"https:\/\/elterritorialweb.com.ar\/web\/wp-json\/wp\/v2\/tags?post=46082"}],"curies":[{"name":"wp","href":"https:\/\/api.w.org\/{rel}","templated":true}]}}