{"id":46085,"date":"2022-11-03T03:07:19","date_gmt":"2022-11-03T03:07:19","guid":{"rendered":"http:\/\/elterritorialweb.com.ar\/web\/?p=46085"},"modified":"2022-11-03T03:07:20","modified_gmt":"2022-11-03T03:07:20","slug":"gabriel-acosta-canta-santiago-es-semilla-de-vida","status":"publish","type":"post","link":"https:\/\/elterritorialweb.com.ar\/web\/gabriel-acosta-canta-santiago-es-semilla-de-vida\/","title":{"rendered":"GABRIEL ACOSTA CANTA \u00abSANTIAGO ES SEMILLA DE VIDA\u00bb"},"content":{"rendered":"\n<p>Gabriel Acosta carga con el linaje musical, por su padre y abuelo. De peque\u00f1o los sonidos forman parte de su rutina. Esa habilidad adquirida la profesionaliz\u00f3 en 2008, cuando integr\u00f3 la primera agrupaci\u00f3n.<\/p>\n\n\n\n<p>Tras a\u00f1os de caminos, que incluyen escenarios, grupos, discos, canciones; el 2022 lo finaliza con esta gran presentaci\u00f3n.<br>El viernes 11 de noviembre por primera vez su voz se alza en el principal coliseo provincial.<\/p>\n\n\n\n<p>Desde las 21.30 horas presenta la propuesta con una diversidad de artistas invitados, en una noche titulada \u201cSantiago es Semilla de Vida\u201d.<\/p>\n\n\n\n<h3 class=\"wp-block-heading\">Proyectos<\/h3>\n\n\n\n<p>Asimismo, en paralelo a la preparaci\u00f3n del teatro, trabaja en un nuevo material discogr\u00e1fico. Tras haber editado el pasado a\u00f1o su inicial videoclip \u201cSombra Enamorada\u201d -el cual se encuentra en todas las plataformas digitales-, Gabriel propone en su pr\u00f3ximo proyecto una transformaci\u00f3n del pensamiento donde impulsa la simpleza de conocer el alma, y sentir el amor como \u00fanica soluci\u00f3n para el futuro.<\/p>\n\n\n\n<p>\u201cMis proyectos nunca han deca\u00eddo, siempre he pensado en seguir creciendo desde el silencio de mi casa y las personas que se van cruzando para poder encontrarme conmigo mismo. Quiero comenzar a grabar todas las canciones que tengo en la gatera y encarar un nuevo videoclip con los compa\u00f1eros que est\u00e1n presentes.<\/p>\n\n\n\n<p>La pandemia termin\u00f3 de definir lo que queremos y lo que vinimos a realizar en este plano terrenal\u201d, afirma Acosta respecto a este futuro mediato.<\/p>\n\n\n\n<h3 class=\"wp-block-heading\">Solista<\/h3>\n\n\n\n<p>En su etapa como solista, desde el alejamiento de \u201cDelestero\u201d \u2013 \u00faltimo grupo- que lo integr\u00f3 desde el 2013 con amigos y hermanos del camino c\u00f3mo Ailin Navarrete y Emiliano Fr\u00edas, estuvo marcado de canciones propias tal cu\u00e1l sucede en la actualidad.<\/p>\n\n\n\n<p>\u201cCanciones viejas y las escritas a pu\u00f1o y letra, es el rumbo. Siempre acompa\u00f1ado de los amigos, que son pilares del crecimiento art\u00edstico\u201d, manifiesta el joven cantor.<\/p>\n\n\n\n<p>Algunos de los escenarios en los cuales particip\u00f3 se destacan el \u201cFestival del Artesano\u201d, \u201cFestival del Carb\u00f3n\u201d, \u201cFestival De La Salamanca\u201d, \u201cFestival de la Chacarera\u201d, Festival Artesanal en Sunchales (Santa Fe)\u201d, \u201cFestival de Sarmiento\u201d (Santa Fe,) \u201cFestival de Jes\u00fas Mar\u00eda\u201d, \u201cFiesta del Violinero\u201d, \u201cFiesta de Los Carabajal\u201d, \u201cPe\u00f1as en Cosquin\u201d y un sin fin de lugares que lo llevaron a recorrer el pa\u00eds entero.<\/p>\n\n\n\n<p>En el 2013 fue particip\u00e9 del primer disco de su carrera, que lo hizo con \u201cDelestero\u201d. Se llam\u00f3 \u00abElemento y Creaci\u00f3n\u201d. Luego en el 2019 se sum\u00f3 a la gira por Italia durante todo el mes de julio en distintos festivales internacionales de m\u00fasica y danza.<\/p>\n\n\n\n<p>C\u00f3mo una semilla que va creciendo, desde \u201cLa Legi\u00f3n\u201d en 2008, \u201cDelestero\u201d en 2013, a su propuesta como solista; Gaby mostrar\u00e1 11 de noviembre toda esa energ\u00eda en una noche para enamorar.<\/p>\n\n\n\n<h3 class=\"wp-block-heading\">Redes<\/h3>\n\n\n\n<p>Facebook https:\/\/www.facebook.com\/gabi.acosta.03<\/p>\n\n\n\n<p>Instagram https:\/\/instagram.com\/gabriel_acosta.03?igshid=YmMyMTA2M2Y=<\/p>\n\n\n\n<p>Youtube https:\/\/youtube.com\/channel\/UCc8_n1yUcX8FBVwq15SHFBA<\/p>\n","protected":false},"excerpt":{"rendered":"<p>El cantautor santiague\u00f1o presenta con este t\u00edtulo su recital primer recital solista en el Teatro 25 de Mayo.  <\/p>\n","protected":false},"author":2,"featured_media":46086,"comment_status":"open","ping_status":"open","sticky":false,"template":"","format":"standard","meta":{"om_disable_all_campaigns":false,"_monsterinsights_skip_tracking":false,"_monsterinsights_sitenote_active":false,"_monsterinsights_sitenote_note":"","_monsterinsights_sitenote_category":0,"_uf_show_specific_survey":0,"_uf_disable_surveys":false,"jetpack_post_was_ever_published":false,"_jetpack_newsletter_access":"","_jetpack_dont_email_post_to_subs":false,"_jetpack_newsletter_tier_id":0,"_jetpack_memberships_contains_paywalled_content":false,"_jetpack_memberships_contains_paid_content":false,"footnotes":"","jetpack_publicize_message":"","jetpack_publicize_feature_enabled":true,"jetpack_social_post_already_shared":false,"jetpack_social_options":{"image_generator_settings":{"template":"highway","default_image_id":0,"font":"","enabled":false},"version":2}},"categories":[20],"tags":[],"class_list":["post-46085","post","type-post","status-publish","format-standard","has-post-thumbnail","hentry","category-especysociales"],"aioseo_notices":[],"views":32,"jetpack_publicize_connections":[],"jetpack_featured_media_url":"https:\/\/i0.wp.com\/elterritorialweb.com.ar\/web\/wp-content\/uploads\/2022\/11\/WhatsApp-Image-2022-11-02-at-19.05.36.jpeg?fit=1368%2C912&ssl=1","jetpack_sharing_enabled":true,"_links":{"self":[{"href":"https:\/\/elterritorialweb.com.ar\/web\/wp-json\/wp\/v2\/posts\/46085","targetHints":{"allow":["GET"]}}],"collection":[{"href":"https:\/\/elterritorialweb.com.ar\/web\/wp-json\/wp\/v2\/posts"}],"about":[{"href":"https:\/\/elterritorialweb.com.ar\/web\/wp-json\/wp\/v2\/types\/post"}],"author":[{"embeddable":true,"href":"https:\/\/elterritorialweb.com.ar\/web\/wp-json\/wp\/v2\/users\/2"}],"replies":[{"embeddable":true,"href":"https:\/\/elterritorialweb.com.ar\/web\/wp-json\/wp\/v2\/comments?post=46085"}],"version-history":[{"count":1,"href":"https:\/\/elterritorialweb.com.ar\/web\/wp-json\/wp\/v2\/posts\/46085\/revisions"}],"predecessor-version":[{"id":46087,"href":"https:\/\/elterritorialweb.com.ar\/web\/wp-json\/wp\/v2\/posts\/46085\/revisions\/46087"}],"wp:featuredmedia":[{"embeddable":true,"href":"https:\/\/elterritorialweb.com.ar\/web\/wp-json\/wp\/v2\/media\/46086"}],"wp:attachment":[{"href":"https:\/\/elterritorialweb.com.ar\/web\/wp-json\/wp\/v2\/media?parent=46085"}],"wp:term":[{"taxonomy":"category","embeddable":true,"href":"https:\/\/elterritorialweb.com.ar\/web\/wp-json\/wp\/v2\/categories?post=46085"},{"taxonomy":"post_tag","embeddable":true,"href":"https:\/\/elterritorialweb.com.ar\/web\/wp-json\/wp\/v2\/tags?post=46085"}],"curies":[{"name":"wp","href":"https:\/\/api.w.org\/{rel}","templated":true}]}}