{"id":46088,"date":"2022-11-03T03:23:48","date_gmt":"2022-11-03T03:23:48","guid":{"rendered":"http:\/\/elterritorialweb.com.ar\/web\/?p=46088"},"modified":"2022-11-03T03:23:49","modified_gmt":"2022-11-03T03:23:49","slug":"el-anime-llega-al-renzi-de-la-mano-de-one-piece-film-red","status":"publish","type":"post","link":"https:\/\/elterritorialweb.com.ar\/web\/el-anime-llega-al-renzi-de-la-mano-de-one-piece-film-red\/","title":{"rendered":"EL ANIME LLEGA AL RENZI DE LA MANO DE \u00abONE PIECE FILM RED\u00bb"},"content":{"rendered":"\n<p>Es el decimoquinto largometraje de la\u00a0serie de pel\u00edculas de\u00a0One Piece, basado en el manga y anime del\u00a0mismo nombre\u00a0escrito e ilustrado por\u00a0Eiichiro Oda.<br>Uta, la cantante m\u00e1s querida del mundo cuya voz ha sido descrita como \u00abde otro mundo\u00bb, es famosa por ocultar su propia identidad cuando act\u00faa. Ahora, por primera vez, se revelar\u00e1 al mundo en un concierto en vivo. Con la Marina observando de cerca, el lugar se llena de fan\u00e1ticos de Uta, incluidos piratas emocionados y los Sombreros de Paja liderados por Luffy, que simplemente vinieron a disfrutar de su actuaci\u00f3n sonora, todos esperando ansiosamente la voz que todo el mundo ha estado esperando para resonar. La historia comienza con la impactante revelaci\u00f3n de que ella es la hija del enigm\u00e1tico Shanks. La misma podr\u00e1 verse en los horarios de las 16 y 19:45.<br>\u00abBlack Adam\u00bb casi 5.000 a\u00f1os despu\u00e9s de haber sido dotado de los poderes omnipotentes de los antiguos dioses -y encarcelado con la misma rapidez-, Black Adam (Johnson) es liberado de su tumba terrenal, listo para desatar su forma \u00fanica de justicia en el mundo moderno.<br>Del g\u00e9nero de terror \u00abAscensor del diablo\u00bb cuenta que una universitaria claustrof\u00f3bica investiga la desaparici\u00f3n de su mejor amiga, a la que vieron por \u00faltima vez en un ascensor espeluznante. Se proyectar\u00e1 en el horario de las 00:00.<br>Como parte del Espacio Incaa , \u00abEl paraiso\u00bb se centra en\u00a0 Rosario a\u00f1o 1926 donde Magdalena y Anna Scilko, junto a un grupo de mujeres del viejo continente, llegan a la ciudad con la esperanza de un futuro mejor escapando de la post guerra. Pero nada saldr\u00e1 como lo hab\u00edan imaginado. Al bajar del barco ser\u00e1n secuestradas por Los Abramov, una familia que opera como\u00a0organizaci\u00f3n criminal, y maneja la red de prost\u00edbulos m\u00e1s importante de la ciudad. La pel\u00edcula, que se encuentra en producci\u00f3n bajo la direcci\u00f3n de Fernando Sirianni y Federico Breser, cuenta con las voces de Norma Aleandro, Nicol\u00e1s Furtado, Maite Lanata, Jorge Marrale, Alejandro Awada, Juana Viale y Fabio Posca, entre otros importantes actores.<br>Ser\u00e1 proyectada en el \u00fanico horario de las 18.<br>Las entradas generales tienen un costo de $600 por persona y una promoci\u00f3n vigente de lunes a mi\u00e9rcoles de dos entradas por $900.<\/p>\n","protected":false},"excerpt":{"rendered":"<p>El Cine Renzi renueva su cartelera hasta el mi\u00e9rcoles 9 con la presentaci\u00f3n de \u201cOne piece film red \u201duna pel\u00edcula de anime de acci\u00f3n y aventura de fantas\u00eda dirigida por Gor\u014d Taniguchi y producida por Toei Animation.\u200b<\/p>\n","protected":false},"author":2,"featured_media":46089,"comment_status":"open","ping_status":"open","sticky":false,"template":"","format":"standard","meta":{"om_disable_all_campaigns":false,"_monsterinsights_skip_tracking":false,"_monsterinsights_sitenote_active":false,"_monsterinsights_sitenote_note":"","_monsterinsights_sitenote_category":0,"_uf_show_specific_survey":0,"_uf_disable_surveys":false,"jetpack_post_was_ever_published":false,"_jetpack_newsletter_access":"","_jetpack_dont_email_post_to_subs":false,"_jetpack_newsletter_tier_id":0,"_jetpack_memberships_contains_paywalled_content":false,"_jetpack_memberships_contains_paid_content":false,"footnotes":"","jetpack_publicize_message":"","jetpack_publicize_feature_enabled":true,"jetpack_social_post_already_shared":false,"jetpack_social_options":{"image_generator_settings":{"template":"highway","default_image_id":0,"font":"","enabled":false},"version":2}},"categories":[20],"tags":[],"class_list":["post-46088","post","type-post","status-publish","format-standard","has-post-thumbnail","hentry","category-especysociales"],"aioseo_notices":[],"views":8,"jetpack_publicize_connections":[],"jetpack_featured_media_url":"https:\/\/i0.wp.com\/elterritorialweb.com.ar\/web\/wp-content\/uploads\/2022\/11\/image.png?fit=1200%2C675&ssl=1","jetpack_sharing_enabled":true,"_links":{"self":[{"href":"https:\/\/elterritorialweb.com.ar\/web\/wp-json\/wp\/v2\/posts\/46088","targetHints":{"allow":["GET"]}}],"collection":[{"href":"https:\/\/elterritorialweb.com.ar\/web\/wp-json\/wp\/v2\/posts"}],"about":[{"href":"https:\/\/elterritorialweb.com.ar\/web\/wp-json\/wp\/v2\/types\/post"}],"author":[{"embeddable":true,"href":"https:\/\/elterritorialweb.com.ar\/web\/wp-json\/wp\/v2\/users\/2"}],"replies":[{"embeddable":true,"href":"https:\/\/elterritorialweb.com.ar\/web\/wp-json\/wp\/v2\/comments?post=46088"}],"version-history":[{"count":1,"href":"https:\/\/elterritorialweb.com.ar\/web\/wp-json\/wp\/v2\/posts\/46088\/revisions"}],"predecessor-version":[{"id":46090,"href":"https:\/\/elterritorialweb.com.ar\/web\/wp-json\/wp\/v2\/posts\/46088\/revisions\/46090"}],"wp:featuredmedia":[{"embeddable":true,"href":"https:\/\/elterritorialweb.com.ar\/web\/wp-json\/wp\/v2\/media\/46089"}],"wp:attachment":[{"href":"https:\/\/elterritorialweb.com.ar\/web\/wp-json\/wp\/v2\/media?parent=46088"}],"wp:term":[{"taxonomy":"category","embeddable":true,"href":"https:\/\/elterritorialweb.com.ar\/web\/wp-json\/wp\/v2\/categories?post=46088"},{"taxonomy":"post_tag","embeddable":true,"href":"https:\/\/elterritorialweb.com.ar\/web\/wp-json\/wp\/v2\/tags?post=46088"}],"curies":[{"name":"wp","href":"https:\/\/api.w.org\/{rel}","templated":true}]}}