{"id":46091,"date":"2022-11-04T01:53:49","date_gmt":"2022-11-04T01:53:49","guid":{"rendered":"http:\/\/elterritorialweb.com.ar\/web\/?p=46091"},"modified":"2022-11-04T02:54:31","modified_gmt":"2022-11-04T02:54:31","slug":"invitan-a-la-expo-anime-cube-mega-2022-en-el-nodo-tecnologico","status":"publish","type":"post","link":"https:\/\/elterritorialweb.com.ar\/web\/invitan-a-la-expo-anime-cube-mega-2022-en-el-nodo-tecnologico\/","title":{"rendered":"INVITAN A LA EXPO ANIM\u00c9 CUBE MEGA 2022, EN EL NODO TECNOL\u00d3GICO"},"content":{"rendered":"\n<p>Contar\u00e1 con stands con dibujantes en vivo, comics, historietas, venta de merchandising, elementos e insumos de videojuegos, clases de dibujo, juegos interactivos y dem\u00e1s atractivos propios del anim\u00e9. Tambi\u00e9n habr\u00e1 concursos de cosplay, canto y dibujo con importantes premios en efectivo.<\/p>\n\n\n\n<p>La invitaci\u00f3n fue realizada por el director de Gesti\u00f3n P\u00fablica del Nodo Tecnol\u00f3gico, Ricardo Montenegro, junto con los organizadores de la expo, Facundo Tijera y Amad\u00edsFarina, y la cosplayerAthina \u201cPanquesito\u201d Ducca.<\/p>\n\n\n\n<p>Montenegro resalt\u00f3 que el evento \u201ceste a\u00f1o va a tener muchas sorpresas, porque la idea es que todos puedan venir a compartir un momento con los fan\u00e1ticos de los comics, del anim\u00e9 y del cosplay\u201d.<\/p>\n\n\n\n<p>A su turno,&nbsp; Facundo Tijera explic\u00f3 que \u201cesta expo re\u00fane a toda la cultura pop en general como el g\u00e9nero fant\u00e1stico, comics, anime y videojuegos. Habr\u00e1 m\u00e1s de 60 stands a nivel nacional, 15 artistas que dir\u00e1n presente en esta edici\u00f3n. La entrada anticipada cuesta $ 900 y los ni\u00f1os menores de 6 a\u00f1os y personas con discapacidad tendr\u00e1n la entrada gratuita\u201d.<\/p>\n\n\n\n<p>Por su parte, AmadisFarina coment\u00f3 sobre el torneo de videojuegos. \u201cVamos a estar realizando un torneo muy importante con PC de \u00faltima generaci\u00f3n donde participar\u00e1n jugadores de alto nivel en juegos como league of legends y counter strikes, tuvimos 160 inscriptos, la concurrencia fue incre\u00edble\u201d, anticip\u00f3.<\/p>\n\n\n\n<p>Por \u00faltimo, AthinaDucca, que ser\u00e1 parte del jurado, dijo que \u201cen este concurso de cosplay los participantes deben vestirse e interpretar un personaje de una pel\u00edcula, \u00e1nime, videojuego o comics\u201d.<\/p>\n","protected":false},"excerpt":{"rendered":"<p>Este s\u00e1bado 5 de noviembre, de 11 a 20, se realizar\u00e1 en las instalaciones del Nodo Tecnol\u00f3gico de La Banda la Expo Anim\u00e9 Cube Mega 2022, que reunir\u00e1 a seguidores de este g\u00e9nero de animaci\u00f3n, manga y fant\u00e1stico.<\/p>\n","protected":false},"author":2,"featured_media":46092,"comment_status":"open","ping_status":"open","sticky":false,"template":"","format":"standard","meta":{"om_disable_all_campaigns":false,"_monsterinsights_skip_tracking":false,"_monsterinsights_sitenote_active":false,"_monsterinsights_sitenote_note":"","_monsterinsights_sitenote_category":0,"_uf_show_specific_survey":0,"_uf_disable_surveys":false,"jetpack_post_was_ever_published":false,"_jetpack_newsletter_access":"","_jetpack_dont_email_post_to_subs":false,"_jetpack_newsletter_tier_id":0,"_jetpack_memberships_contains_paywalled_content":false,"_jetpack_memberships_contains_paid_content":false,"footnotes":"","jetpack_publicize_message":"","jetpack_publicize_feature_enabled":true,"jetpack_social_post_already_shared":false,"jetpack_social_options":{"image_generator_settings":{"template":"highway","default_image_id":0,"font":"","enabled":false},"version":2}},"categories":[21],"tags":[],"class_list":["post-46091","post","type-post","status-publish","format-standard","has-post-thumbnail","hentry","category-locales"],"aioseo_notices":[],"views":19,"jetpack_publicize_connections":[],"jetpack_featured_media_url":"https:\/\/i0.wp.com\/elterritorialweb.com.ar\/web\/wp-content\/uploads\/2022\/11\/anime.jpeg?fit=1237%2C716&ssl=1","jetpack_sharing_enabled":true,"_links":{"self":[{"href":"https:\/\/elterritorialweb.com.ar\/web\/wp-json\/wp\/v2\/posts\/46091","targetHints":{"allow":["GET"]}}],"collection":[{"href":"https:\/\/elterritorialweb.com.ar\/web\/wp-json\/wp\/v2\/posts"}],"about":[{"href":"https:\/\/elterritorialweb.com.ar\/web\/wp-json\/wp\/v2\/types\/post"}],"author":[{"embeddable":true,"href":"https:\/\/elterritorialweb.com.ar\/web\/wp-json\/wp\/v2\/users\/2"}],"replies":[{"embeddable":true,"href":"https:\/\/elterritorialweb.com.ar\/web\/wp-json\/wp\/v2\/comments?post=46091"}],"version-history":[{"count":2,"href":"https:\/\/elterritorialweb.com.ar\/web\/wp-json\/wp\/v2\/posts\/46091\/revisions"}],"predecessor-version":[{"id":46094,"href":"https:\/\/elterritorialweb.com.ar\/web\/wp-json\/wp\/v2\/posts\/46091\/revisions\/46094"}],"wp:featuredmedia":[{"embeddable":true,"href":"https:\/\/elterritorialweb.com.ar\/web\/wp-json\/wp\/v2\/media\/46092"}],"wp:attachment":[{"href":"https:\/\/elterritorialweb.com.ar\/web\/wp-json\/wp\/v2\/media?parent=46091"}],"wp:term":[{"taxonomy":"category","embeddable":true,"href":"https:\/\/elterritorialweb.com.ar\/web\/wp-json\/wp\/v2\/categories?post=46091"},{"taxonomy":"post_tag","embeddable":true,"href":"https:\/\/elterritorialweb.com.ar\/web\/wp-json\/wp\/v2\/tags?post=46091"}],"curies":[{"name":"wp","href":"https:\/\/api.w.org\/{rel}","templated":true}]}}