{"id":46095,"date":"2022-11-04T03:09:03","date_gmt":"2022-11-04T03:09:03","guid":{"rendered":"http:\/\/elterritorialweb.com.ar\/web\/?p=46095"},"modified":"2022-11-04T03:09:03","modified_gmt":"2022-11-04T03:09:03","slug":"la-provincia-participo-del-encuentro-panorama-productivo-federal","status":"publish","type":"post","link":"https:\/\/elterritorialweb.com.ar\/web\/la-provincia-participo-del-encuentro-panorama-productivo-federal\/","title":{"rendered":"LA PROVINCIA PARTICIP\u00d3 DEL ENCUENTRO PANORAMA PRODUCTIVO FEDERAL"},"content":{"rendered":"\n<p>El encuentro se desarroll\u00f3 en la c\u00fapula del Centro Cultural Kirchner de la ciudad de Buenos Aires, encabezado por el ministro de Econom\u00eda, Sergio Massa, junto con el secretario de Industria y Desarrollo Productivo, Jos\u00e9 Ignacio de Mendiguren, y la secretaria de Energ\u00eda, Flavia Roy\u00f3n.<\/p>\n\n\n\n<p>Particip\u00f3 casi la totalidad de representantes provinciales de las \u00e1reas industriales,&nbsp; oportunidad en la cual Llamil Abdala pudo exponer&nbsp; sobre la situaci\u00f3n del sector en Santiago del Estero y tambi\u00e9n en el \u00e1mbito regional.<\/p>\n\n\n\n<p>En este marco se pudo hacer un relevamiento pormenorizado de la situaci\u00f3n de crecimiento, empleo y nivel de actividad productiva que muestran las econom\u00edas en distintas \u00e1reas del pa\u00eds.<\/p>\n\n\n\n<p>Asimismo, fue inaugurado un esquema de trabajo conjunto para coordinar pol\u00edticas que sigan impulsando el crecimiento y cambien la matriz productiva de Argentina.<\/p>\n","protected":false},"excerpt":{"rendered":"<p>El subsecretario de Industria de la provincia, Llamil Abdala, particip\u00f3 en representaci\u00f3n del Gobierno de Santiago del Estero, del encuentro Panorama Productivo Federal, convocado por el Ministro de Econom\u00eda de la Naci\u00f3n con el objetivo de generar un espacio de contacto directo con la realidad industrial y productiva de todo el pa\u00eds.<\/p>\n","protected":false},"author":2,"featured_media":46096,"comment_status":"open","ping_status":"open","sticky":false,"template":"","format":"standard","meta":{"om_disable_all_campaigns":false,"_monsterinsights_skip_tracking":false,"_monsterinsights_sitenote_active":false,"_monsterinsights_sitenote_note":"","_monsterinsights_sitenote_category":0,"_uf_show_specific_survey":0,"_uf_disable_surveys":false,"jetpack_post_was_ever_published":false,"_jetpack_newsletter_access":"","_jetpack_dont_email_post_to_subs":false,"_jetpack_newsletter_tier_id":0,"_jetpack_memberships_contains_paywalled_content":false,"_jetpack_memberships_contains_paid_content":false,"footnotes":"","jetpack_publicize_message":"","jetpack_publicize_feature_enabled":true,"jetpack_social_post_already_shared":false,"jetpack_social_options":{"image_generator_settings":{"template":"highway","default_image_id":0,"font":"","enabled":false},"version":2}},"categories":[21],"tags":[],"class_list":["post-46095","post","type-post","status-publish","format-standard","has-post-thumbnail","hentry","category-locales"],"aioseo_notices":[],"views":11,"jetpack_publicize_connections":[],"jetpack_featured_media_url":"https:\/\/i0.wp.com\/elterritorialweb.com.ar\/web\/wp-content\/uploads\/2022\/11\/encuentro-e1667531197608.jpeg?fit=1188%2C904&ssl=1","jetpack_sharing_enabled":true,"_links":{"self":[{"href":"https:\/\/elterritorialweb.com.ar\/web\/wp-json\/wp\/v2\/posts\/46095","targetHints":{"allow":["GET"]}}],"collection":[{"href":"https:\/\/elterritorialweb.com.ar\/web\/wp-json\/wp\/v2\/posts"}],"about":[{"href":"https:\/\/elterritorialweb.com.ar\/web\/wp-json\/wp\/v2\/types\/post"}],"author":[{"embeddable":true,"href":"https:\/\/elterritorialweb.com.ar\/web\/wp-json\/wp\/v2\/users\/2"}],"replies":[{"embeddable":true,"href":"https:\/\/elterritorialweb.com.ar\/web\/wp-json\/wp\/v2\/comments?post=46095"}],"version-history":[{"count":1,"href":"https:\/\/elterritorialweb.com.ar\/web\/wp-json\/wp\/v2\/posts\/46095\/revisions"}],"predecessor-version":[{"id":46097,"href":"https:\/\/elterritorialweb.com.ar\/web\/wp-json\/wp\/v2\/posts\/46095\/revisions\/46097"}],"wp:featuredmedia":[{"embeddable":true,"href":"https:\/\/elterritorialweb.com.ar\/web\/wp-json\/wp\/v2\/media\/46096"}],"wp:attachment":[{"href":"https:\/\/elterritorialweb.com.ar\/web\/wp-json\/wp\/v2\/media?parent=46095"}],"wp:term":[{"taxonomy":"category","embeddable":true,"href":"https:\/\/elterritorialweb.com.ar\/web\/wp-json\/wp\/v2\/categories?post=46095"},{"taxonomy":"post_tag","embeddable":true,"href":"https:\/\/elterritorialweb.com.ar\/web\/wp-json\/wp\/v2\/tags?post=46095"}],"curies":[{"name":"wp","href":"https:\/\/api.w.org\/{rel}","templated":true}]}}