{"id":46098,"date":"2022-11-04T03:26:57","date_gmt":"2022-11-04T03:26:57","guid":{"rendered":"http:\/\/elterritorialweb.com.ar\/web\/?p=46098"},"modified":"2022-11-04T03:26:58","modified_gmt":"2022-11-04T03:26:58","slug":"zamora-habilito-un-centro-de-simulacion-quirurgica-infantil-en-el-cepsi","status":"publish","type":"post","link":"https:\/\/elterritorialweb.com.ar\/web\/zamora-habilito-un-centro-de-simulacion-quirurgica-infantil-en-el-cepsi\/","title":{"rendered":"ZAMORA HABILIT\u00d3 UN CENTRO DE SIMULACI\u00d3N QUIR\u00daRGICA INFANTIL EN EL CEPSI"},"content":{"rendered":"\n<p>El gobernador Gerardo Zamora dej\u00f3 habilitado este jueves en el Cepsi de ciudad Capital un Centro de Simulaci\u00f3n Quir\u00fargico Infantil, que permitir\u00e1 a los residentes de esta especialidad adquirir y mejorar sus habilidades a trav\u00e9s de la repetici\u00f3n de maniobras con cirug\u00edas video-asistidas.<\/p>\n\n\n\n<p>Tambi\u00e9n entreg\u00f3 un tom\u00f3grafo de \u00faltima generaci\u00f3n modelo AquilionLightning, \u00fanico en el Norte Argentino y uno de los tres equipos de estas caracter\u00edsticas existentes en el pa\u00eds, con un sistema que permite hacer 160 cortes de alta resoluci\u00f3n anat\u00f3mica del cuerpo, incluyendo exploraciones cerebrales, pulmonares, card\u00edacas y m\u00fasculo-esquel\u00e9ticas.<\/p>\n\n\n\n<figure class=\"wp-block-image size-large\"><a href=\"https:\/\/i0.wp.com\/elterritorialweb.com.ar\/web\/wp-content\/uploads\/2022\/11\/cepsi1.jpeg\"><img data-recalc-dims=\"1\" decoding=\"async\" width=\"640\" height=\"426\" data-src=\"https:\/\/i0.wp.com\/elterritorialweb.com.ar\/web\/wp-content\/uploads\/2022\/11\/cepsi1.jpeg?resize=640%2C426\" alt=\"\" class=\"wp-image-46100 lazyload\" data-srcset=\"https:\/\/i0.wp.com\/elterritorialweb.com.ar\/web\/wp-content\/uploads\/2022\/11\/cepsi1.jpeg?resize=1024%2C682&amp;ssl=1 1024w, https:\/\/i0.wp.com\/elterritorialweb.com.ar\/web\/wp-content\/uploads\/2022\/11\/cepsi1.jpeg?resize=300%2C200&amp;ssl=1 300w, https:\/\/i0.wp.com\/elterritorialweb.com.ar\/web\/wp-content\/uploads\/2022\/11\/cepsi1.jpeg?resize=768%2C512&amp;ssl=1 768w, https:\/\/i0.wp.com\/elterritorialweb.com.ar\/web\/wp-content\/uploads\/2022\/11\/cepsi1.jpeg?w=1280&amp;ssl=1 1280w\" data-sizes=\"(max-width: 640px) 100vw, 640px\" src=\"data:image\/svg+xml;base64,PHN2ZyB3aWR0aD0iMSIgaGVpZ2h0PSIxIiB4bWxucz0iaHR0cDovL3d3dy53My5vcmcvMjAwMC9zdmciPjwvc3ZnPg==\" style=\"--smush-placeholder-width: 640px; --smush-placeholder-aspect-ratio: 640\/426;\" \/><\/a><\/figure>\n\n\n\n<p>Acompa\u00f1aron al mandatario las ministras de Salud, Natividad Nassif, y de Justicia, Matilde O\u2019Mill, y el subsecretario de Salud Cesar Monti, quienes fueron recibidos por la directora ejecutiva del Cepsi, Liliana Romero, junto con el personal del centro pedi\u00e1trico.<\/p>\n\n\n\n<p>Luego de habilitar el Centro de Simulaci\u00f3n Quir\u00fargico Infantil, Zamora dialog\u00f3 con los especialistas, quienes comentaron sobre las ventajas de este espacio que permitir\u00e1 elevar el nivel de los profesionales mediante entrenamientos constantes.<\/p>\n\n\n\n<p>Luego se traslad\u00f3 a la Sala de Servicios de Diagn\u00f3sticos por Imagen, donde se encuentra el nuevo tom\u00f3grafo adquirido por la provincia que cuenta \u2013seg\u00fan resaltaron los m\u00e9dicos- con las m\u00e1ximas capacidades cl\u00ednicas y tecnolog\u00eda de punta, que permitir\u00e1n acelerar la toma de decisiones con diagn\u00f3sticos m\u00e1s precisos.<\/p>\n\n\n\n<figure class=\"wp-block-image size-large\"><a href=\"https:\/\/i0.wp.com\/elterritorialweb.com.ar\/web\/wp-content\/uploads\/2022\/11\/cepsi2.jpeg\"><img data-recalc-dims=\"1\" decoding=\"async\" width=\"640\" height=\"426\" data-src=\"https:\/\/i0.wp.com\/elterritorialweb.com.ar\/web\/wp-content\/uploads\/2022\/11\/cepsi2.jpeg?resize=640%2C426\" alt=\"\" class=\"wp-image-46101 lazyload\" data-srcset=\"https:\/\/i0.wp.com\/elterritorialweb.com.ar\/web\/wp-content\/uploads\/2022\/11\/cepsi2.jpeg?resize=1024%2C682&amp;ssl=1 1024w, https:\/\/i0.wp.com\/elterritorialweb.com.ar\/web\/wp-content\/uploads\/2022\/11\/cepsi2.jpeg?resize=300%2C200&amp;ssl=1 300w, https:\/\/i0.wp.com\/elterritorialweb.com.ar\/web\/wp-content\/uploads\/2022\/11\/cepsi2.jpeg?resize=768%2C512&amp;ssl=1 768w, https:\/\/i0.wp.com\/elterritorialweb.com.ar\/web\/wp-content\/uploads\/2022\/11\/cepsi2.jpeg?w=1280&amp;ssl=1 1280w\" data-sizes=\"(max-width: 640px) 100vw, 640px\" src=\"data:image\/svg+xml;base64,PHN2ZyB3aWR0aD0iMSIgaGVpZ2h0PSIxIiB4bWxucz0iaHR0cDovL3d3dy53My5vcmcvMjAwMC9zdmciPjwvc3ZnPg==\" style=\"--smush-placeholder-width: 640px; --smush-placeholder-aspect-ratio: 640\/426;\" \/><\/a><\/figure>\n\n\n\n<p>En esta oportunidad, Zamora agradeci\u00f3 en nombre de todas las familias santiague\u00f1as al personal de salud por su compromiso, vocaci\u00f3n y dedicaci\u00f3n permanente.<\/p>\n\n\n\n<p>Tambi\u00e9n destac\u00f3 que su trabajo durante la pandemia de covid permite que Santiago del Estero goce actualmente de cierta normalidad, \u201cgracias al compromiso demostrado\u201d.<\/p>\n\n\n\n<p><\/p>\n","protected":false},"excerpt":{"rendered":"<p>El mandatario provincial, tambien entreg\u00f3 un tom\u00f3grafo de \u00faltima generaci\u00f3n.<\/p>\n","protected":false},"author":2,"featured_media":46100,"comment_status":"open","ping_status":"open","sticky":false,"template":"","format":"standard","meta":{"om_disable_all_campaigns":false,"_monsterinsights_skip_tracking":false,"_monsterinsights_sitenote_active":false,"_monsterinsights_sitenote_note":"","_monsterinsights_sitenote_category":0,"_uf_show_specific_survey":0,"_uf_disable_surveys":false,"jetpack_post_was_ever_published":false,"_jetpack_newsletter_access":"","_jetpack_dont_email_post_to_subs":false,"_jetpack_newsletter_tier_id":0,"_jetpack_memberships_contains_paywalled_content":false,"_jetpack_memberships_contains_paid_content":false,"footnotes":"","jetpack_publicize_message":"","jetpack_publicize_feature_enabled":true,"jetpack_social_post_already_shared":false,"jetpack_social_options":{"image_generator_settings":{"template":"highway","default_image_id":0,"font":"","enabled":false},"version":2}},"categories":[21],"tags":[],"class_list":["post-46098","post","type-post","status-publish","format-standard","has-post-thumbnail","hentry","category-locales"],"aioseo_notices":[],"views":9,"jetpack_publicize_connections":[],"jetpack_featured_media_url":"https:\/\/i0.wp.com\/elterritorialweb.com.ar\/web\/wp-content\/uploads\/2022\/11\/cepsi1.jpeg?fit=1280%2C853&ssl=1","jetpack_sharing_enabled":true,"_links":{"self":[{"href":"https:\/\/elterritorialweb.com.ar\/web\/wp-json\/wp\/v2\/posts\/46098","targetHints":{"allow":["GET"]}}],"collection":[{"href":"https:\/\/elterritorialweb.com.ar\/web\/wp-json\/wp\/v2\/posts"}],"about":[{"href":"https:\/\/elterritorialweb.com.ar\/web\/wp-json\/wp\/v2\/types\/post"}],"author":[{"embeddable":true,"href":"https:\/\/elterritorialweb.com.ar\/web\/wp-json\/wp\/v2\/users\/2"}],"replies":[{"embeddable":true,"href":"https:\/\/elterritorialweb.com.ar\/web\/wp-json\/wp\/v2\/comments?post=46098"}],"version-history":[{"count":1,"href":"https:\/\/elterritorialweb.com.ar\/web\/wp-json\/wp\/v2\/posts\/46098\/revisions"}],"predecessor-version":[{"id":46102,"href":"https:\/\/elterritorialweb.com.ar\/web\/wp-json\/wp\/v2\/posts\/46098\/revisions\/46102"}],"wp:featuredmedia":[{"embeddable":true,"href":"https:\/\/elterritorialweb.com.ar\/web\/wp-json\/wp\/v2\/media\/46100"}],"wp:attachment":[{"href":"https:\/\/elterritorialweb.com.ar\/web\/wp-json\/wp\/v2\/media?parent=46098"}],"wp:term":[{"taxonomy":"category","embeddable":true,"href":"https:\/\/elterritorialweb.com.ar\/web\/wp-json\/wp\/v2\/categories?post=46098"},{"taxonomy":"post_tag","embeddable":true,"href":"https:\/\/elterritorialweb.com.ar\/web\/wp-json\/wp\/v2\/tags?post=46098"}],"curies":[{"name":"wp","href":"https:\/\/api.w.org\/{rel}","templated":true}]}}