{"id":46104,"date":"2022-11-05T05:28:20","date_gmt":"2022-11-05T05:28:20","guid":{"rendered":"http:\/\/elterritorialweb.com.ar\/web\/?p=46104"},"modified":"2022-11-05T05:28:21","modified_gmt":"2022-11-05T05:28:21","slug":"convenio-entre-la-unse-y-la-industria-de-la-madera","status":"publish","type":"post","link":"https:\/\/elterritorialweb.com.ar\/web\/convenio-entre-la-unse-y-la-industria-de-la-madera\/","title":{"rendered":"CONVENIO ENTRE LA UNSE Y LA INDUSTRIA DE LA MADERA"},"content":{"rendered":"\n<p>Ayer, el rector H\u00e9ctor Paz firm\u00f3 un convenio de cooperaci\u00f3n con el presidente de la C\u00e1mara de la Industria Maderera de Santiago del Estero, Gustavo Diambra.<br>Estuvieron presentes la secretaria general de la UNSE, Liliana Bell\u00e9s, y el secretario de la C\u00e1mara, Santiago Herrera Cano.<br>El rector celebr\u00f3 este v\u00ednculo que se fortalece y subray\u00f3 \u00abla pertinencia de la Universidad en el conocimiento, el desarrollo y la tecnolog\u00eda de la madera, primero con una carrera que fue pionera en la provincia como es la Ingenier\u00eda Forestal y 64 a\u00f1os de una Facultad que ha caminado con grandes avances como lo es el Centro Tecnol\u00f3gico de la Madera\u00bb (Cetemad).<br>El Cetemad, organismo de la Facultad de Ciencias Forestales, fue creado con el objetivo de ayudar en la competitividad de las industrias de la madera.<br>\u201cEstas capacidades -dijo el Rector- han vinculado a la UNSE con la C\u00e1mara en un trabajo articulado con las peque\u00f1as y medianas empresas.<\/p>\n","protected":false},"excerpt":{"rendered":"<p>La Universidad Nacional de Santiago del Estero avanza en la articulaci\u00f3n y trabajo colaborativo con la industria maderera local.<\/p>\n","protected":false},"author":2,"featured_media":46105,"comment_status":"open","ping_status":"open","sticky":false,"template":"","format":"standard","meta":{"om_disable_all_campaigns":false,"_monsterinsights_skip_tracking":false,"_monsterinsights_sitenote_active":false,"_monsterinsights_sitenote_note":"","_monsterinsights_sitenote_category":0,"_uf_show_specific_survey":0,"_uf_disable_surveys":false,"jetpack_post_was_ever_published":false,"_jetpack_newsletter_access":"","_jetpack_dont_email_post_to_subs":false,"_jetpack_newsletter_tier_id":0,"_jetpack_memberships_contains_paywalled_content":false,"_jetpack_memberships_contains_paid_content":false,"footnotes":"","jetpack_publicize_message":"","jetpack_publicize_feature_enabled":true,"jetpack_social_post_already_shared":false,"jetpack_social_options":{"image_generator_settings":{"template":"highway","default_image_id":0,"font":"","enabled":false},"version":2}},"categories":[19],"tags":[],"class_list":["post-46104","post","type-post","status-publish","format-standard","has-post-thumbnail","hentry","category-educacion"],"aioseo_notices":[],"views":14,"jetpack_publicize_connections":[],"jetpack_featured_media_url":"https:\/\/i0.wp.com\/elterritorialweb.com.ar\/web\/wp-content\/uploads\/2022\/11\/IMG-20221105-WA0027.jpg?fit=1280%2C670&ssl=1","jetpack_sharing_enabled":true,"_links":{"self":[{"href":"https:\/\/elterritorialweb.com.ar\/web\/wp-json\/wp\/v2\/posts\/46104","targetHints":{"allow":["GET"]}}],"collection":[{"href":"https:\/\/elterritorialweb.com.ar\/web\/wp-json\/wp\/v2\/posts"}],"about":[{"href":"https:\/\/elterritorialweb.com.ar\/web\/wp-json\/wp\/v2\/types\/post"}],"author":[{"embeddable":true,"href":"https:\/\/elterritorialweb.com.ar\/web\/wp-json\/wp\/v2\/users\/2"}],"replies":[{"embeddable":true,"href":"https:\/\/elterritorialweb.com.ar\/web\/wp-json\/wp\/v2\/comments?post=46104"}],"version-history":[{"count":1,"href":"https:\/\/elterritorialweb.com.ar\/web\/wp-json\/wp\/v2\/posts\/46104\/revisions"}],"predecessor-version":[{"id":46106,"href":"https:\/\/elterritorialweb.com.ar\/web\/wp-json\/wp\/v2\/posts\/46104\/revisions\/46106"}],"wp:featuredmedia":[{"embeddable":true,"href":"https:\/\/elterritorialweb.com.ar\/web\/wp-json\/wp\/v2\/media\/46105"}],"wp:attachment":[{"href":"https:\/\/elterritorialweb.com.ar\/web\/wp-json\/wp\/v2\/media?parent=46104"}],"wp:term":[{"taxonomy":"category","embeddable":true,"href":"https:\/\/elterritorialweb.com.ar\/web\/wp-json\/wp\/v2\/categories?post=46104"},{"taxonomy":"post_tag","embeddable":true,"href":"https:\/\/elterritorialweb.com.ar\/web\/wp-json\/wp\/v2\/tags?post=46104"}],"curies":[{"name":"wp","href":"https:\/\/api.w.org\/{rel}","templated":true}]}}