{"id":46120,"date":"2022-11-06T18:49:48","date_gmt":"2022-11-06T18:49:48","guid":{"rendered":"http:\/\/elterritorialweb.com.ar\/web\/?p=46120"},"modified":"2022-11-06T18:49:49","modified_gmt":"2022-11-06T18:49:49","slug":"nediani-superviso-la-etapa-final-de-pavimentacion-de-la-calle-elordi","status":"publish","type":"post","link":"https:\/\/elterritorialweb.com.ar\/web\/nediani-superviso-la-etapa-final-de-pavimentacion-de-la-calle-elordi\/","title":{"rendered":"NEDIANI SUPERVIS\u00d3 LA ETAPA FINAL DE PAVIMENTACI\u00d3N DE LA CALLE ELORDI"},"content":{"rendered":"\n<p>En este sentido, el mandatario junto al secretario de Obras P\u00fablicas Planificaci\u00f3n y Desarrollo Urbano, Cristian Alzamora, visitaron la etapa final de la pavimentaci\u00f3n que se est\u00e1 realizando sobre calle Manuel Elordi y calles adyacentes.<br>Asimismo, Nediani expres\u00f3 \u201cLa pavimentaci\u00f3n de la calle Elordi fue un compromiso que hicimos en la campa\u00f1a y estamos cumpliendo como corresponde. Estas son oportunidades que tenemos con los vecinos, la de vernos, escucharnos y seguir buscando soluciones a todas las necesidades que nos plantean\u201d.<br>\u201cSe trabaj\u00f3 tambi\u00e9n en las calles que intersectan a la mencionada, las cuales fueron trabajadas de manera simult\u00e1nea con la reparaci\u00f3n de bacheo, nivelado, cord\u00f3n cuneta y asfalto, las cuales est\u00e1n siendo complementadas con la reconversi\u00f3n lum\u00ednica\u201d.<\/p>\n\n\n\n<figure class=\"wp-block-image size-large\"><a href=\"https:\/\/i0.wp.com\/elterritorialweb.com.ar\/web\/wp-content\/uploads\/2022\/11\/WhatsApp-Image-2022-11-05-at-14.57.09-1.jpeg\"><img data-recalc-dims=\"1\" decoding=\"async\" width=\"640\" height=\"423\" data-src=\"https:\/\/i0.wp.com\/elterritorialweb.com.ar\/web\/wp-content\/uploads\/2022\/11\/WhatsApp-Image-2022-11-05-at-14.57.09-1.jpeg?resize=640%2C423\" alt=\"\" class=\"wp-image-46121 lazyload\" data-srcset=\"https:\/\/i0.wp.com\/elterritorialweb.com.ar\/web\/wp-content\/uploads\/2022\/11\/WhatsApp-Image-2022-11-05-at-14.57.09-1.jpeg?resize=1024%2C677&amp;ssl=1 1024w, https:\/\/i0.wp.com\/elterritorialweb.com.ar\/web\/wp-content\/uploads\/2022\/11\/WhatsApp-Image-2022-11-05-at-14.57.09-1.jpeg?resize=300%2C198&amp;ssl=1 300w, https:\/\/i0.wp.com\/elterritorialweb.com.ar\/web\/wp-content\/uploads\/2022\/11\/WhatsApp-Image-2022-11-05-at-14.57.09-1.jpeg?resize=768%2C508&amp;ssl=1 768w, https:\/\/i0.wp.com\/elterritorialweb.com.ar\/web\/wp-content\/uploads\/2022\/11\/WhatsApp-Image-2022-11-05-at-14.57.09-1.jpeg?w=1380&amp;ssl=1 1380w, https:\/\/i0.wp.com\/elterritorialweb.com.ar\/web\/wp-content\/uploads\/2022\/11\/WhatsApp-Image-2022-11-05-at-14.57.09-1.jpeg?w=1280 1280w\" data-sizes=\"(max-width: 640px) 100vw, 640px\" src=\"data:image\/svg+xml;base64,PHN2ZyB3aWR0aD0iMSIgaGVpZ2h0PSIxIiB4bWxucz0iaHR0cDovL3d3dy53My5vcmcvMjAwMC9zdmciPjwvc3ZnPg==\" style=\"--smush-placeholder-width: 640px; --smush-placeholder-aspect-ratio: 640\/423;\" \/><\/a><\/figure>\n\n\n\n<p>\u201cEstamos convencidos de que trabajando con este v\u00ednculo cercano con todos los bande\u00f1os vamos a seguir haciendo cosas muy importantes para nuestra querida ciudad. Es muy gratificante venir a los barrios y encontrar rostros de felicidad y satisfacci\u00f3n en los vecinos cuando estamos realizando una obra o mejorando un servicio\u201d.<br>\u201cAgradezco a los vecinos de la zona por la colaboraci\u00f3n con el personal obrero, as\u00ed mismo insto a todos los bande\u00f1os que circulen con precauci\u00f3n, las obras que se encuentran en ejecuci\u00f3n en diferentes puntos de la ciudad cuentan con la presencia de maquinaria que tienen de alguna manera cierta peligrosidad, respetar las indicaciones y se\u00f1alizaciones de tr\u00e1nsito, para evitar inconvenientes en cuanto a la integridad f\u00edsica, y por otro lado para que la obra pueda finalizar de manera correcta\u201d, concluy\u00f3 Nediani.<\/p>\n","protected":false},"excerpt":{"rendered":"<p>El intendente de la ciudad de La Banda, Roger Nediani recorri\u00f3 las obras de pavimentaci\u00f3n y mejoramiento integral de calles que se est\u00e1n ejecutando en diferentes sectores de la ciudad con el objetivo de mejorar la transitabilidad y las condiciones de vida de los vecinos.<\/p>\n","protected":false},"author":2,"featured_media":46122,"comment_status":"open","ping_status":"open","sticky":false,"template":"","format":"standard","meta":{"om_disable_all_campaigns":false,"_monsterinsights_skip_tracking":false,"_monsterinsights_sitenote_active":false,"_monsterinsights_sitenote_note":"","_monsterinsights_sitenote_category":0,"_uf_show_specific_survey":0,"_uf_disable_surveys":false,"jetpack_post_was_ever_published":false,"_jetpack_newsletter_access":"","_jetpack_dont_email_post_to_subs":false,"_jetpack_newsletter_tier_id":0,"_jetpack_memberships_contains_paywalled_content":false,"_jetpack_memberships_contains_paid_content":false,"footnotes":"","jetpack_publicize_message":"","jetpack_publicize_feature_enabled":true,"jetpack_social_post_already_shared":false,"jetpack_social_options":{"image_generator_settings":{"template":"highway","default_image_id":0,"font":"","enabled":false},"version":2}},"categories":[21],"tags":[],"class_list":["post-46120","post","type-post","status-publish","format-standard","has-post-thumbnail","hentry","category-locales"],"aioseo_notices":[],"views":8,"jetpack_publicize_connections":[],"jetpack_featured_media_url":"https:\/\/i0.wp.com\/elterritorialweb.com.ar\/web\/wp-content\/uploads\/2022\/11\/WhatsApp-Image-2022-11-05-at-14.57.09.jpeg?fit=1380%2C912&ssl=1","jetpack_sharing_enabled":true,"_links":{"self":[{"href":"https:\/\/elterritorialweb.com.ar\/web\/wp-json\/wp\/v2\/posts\/46120","targetHints":{"allow":["GET"]}}],"collection":[{"href":"https:\/\/elterritorialweb.com.ar\/web\/wp-json\/wp\/v2\/posts"}],"about":[{"href":"https:\/\/elterritorialweb.com.ar\/web\/wp-json\/wp\/v2\/types\/post"}],"author":[{"embeddable":true,"href":"https:\/\/elterritorialweb.com.ar\/web\/wp-json\/wp\/v2\/users\/2"}],"replies":[{"embeddable":true,"href":"https:\/\/elterritorialweb.com.ar\/web\/wp-json\/wp\/v2\/comments?post=46120"}],"version-history":[{"count":1,"href":"https:\/\/elterritorialweb.com.ar\/web\/wp-json\/wp\/v2\/posts\/46120\/revisions"}],"predecessor-version":[{"id":46123,"href":"https:\/\/elterritorialweb.com.ar\/web\/wp-json\/wp\/v2\/posts\/46120\/revisions\/46123"}],"wp:featuredmedia":[{"embeddable":true,"href":"https:\/\/elterritorialweb.com.ar\/web\/wp-json\/wp\/v2\/media\/46122"}],"wp:attachment":[{"href":"https:\/\/elterritorialweb.com.ar\/web\/wp-json\/wp\/v2\/media?parent=46120"}],"wp:term":[{"taxonomy":"category","embeddable":true,"href":"https:\/\/elterritorialweb.com.ar\/web\/wp-json\/wp\/v2\/categories?post=46120"},{"taxonomy":"post_tag","embeddable":true,"href":"https:\/\/elterritorialweb.com.ar\/web\/wp-json\/wp\/v2\/tags?post=46120"}],"curies":[{"name":"wp","href":"https:\/\/api.w.org\/{rel}","templated":true}]}}