{"id":46124,"date":"2022-11-06T19:07:24","date_gmt":"2022-11-06T19:07:24","guid":{"rendered":"http:\/\/elterritorialweb.com.ar\/web\/?p=46124"},"modified":"2022-11-06T19:07:25","modified_gmt":"2022-11-06T19:07:25","slug":"entregan-turnos-para-castraciones-a-bajo-costos-para-perros-y-gatos-mestizos","status":"publish","type":"post","link":"https:\/\/elterritorialweb.com.ar\/web\/entregan-turnos-para-castraciones-a-bajo-costos-para-perros-y-gatos-mestizos\/","title":{"rendered":"ENTREGAN TURNOS PARA CASTRACIONES A BAJO COSTOS PARA PERROS Y GATOS MESTIZOS"},"content":{"rendered":"\n<p>Desde la instituci\u00f3n situada en calle 7 y Canal del barrio Constituci\u00f3n (San Fernando)\u00a0 se\u00f1alaron que los turnos se entregan por orden de llegada y tienen un cupo limitado.<br>Cabe destacar,\u00a0 que las castraciones estar\u00e1n a cargo del m\u00e9dico veterinario Sebasti\u00e1n Orte, quien destac\u00f3 la importancia de la esterilizaci\u00f3n de las mascotas, ya que preocupa la cantidad de perros y gatos que son abandonados en la v\u00eda p\u00fablica donde sufren hambre, enfermedades y maltrato.<br>Con esta acci\u00f3n, el municipio reafirma una vez m\u00e1s su compromiso en promover pol\u00edticas p\u00fablicas para controlar la poblaci\u00f3n de perros y gatos abandonados en las calles y generar conciencia sobre la tenencia responsable de mascotas.<\/p>\n","protected":false},"excerpt":{"rendered":"<p>El Centro de Sanidad Animal dependiente de la Secretaria de Desarrollo Humano de la Municipalidad de La Banda informa que el lunes 7 a partir de las 8, se entregar\u00e1n turnos para castraciones a bajo costo de perros y gatos mestizos.<\/p>\n","protected":false},"author":2,"featured_media":46125,"comment_status":"open","ping_status":"open","sticky":false,"template":"","format":"standard","meta":{"om_disable_all_campaigns":false,"_monsterinsights_skip_tracking":false,"_monsterinsights_sitenote_active":false,"_monsterinsights_sitenote_note":"","_monsterinsights_sitenote_category":0,"_uf_show_specific_survey":0,"_uf_disable_surveys":false,"jetpack_post_was_ever_published":false,"_jetpack_newsletter_access":"","_jetpack_dont_email_post_to_subs":false,"_jetpack_newsletter_tier_id":0,"_jetpack_memberships_contains_paywalled_content":false,"_jetpack_memberships_contains_paid_content":false,"footnotes":"","jetpack_publicize_message":"","jetpack_publicize_feature_enabled":true,"jetpack_social_post_already_shared":false,"jetpack_social_options":{"image_generator_settings":{"template":"highway","default_image_id":0,"font":"","enabled":false},"version":2}},"categories":[21],"tags":[],"class_list":["post-46124","post","type-post","status-publish","format-standard","has-post-thumbnail","hentry","category-locales"],"aioseo_notices":[],"views":13,"jetpack_publicize_connections":[],"jetpack_featured_media_url":"https:\/\/i0.wp.com\/elterritorialweb.com.ar\/web\/wp-content\/uploads\/2022\/11\/WhatsApp-Image-2022-11-05-at-14.57.10.jpeg?fit=1032%2C502&ssl=1","jetpack_sharing_enabled":true,"_links":{"self":[{"href":"https:\/\/elterritorialweb.com.ar\/web\/wp-json\/wp\/v2\/posts\/46124","targetHints":{"allow":["GET"]}}],"collection":[{"href":"https:\/\/elterritorialweb.com.ar\/web\/wp-json\/wp\/v2\/posts"}],"about":[{"href":"https:\/\/elterritorialweb.com.ar\/web\/wp-json\/wp\/v2\/types\/post"}],"author":[{"embeddable":true,"href":"https:\/\/elterritorialweb.com.ar\/web\/wp-json\/wp\/v2\/users\/2"}],"replies":[{"embeddable":true,"href":"https:\/\/elterritorialweb.com.ar\/web\/wp-json\/wp\/v2\/comments?post=46124"}],"version-history":[{"count":1,"href":"https:\/\/elterritorialweb.com.ar\/web\/wp-json\/wp\/v2\/posts\/46124\/revisions"}],"predecessor-version":[{"id":46126,"href":"https:\/\/elterritorialweb.com.ar\/web\/wp-json\/wp\/v2\/posts\/46124\/revisions\/46126"}],"wp:featuredmedia":[{"embeddable":true,"href":"https:\/\/elterritorialweb.com.ar\/web\/wp-json\/wp\/v2\/media\/46125"}],"wp:attachment":[{"href":"https:\/\/elterritorialweb.com.ar\/web\/wp-json\/wp\/v2\/media?parent=46124"}],"wp:term":[{"taxonomy":"category","embeddable":true,"href":"https:\/\/elterritorialweb.com.ar\/web\/wp-json\/wp\/v2\/categories?post=46124"},{"taxonomy":"post_tag","embeddable":true,"href":"https:\/\/elterritorialweb.com.ar\/web\/wp-json\/wp\/v2\/tags?post=46124"}],"curies":[{"name":"wp","href":"https:\/\/api.w.org\/{rel}","templated":true}]}}