{"id":46127,"date":"2022-11-06T19:39:53","date_gmt":"2022-11-06T19:39:53","guid":{"rendered":"http:\/\/elterritorialweb.com.ar\/web\/?p=46127"},"modified":"2022-11-06T19:39:54","modified_gmt":"2022-11-06T19:39:54","slug":"alberto-fernandez-unidad-en-la-diversidad-para-enfrentar-a-la-adversidad","status":"publish","type":"post","link":"https:\/\/elterritorialweb.com.ar\/web\/alberto-fernandez-unidad-en-la-diversidad-para-enfrentar-a-la-adversidad\/","title":{"rendered":"ALBERTO FERN\u00c1NDEZ: \u00abUNIDAD EN LA DIVERSIDAD PARA ENFRENTAR A LA ADVERSIDAD\u00bb"},"content":{"rendered":"\n<p>\u201cNosotros somos representantes de los que no tienen voz, y si la pol\u00edtica es un juego de representaci\u00f3n de intereses, nosotros representamos a los despose\u00eddos, a los descamisados de Evita. Si seguimos creyendo en todo eso no tenemos ninguna otra alternativa que unirnos indisolublemente\u201d, afirm\u00f3 el jefe de Estado, acompa\u00f1ado por el interventor de la Agencia Federal de Inteligencia, Agust\u00edn Rossi.<\/p>\n\n\n\n<p>En ese sentido el Presidente, agreg\u00f3: \u201cSi existen diferencias, saldemos las diferencias. Unidad en la diversidad para enfrentar a la adversidad. La adversidad se llama derecha. No est\u00e1 entre nosotros, est\u00e1 enfrente y nos sigue amenazando todos los d\u00edas. Un d\u00eda le ponen la pistola en la cabeza a Cristina y otro d\u00eda se la ponen al pueblo argentino\u201d.<\/p>\n\n\n\n<p>\u201cDebemos fortalecernos como regi\u00f3n para poder potenciar el crecimiento de todos nuestros hermanos latinoamericanos y para tratar de llevar la justicia social que hoy no existe en Am\u00e9rica Latina\u201d, concluy\u00f3 el mandatario.<\/p>\n\n\n\n<p>Por su parte, Evo Morales agradeci\u00f3 la invitaci\u00f3n y record\u00f3 que \u201cen la d\u00e9cada del &#8217;80 y el &#8217;90, un grupo de j\u00f3venes campesinos ind\u00edgenas debatimos qui\u00e9nes somos los quechuas y aymaras, los pueblos ind\u00edgenas. Y dijimos: los ind\u00edgenas somos originarios y milenarios, y los que llegaron de Europa tambi\u00e9n son originarios, pero contempor\u00e1neos, y nos planteamos no poder excluirnos. Ah\u00ed viene la plurinacionalidad\u201d, reafirm\u00f3 el dirigente boliviano.<\/p>\n\n\n\n<p>\u201cGracias a la unidad de los distintos sectores sociales garantizamos la refundaci\u00f3n pol\u00edtica y ah\u00ed dejamos el Estado colonial para tener un Estado plurinacional en Bolivia, dijo el ex mandatario al recordar el proceso de su presidencia, y se\u00f1al\u00f3 \u201cque defender el territorio es defender los recursos naturales\u201d.<\/p>\n\n\n\n<p>Con respecto al aniversario que se cumple ma\u00f1ana del No al ALCA, el ex mandatario reivindic\u00f3 la \u201clucha democr\u00e1tica y resalt\u00f3 la importancia de \u201cfortalecer los mecanismos de integraci\u00f3n y de liberaci\u00f3n de los pueblos\u201d. Y reafirm\u00f3 que los procesos que \u201cestamos viviendo son una vuelta a esos tiempos de N\u00e9stor, Ch\u00e1vez y Fidel. Y creo que ahora tenemos la decisi\u00f3n de c\u00f3mo hacer renacer la UNASUR y fortalecer e institucionalizar la CELAC\u201d.<\/p>\n\n\n\n<figure class=\"wp-block-image size-large\"><a href=\"https:\/\/i0.wp.com\/elterritorialweb.com.ar\/web\/wp-content\/uploads\/2022\/11\/santafe3.jpg\"><img data-recalc-dims=\"1\" decoding=\"async\" width=\"640\" height=\"426\" data-src=\"https:\/\/i0.wp.com\/elterritorialweb.com.ar\/web\/wp-content\/uploads\/2022\/11\/santafe3.jpg?resize=640%2C426\" alt=\"\" class=\"wp-image-46128 lazyload\" data-srcset=\"https:\/\/i0.wp.com\/elterritorialweb.com.ar\/web\/wp-content\/uploads\/2022\/11\/santafe3.jpg?resize=1024%2C682&amp;ssl=1 1024w, https:\/\/i0.wp.com\/elterritorialweb.com.ar\/web\/wp-content\/uploads\/2022\/11\/santafe3.jpg?resize=300%2C200&amp;ssl=1 300w, https:\/\/i0.wp.com\/elterritorialweb.com.ar\/web\/wp-content\/uploads\/2022\/11\/santafe3.jpg?resize=768%2C512&amp;ssl=1 768w, https:\/\/i0.wp.com\/elterritorialweb.com.ar\/web\/wp-content\/uploads\/2022\/11\/santafe3.jpg?resize=1536%2C1024&amp;ssl=1 1536w, https:\/\/i0.wp.com\/elterritorialweb.com.ar\/web\/wp-content\/uploads\/2022\/11\/santafe3.jpg?w=1940&amp;ssl=1 1940w, https:\/\/i0.wp.com\/elterritorialweb.com.ar\/web\/wp-content\/uploads\/2022\/11\/santafe3.jpg?w=1280 1280w\" data-sizes=\"(max-width: 640px) 100vw, 640px\" src=\"data:image\/svg+xml;base64,PHN2ZyB3aWR0aD0iMSIgaGVpZ2h0PSIxIiB4bWxucz0iaHR0cDovL3d3dy53My5vcmcvMjAwMC9zdmciPjwvc3ZnPg==\" style=\"--smush-placeholder-width: 640px; --smush-placeholder-aspect-ratio: 640\/426;\" \/><\/a><\/figure>\n\n\n\n<p>Por su parte, Busatto asegur\u00f3: \u201cNosotros creemos en la cultura como un hecho pol\u00edtico, como la reivindicaci\u00f3n de un hecho identitario que le da sentido a la pol\u00edtica y a cada una de nuestras acciones. Por eso apostamos a la cultura para que, en estos tiempos en los que la pol\u00edtica necesita reconciliarse con gran parte de la sociedad y seguir siendo una herramienta para generar esperanza y futuro, nos pueda volver a unir para tener una Patria justa, libre y soberana\u201d.<\/p>\n\n\n\n<p>Tambi\u00e9n estuvieron presentes el ex diputado chileno Marco Enr\u00edquez-Ominami, la ministra de Desarrollo Social, Victoria Tolosa Paz, la portavoz de la Presidencia, Gabriela Cerruti y de la provincia de Santa Fe la ministra de Gobierno, Justicia y Derechos Humanos, Celia Arena y el ministro de Gesti\u00f3n P\u00fablica, Marco Corach.<\/p>\n\n\n\n<p>Previamente el Presidente mantuvo un encuentro con el intendente local, Emilio Jat\u00f3n en la Municipalidad, a la que luego se sumaron el diputado nacional del Frente de Todos, Germ\u00e1n Mart\u00ednez, y la vicegobernadora de Santa Fe, Alejandra Rodenas.<\/p>\n\n\n\n<p>La 5\u00b0 Feria del Libro Nacional y Popular, que se realiza en la sede de la Federaci\u00f3n de Sindicatos de Trabajadores Municipales (FESTRAM) en la ciudad de Santa Fe, comenz\u00f3 ayer y se extender\u00e1 hasta el domingo 6 de noviembre.<\/p>\n","protected":false},"excerpt":{"rendered":"<p>El presidente Alberto Fern\u00e1ndez particip\u00f3 de una charla con el ex mandatario de Bolivia, Evo Morales, titulada \u201cLa regi\u00f3n de las venas abiertas\u201d a 17 a\u00f1os del No al ALCA, organizada por el jefe del bloque del Partido Justicialista en la C\u00e1mara de Diputados de Santa Fe, Leandro Busatto, en el marco de la 5\u00b0 Feria del Libro Nacional y Popular en la capital provincial.<\/p>\n","protected":false},"author":2,"featured_media":46129,"comment_status":"open","ping_status":"open","sticky":false,"template":"","format":"standard","meta":{"om_disable_all_campaigns":false,"_monsterinsights_skip_tracking":false,"_monsterinsights_sitenote_active":false,"_monsterinsights_sitenote_note":"","_monsterinsights_sitenote_category":0,"_uf_show_specific_survey":0,"_uf_disable_surveys":false,"jetpack_post_was_ever_published":false,"_jetpack_newsletter_access":"","_jetpack_dont_email_post_to_subs":false,"_jetpack_newsletter_tier_id":0,"_jetpack_memberships_contains_paywalled_content":false,"_jetpack_memberships_contains_paid_content":false,"footnotes":"","jetpack_publicize_message":"","jetpack_publicize_feature_enabled":true,"jetpack_social_post_already_shared":false,"jetpack_social_options":{"image_generator_settings":{"template":"highway","default_image_id":0,"font":"","enabled":false},"version":2}},"categories":[18],"tags":[],"class_list":["post-46127","post","type-post","status-publish","format-standard","has-post-thumbnail","hentry","category-politica"],"aioseo_notices":[],"views":6,"jetpack_publicize_connections":[],"jetpack_featured_media_url":"https:\/\/i0.wp.com\/elterritorialweb.com.ar\/web\/wp-content\/uploads\/2022\/11\/santafe6.jpg?fit=1940%2C1293&ssl=1","jetpack_sharing_enabled":true,"_links":{"self":[{"href":"https:\/\/elterritorialweb.com.ar\/web\/wp-json\/wp\/v2\/posts\/46127","targetHints":{"allow":["GET"]}}],"collection":[{"href":"https:\/\/elterritorialweb.com.ar\/web\/wp-json\/wp\/v2\/posts"}],"about":[{"href":"https:\/\/elterritorialweb.com.ar\/web\/wp-json\/wp\/v2\/types\/post"}],"author":[{"embeddable":true,"href":"https:\/\/elterritorialweb.com.ar\/web\/wp-json\/wp\/v2\/users\/2"}],"replies":[{"embeddable":true,"href":"https:\/\/elterritorialweb.com.ar\/web\/wp-json\/wp\/v2\/comments?post=46127"}],"version-history":[{"count":1,"href":"https:\/\/elterritorialweb.com.ar\/web\/wp-json\/wp\/v2\/posts\/46127\/revisions"}],"predecessor-version":[{"id":46130,"href":"https:\/\/elterritorialweb.com.ar\/web\/wp-json\/wp\/v2\/posts\/46127\/revisions\/46130"}],"wp:featuredmedia":[{"embeddable":true,"href":"https:\/\/elterritorialweb.com.ar\/web\/wp-json\/wp\/v2\/media\/46129"}],"wp:attachment":[{"href":"https:\/\/elterritorialweb.com.ar\/web\/wp-json\/wp\/v2\/media?parent=46127"}],"wp:term":[{"taxonomy":"category","embeddable":true,"href":"https:\/\/elterritorialweb.com.ar\/web\/wp-json\/wp\/v2\/categories?post=46127"},{"taxonomy":"post_tag","embeddable":true,"href":"https:\/\/elterritorialweb.com.ar\/web\/wp-json\/wp\/v2\/tags?post=46127"}],"curies":[{"name":"wp","href":"https:\/\/api.w.org\/{rel}","templated":true}]}}